{"id":25908,"date":"2025-08-04T00:09:25","date_gmt":"2025-08-04T03:09:25","guid":{"rendered":"https:\/\/www.jornaldaconstrucaocivil.com.br\/?p=25908"},"modified":"2025-08-04T00:09:25","modified_gmt":"2025-08-04T03:09:25","slug":"radar-da-amazonia-apos-recomendacao-do-mpf-agu-propoe-ao-conama-cadastro-nacional-de-escavadeiras-para-conter-garimpo-ilegal","status":"publish","type":"post","link":"https:\/\/construcaocivil.siriusmarketingedesign.com.br\/?p=25908","title":{"rendered":"Radar da Amaz\u00f4nia: Ap\u00f3s recomenda\u00e7\u00e3o do MPF, AGU prop\u00f5e ao Conama cadastro nacional de escavadeiras para conter garimpo ilegal"},"content":{"rendered":"<p class=\"descricao\" style=\"text-align: justify;\"><em><strong>Alinhada \u00e0s medidas recomendadas pelo MPF, proposta visa aprimorar a fiscaliza\u00e7\u00e3o sobre o maquin\u00e1rio que alimenta a atividade criminosa<\/strong><\/em><\/p>\n<div>\n<p style=\"text-align: justify;\">Agosto, 2025 &#8211; Ap\u00f3s recomenda\u00e7\u00e3o do Minist\u00e9rio P\u00fablico Federal (MPF), a Advocacia-Geral da Uni\u00e3o (AGU) encaminhou ao Conselho Nacional do Meio Ambiente (Conama) uma proposta de resolu\u00e7\u00e3o para criar um cadastro nacional de informa\u00e7\u00f5es sobre o dom\u00ednio e a posse de escavadeiras hidr\u00e1ulicas. A medida busca frear o avan\u00e7o do garimpo ilegal, especialmente em terras ind\u00edgenas.<\/p>\n<p style=\"text-align: justify;\">Enviada em mar\u00e7o ao Minist\u00e9rio do Meio Ambiente e Mudan\u00e7a do Clima (MMA), a recomenda\u00e7\u00e3o do MPF apontou a necessidade da cria\u00e7\u00e3o de um cadastro t\u00e9cnico federal que permita o registro, o controle e a fiscaliza\u00e7\u00e3o do com\u00e9rcio e uso do maquin\u00e1rio empregado em atividades de garimpo.<\/p>\n<p style=\"text-align: justify;\">De acordo com o MPF, o cadastro permitiria a atua\u00e7\u00e3o dos \u00f3rg\u00e3os ambientais sobre a log\u00edstica que alimenta o garimpo ilegal, avaliando a quantidade e o porte dos equipamentos usados e apurando o potencial do dano a ser produzido, al\u00e9m da responsabiliza\u00e7\u00e3o dos envolvidos.<\/p>\n<p style=\"text-align: justify;\"><b>Proposta ao Conama\u00a0<\/b>\u2013 A proposta da AGU, formulada pela Procuradoria-Nacional de Defesa do Clima e do Meio Ambiente (Pronaclima) e enviada ao Conama em junho, visa reunir dados de todos os \u00f3rg\u00e3os do Sistema Nacional de Informa\u00e7\u00f5es sobre Meio Ambiente (Sinima).<\/p>\n<p style=\"text-align: justify;\">O objetivo \u00e9 fortalecer a coopera\u00e7\u00e3o entre os entes federativos na fiscaliza\u00e7\u00e3o, facilitando a identifica\u00e7\u00e3o dos propriet\u00e1rios dos equipamentos, que frequentemente n\u00e3o s\u00e3o encontrados durante as opera\u00e7\u00f5es ambientais.<\/p>\n<p style=\"text-align: justify;\">Para entrar em vigor, a proposta da AGU precisa ser analisada pelas c\u00e2maras t\u00e9cnicas do Conama e, posteriormente, votada em plen\u00e1rio. O MPF segue acompanhando a tramita\u00e7\u00e3o da proposta, inclusive por meio do membro representante da institui\u00e7\u00e3o no conselho.<\/p>\n<p style=\"text-align: justify;\"><b>Mecaniza\u00e7\u00e3o do crime<\/b>\u00a0\u2013 Ambas as iniciativas, tanto do MPF quanto da AGU, partem do mesmo diagn\u00f3stico: a explos\u00e3o do garimpo ilegal est\u00e1 diretamente ligada \u00e0 intensifica\u00e7\u00e3o do uso de maquin\u00e1rio pesado. Um levantamento da rede de pesquisa MapBiomas, citado na recomenda\u00e7\u00e3o do MPF, aponta um aumento de 632% na \u00e1rea de garimpo na Amaz\u00f4nia entre 1985 e 2020, per\u00edodo que coincide com a mecaniza\u00e7\u00e3o da atividade.<\/p>\n<p style=\"text-align: justify;\">A recomenda\u00e7\u00e3o destaca que o garimpo deixou de ser um modelo artesanal para se tornar um \u201cesquema de produ\u00e7\u00e3o mecanizado, capitalizado e estratificado\u201d, muitas vezes financiado por organiza\u00e7\u00f5es criminosas. Atualmente, o Cadastro T\u00e9cnico Federal de Atividades Potencialmente Poluidoras registra apenas pessoas f\u00edsicas e jur\u00eddicas, mas n\u00e3o os equipamentos, o que permite que as m\u00e1quinas sejam facilmente desviadas para atividades ilegais sem um controle efetivo.<\/p>\n<div>\n<p style=\"text-align: justify;\">Fonte: Minist\u00e9rio P\u00fablico Federal no Par\u00e1<\/p>\n<\/div>\n<\/div>\n","protected":false},"excerpt":{"rendered":"<p>Alinhada \u00e0s medidas recomendadas pelo MPF, proposta visa aprimorar a fiscaliza\u00e7\u00e3o sobre o maquin\u00e1rio que alimenta a atividade criminosa Agosto, 2025 &#8211; Ap\u00f3s recomenda\u00e7\u00e3o do Minist\u00e9rio P\u00fablico Federal (MPF), a Advocacia-Geral da Uni\u00e3o (AGU) encaminhou ao Conselho Nacional do Meio Ambiente (Conama) uma proposta de resolu\u00e7\u00e3o para criar um cadastro nacional de informa\u00e7\u00f5es sobre o [&hellip;]<\/p>\n","protected":false},"author":1,"featured_media":25909,"comment_status":"open","ping_status":"open","sticky":false,"template":"","format":"standard","meta":{"_uag_custom_page_level_css":"","footnotes":""},"categories":[37],"tags":[27705,16908,4457,13326,27701,20502],"class_list":["post-25908","post","type-post","status-publish","format-standard","has-post-thumbnail","hentry","category-sustentabilidade","tag-cop30","tag-conama","tag-escavadeiras","tag-garimpo-ilegal","tag-mma","tag-mpf-pa"],"blocksy_meta":[],"spectra_blocks_featured_image_url":{"thumbnail":{"url":"https:\/\/construcaocivil.siriusmarketingedesign.com.br\/wp-content\/uploads\/2025\/08\/image_preview-150x150.jpeg","width":150,"height":150},"medium":{"url":"https:\/\/construcaocivil.siriusmarketingedesign.com.br\/wp-content\/uploads\/2025\/08\/image_preview-300x200.jpeg","width":300,"height":200},"medium_large":{"url":"https:\/\/construcaocivil.siriusmarketingedesign.com.br\/wp-content\/uploads\/2025\/08\/image_preview.jpeg","width":400,"height":266},"large":{"url":"https:\/\/construcaocivil.siriusmarketingedesign.com.br\/wp-content\/uploads\/2025\/08\/image_preview.jpeg","width":400,"height":266},"full":{"url":"https:\/\/construcaocivil.siriusmarketingedesign.com.br\/wp-content\/uploads\/2025\/08\/image_preview.jpeg","width":400,"height":266}},"spectra_blocks_author_info":{"display_name":"Jornal da Constru\u00e7\u00e3o Civil","avatar_url":"https:\/\/secure.gravatar.com\/avatar\/973c9774fd44ddaceb026973c4962faa70fc512bc4c9da68e8ebb40fecee6540?s=96&d=mm&r=g","author_link":"https:\/\/construcaocivil.siriusmarketingedesign.com.br\/?author=1","description":"Desde de 2013, levando muitas informa\u00e7\u00f5es, lan\u00e7amentos e produtos de qualidade para toda cadeia produtiva da constru\u00e7\u00e3o. O Futuro da constru\u00e7\u00e3o passa por aqui,"},"uagb_featured_image_src":{"full":["https:\/\/construcaocivil.siriusmarketingedesign.com.br\/wp-content\/uploads\/2025\/08\/image_preview.jpeg",400,266,false],"thumbnail":["https:\/\/construcaocivil.siriusmarketingedesign.com.br\/wp-content\/uploads\/2025\/08\/image_preview-150x150.jpeg",150,150,true],"medium":["https:\/\/construcaocivil.siriusmarketingedesign.com.br\/wp-content\/uploads\/2025\/08\/image_preview-300x200.jpeg",300,200,true],"medium_large":["https:\/\/construcaocivil.siriusmarketingedesign.com.br\/wp-content\/uploads\/2025\/08\/image_preview.jpeg",400,266,false],"large":["https:\/\/construcaocivil.siriusmarketingedesign.com.br\/wp-content\/uploads\/2025\/08\/image_preview.jpeg",400,266,false],"1536x1536":["https:\/\/construcaocivil.siriusmarketingedesign.com.br\/wp-content\/uploads\/2025\/08\/image_preview.jpeg",400,266,false],"2048x2048":["https:\/\/construcaocivil.siriusmarketingedesign.com.br\/wp-content\/uploads\/2025\/08\/image_preview.jpeg",400,266,false]},"uagb_author_info":{"display_name":"Jornal da Constru\u00e7\u00e3o Civil","author_link":"https:\/\/construcaocivil.siriusmarketingedesign.com.br\/?author=1"},"uagb_comment_info":0,"uagb_excerpt":"Alinhada \u00e0s medidas recomendadas pelo MPF, proposta visa aprimorar a fiscaliza\u00e7\u00e3o sobre o maquin\u00e1rio que alimenta a atividade criminosa Agosto, 2025 &#8211; Ap\u00f3s recomenda\u00e7\u00e3o do Minist\u00e9rio P\u00fablico Federal (MPF), a Advocacia-Geral da Uni\u00e3o (AGU) encaminhou ao Conselho Nacional do Meio Ambiente (Conama) uma proposta de resolu\u00e7\u00e3o para criar um cadastro nacional de informa\u00e7\u00f5es sobre o&hellip;","_links":{"self":[{"href":"https:\/\/construcaocivil.siriusmarketingedesign.com.br\/index.php?rest_route=\/wp\/v2\/posts\/25908","targetHints":{"allow":["GET"]}}],"collection":[{"href":"https:\/\/construcaocivil.siriusmarketingedesign.com.br\/index.php?rest_route=\/wp\/v2\/posts"}],"about":[{"href":"https:\/\/construcaocivil.siriusmarketingedesign.com.br\/index.php?rest_route=\/wp\/v2\/types\/post"}],"author":[{"embeddable":true,"href":"https:\/\/construcaocivil.siriusmarketingedesign.com.br\/index.php?rest_route=\/wp\/v2\/users\/1"}],"replies":[{"embeddable":true,"href":"https:\/\/construcaocivil.siriusmarketingedesign.com.br\/index.php?rest_route=%2Fwp%2Fv2%2Fcomments&post=25908"}],"version-history":[{"count":0,"href":"https:\/\/construcaocivil.siriusmarketingedesign.com.br\/index.php?rest_route=\/wp\/v2\/posts\/25908\/revisions"}],"wp:featuredmedia":[{"embeddable":true,"href":"https:\/\/construcaocivil.siriusmarketingedesign.com.br\/index.php?rest_route=\/wp\/v2\/media\/25909"}],"wp:attachment":[{"href":"https:\/\/construcaocivil.siriusmarketingedesign.com.br\/index.php?rest_route=%2Fwp%2Fv2%2Fmedia&parent=25908"}],"wp:term":[{"taxonomy":"category","embeddable":true,"href":"https:\/\/construcaocivil.siriusmarketingedesign.com.br\/index.php?rest_route=%2Fwp%2Fv2%2Fcategories&post=25908"},{"taxonomy":"post_tag","embeddable":true,"href":"https:\/\/construcaocivil.siriusmarketingedesign.com.br\/index.php?rest_route=%2Fwp%2Fv2%2Ftags&post=25908"}],"curies":[{"name":"wp","href":"https:\/\/api.w.org\/{rel}","templated":true}]}}