{"id":25913,"date":"2025-08-04T00:07:49","date_gmt":"2025-08-04T03:07:49","guid":{"rendered":"https:\/\/www.jornaldaconstrucaocivil.com.br\/?p=25913"},"modified":"2025-08-04T00:07:49","modified_gmt":"2025-08-04T03:07:49","slug":"confluencia-de-saberes-sera-tema-do-3o-salao-rio-de-interiores","status":"publish","type":"post","link":"https:\/\/construcaocivil.siriusmarketingedesign.com.br\/?p=25913","title":{"rendered":"Conflu\u00eancia de Saberes ser\u00e1 tema do 3\u00ba Sal\u00e3o Rio de Interiores"},"content":{"rendered":"<p style=\"text-align: justify;\"><strong>Entre 26 e 28 de agosto, arquitetos, urbanistas, designers, empresas e entidades setoriais se re\u00fanem para di\u00e1logos sobre responsabilidade ambiental, social e governan\u00e7a<\/strong><\/p>\n<div>\n<p style=\"text-align: justify;\">Agosto, 2025 &#8211; Com o tema <strong>Conflu\u00eancia de Saberes<\/strong>, o\u00a0<strong>Sal\u00e3o Rio de Interiores\u00a0<\/strong>chega \u00e0 3\u00aa edi\u00e7\u00e3o e se consolida como um evento de destaque no setor de arquitetura e design de interiores. Entre os dias\u00a0<strong>26 e 28 de agosto<\/strong>, renomados profissionais do segmento para refletir sobre os pilares do ESG (Environmental, Social, Governance), trazendo para o centro da discuss\u00e3o assuntos relacionados \u00e0 responsabilidade ambiental e social, e como o exerc\u00edcio profissional e os materiais podem impactar a rela\u00e7\u00e3o das pessoas com o espa\u00e7o privado e coletivo, buscando sempre a qualidade de vida e o bem-estar social. O evento tamb\u00e9m prop\u00f5e um olhar atento \u00e0s mudan\u00e7as clim\u00e1ticas e eventos extremos, explorando solu\u00e7\u00f5es que promovam ambientes mais resilientes e sustent\u00e1veis.<\/p>\n<p style=\"text-align: justify;\">O evento, em formato pocket, ter\u00e1 palestras, workshops e uma \u00e1rea de exposi\u00e7\u00f5es com 570m\u00b2, em estrutura modular, onde as marcas poder\u00e3o apresentar novidades e tend\u00eancias. Cada dia colocar\u00e1 sob os holofotes uma sigla do termo, que em portugu\u00eas se refere \u00e0s pr\u00e1ticas de pol\u00edticas Ambiental, Social e de Governan\u00e7a. O dia 26 de agosto coloca em foco a inclus\u00e3o e a sustentabilidade; o dia 27 de agosto abordar\u00e1 artesanias e saberes compartilhados; o dia 28 de agosto ser\u00e1 dedicado \u00e0 tecnologia, inova\u00e7\u00e3o e arte.<\/p>\n<p style=\"text-align: justify;\">O 3\u00ba Sal\u00e3o Rio de Interiores \u00e9 realizado pela\u00a0<strong>Associa\u00e7\u00e3o Brasileira dos Escrit\u00f3rios de Arquitetura do Rio de Janeiro<\/strong>\u00a0(AsBEA\/RJ) e pelo\u00a0<strong>Departamento Rio de Janeiro do Instituto de Arquitetos do Brasil<\/strong>\u00a0(IAB-RJ), acontecer\u00e1 na sede do IAB-RJ, no Flamengo, que no s\u00e9culo XIX abrigou a Companhia de Ferro Carril Jardim Bot\u00e2nico. O ingresso para os tr\u00eas dias de evento custa R$ 40 e pode ser adquirido pelo Sympla (<a href=\"https:\/\/www.sympla.com.br\/evento\/2-salao-rio-de-interiores\/2552684?referrer=www.google.com\" target=\"_blank\" rel=\"noopener noreferrer\">clique aqui<\/a>). Associados da AsBEA\/RJ e do IAB-RJ t\u00eam 50% de desconto.<\/p>\n<p style=\"text-align: justify;\"><strong>3\u00ba Sal\u00e3o Rio de Interiores<\/strong><\/p>\n<p style=\"text-align: justify;\"><strong>Data:<\/strong>\u00a026 a 28 de agosto de 2025<\/p>\n<p style=\"text-align: justify;\"><strong>Hor\u00e1rio:<\/strong>\u00a0das 12h30 \u00e0s 21h30<\/p>\n<p style=\"text-align: justify;\"><strong>Local:<\/strong>\u00a0IAB-RJ | Rua do Pinheiro, 10 &#8211; Flamengo<\/p>\n<p style=\"text-align: justify;\"><strong>Instagram:<\/strong>\u00a0<a href=\"http:\/\/www.instagram.com\/salaoriodeinteriores\" target=\"_blank\" rel=\"noopener noreferrer\">www.instagram.com\/salaoriodeinteriores<\/a><\/p>\n<\/div>\n","protected":false},"excerpt":{"rendered":"<p>Entre 26 e 28 de agosto, arquitetos, urbanistas, designers, empresas e entidades setoriais se re\u00fanem para di\u00e1logos sobre responsabilidade ambiental, social e governan\u00e7a Agosto, 2025 &#8211; Com o tema Conflu\u00eancia de Saberes, o\u00a0Sal\u00e3o Rio de Interiores\u00a0chega \u00e0 3\u00aa edi\u00e7\u00e3o e se consolida como um evento de destaque no setor de arquitetura e design de interiores. [&hellip;]<\/p>\n","protected":false},"author":1,"featured_media":25914,"comment_status":"open","ping_status":"open","sticky":false,"template":"","format":"standard","meta":{"_uag_custom_page_level_css":"","footnotes":""},"categories":[28],"tags":[27702,908,27704,3552,5835,27703],"class_list":["post-25913","post","type-post","status-publish","format-standard","has-post-thumbnail","hentry","category-arquitetura","tag-3o-salao-rio-de-interiores","tag-arquitetos","tag-confluencia-de-saberes","tag-designers","tag-iab-rj","tag-urbanistas"],"blocksy_meta":[],"spectra_blocks_featured_image_url":{"thumbnail":{"url":"https:\/\/construcaocivil.siriusmarketingedesign.com.br\/wp-content\/uploads\/2025\/08\/d02f439060d76e77b07641c03b9993eb-150x150.jpg","width":150,"height":150},"medium":{"url":"https:\/\/construcaocivil.siriusmarketingedesign.com.br\/wp-content\/uploads\/2025\/08\/d02f439060d76e77b07641c03b9993eb-300x152.jpg","width":300,"height":152},"medium_large":{"url":"https:\/\/construcaocivil.siriusmarketingedesign.com.br\/wp-content\/uploads\/2025\/08\/d02f439060d76e77b07641c03b9993eb.jpg","width":642,"height":326},"large":{"url":"https:\/\/construcaocivil.siriusmarketingedesign.com.br\/wp-content\/uploads\/2025\/08\/d02f439060d76e77b07641c03b9993eb.jpg","width":642,"height":326},"full":{"url":"https:\/\/construcaocivil.siriusmarketingedesign.com.br\/wp-content\/uploads\/2025\/08\/d02f439060d76e77b07641c03b9993eb.jpg","width":642,"height":326}},"spectra_blocks_author_info":{"display_name":"Jornal da Constru\u00e7\u00e3o Civil","avatar_url":"https:\/\/secure.gravatar.com\/avatar\/973c9774fd44ddaceb026973c4962faa70fc512bc4c9da68e8ebb40fecee6540?s=96&d=mm&r=g","author_link":"https:\/\/construcaocivil.siriusmarketingedesign.com.br\/?author=1","description":"Desde de 2013, levando muitas informa\u00e7\u00f5es, lan\u00e7amentos e produtos de qualidade para toda cadeia produtiva da constru\u00e7\u00e3o. O Futuro da constru\u00e7\u00e3o passa por aqui,"},"uagb_featured_image_src":{"full":["https:\/\/construcaocivil.siriusmarketingedesign.com.br\/wp-content\/uploads\/2025\/08\/d02f439060d76e77b07641c03b9993eb.jpg",642,326,false],"thumbnail":["https:\/\/construcaocivil.siriusmarketingedesign.com.br\/wp-content\/uploads\/2025\/08\/d02f439060d76e77b07641c03b9993eb-150x150.jpg",150,150,true],"medium":["https:\/\/construcaocivil.siriusmarketingedesign.com.br\/wp-content\/uploads\/2025\/08\/d02f439060d76e77b07641c03b9993eb-300x152.jpg",300,152,true],"medium_large":["https:\/\/construcaocivil.siriusmarketingedesign.com.br\/wp-content\/uploads\/2025\/08\/d02f439060d76e77b07641c03b9993eb.jpg",642,326,false],"large":["https:\/\/construcaocivil.siriusmarketingedesign.com.br\/wp-content\/uploads\/2025\/08\/d02f439060d76e77b07641c03b9993eb.jpg",642,326,false],"1536x1536":["https:\/\/construcaocivil.siriusmarketingedesign.com.br\/wp-content\/uploads\/2025\/08\/d02f439060d76e77b07641c03b9993eb.jpg",642,326,false],"2048x2048":["https:\/\/construcaocivil.siriusmarketingedesign.com.br\/wp-content\/uploads\/2025\/08\/d02f439060d76e77b07641c03b9993eb.jpg",642,326,false]},"uagb_author_info":{"display_name":"Jornal da Constru\u00e7\u00e3o Civil","author_link":"https:\/\/construcaocivil.siriusmarketingedesign.com.br\/?author=1"},"uagb_comment_info":0,"uagb_excerpt":"Entre 26 e 28 de agosto, arquitetos, urbanistas, designers, empresas e entidades setoriais se re\u00fanem para di\u00e1logos sobre responsabilidade ambiental, social e governan\u00e7a Agosto, 2025 &#8211; Com o tema Conflu\u00eancia de Saberes, o\u00a0Sal\u00e3o Rio de Interiores\u00a0chega \u00e0 3\u00aa edi\u00e7\u00e3o e se consolida como um evento de destaque no setor de arquitetura e design de interiores.&hellip;","_links":{"self":[{"href":"https:\/\/construcaocivil.siriusmarketingedesign.com.br\/index.php?rest_route=\/wp\/v2\/posts\/25913","targetHints":{"allow":["GET"]}}],"collection":[{"href":"https:\/\/construcaocivil.siriusmarketingedesign.com.br\/index.php?rest_route=\/wp\/v2\/posts"}],"about":[{"href":"https:\/\/construcaocivil.siriusmarketingedesign.com.br\/index.php?rest_route=\/wp\/v2\/types\/post"}],"author":[{"embeddable":true,"href":"https:\/\/construcaocivil.siriusmarketingedesign.com.br\/index.php?rest_route=\/wp\/v2\/users\/1"}],"replies":[{"embeddable":true,"href":"https:\/\/construcaocivil.siriusmarketingedesign.com.br\/index.php?rest_route=%2Fwp%2Fv2%2Fcomments&post=25913"}],"version-history":[{"count":0,"href":"https:\/\/construcaocivil.siriusmarketingedesign.com.br\/index.php?rest_route=\/wp\/v2\/posts\/25913\/revisions"}],"wp:featuredmedia":[{"embeddable":true,"href":"https:\/\/construcaocivil.siriusmarketingedesign.com.br\/index.php?rest_route=\/wp\/v2\/media\/25914"}],"wp:attachment":[{"href":"https:\/\/construcaocivil.siriusmarketingedesign.com.br\/index.php?rest_route=%2Fwp%2Fv2%2Fmedia&parent=25913"}],"wp:term":[{"taxonomy":"category","embeddable":true,"href":"https:\/\/construcaocivil.siriusmarketingedesign.com.br\/index.php?rest_route=%2Fwp%2Fv2%2Fcategories&post=25913"},{"taxonomy":"post_tag","embeddable":true,"href":"https:\/\/construcaocivil.siriusmarketingedesign.com.br\/index.php?rest_route=%2Fwp%2Fv2%2Ftags&post=25913"}],"curies":[{"name":"wp","href":"https:\/\/api.w.org\/{rel}","templated":true}]}}