{"id":25939,"date":"2025-08-10T14:23:04","date_gmt":"2025-08-10T17:23:04","guid":{"rendered":"https:\/\/www.jornaldaconstrucaocivil.com.br\/?p=25939"},"modified":"2025-08-10T14:23:04","modified_gmt":"2025-08-10T17:23:04","slug":"infraestrutura-nao-e-uma-politica-de-governo-mas-de-estado-diz-felicio-ramuth","status":"publish","type":"post","link":"https:\/\/construcaocivil.siriusmarketingedesign.com.br\/?p=25939","title":{"rendered":"&#8220;Infraestrutura n\u00e3o \u00e9 uma pol\u00edtica de governo, mas de Estado&#8221;, diz Felicio Ramuth"},"content":{"rendered":"<p style=\"text-align: justify;\"><i>Vice-governador de S\u00e3o Paulo participou de evento do Sistema Confea e Crea-SP com cerca de 3 mil engenheiros de todo o Estado para debater pol\u00edticas p\u00fablicas e estrat\u00e9gias para cidades<\/i><\/p>\n<p style=\"text-align: justify;\">&#8220;Se o Estado de S\u00e3o Paulo fosse um pa\u00eds, n\u00f3s ser\u00edamos a 21<sup>a<\/sup>\u00a0economia do mundo&#8221;, disse o vice-governador Felicio Ramuth durante a abertura do Col\u00e9gio de Inspetores e do 12\u00ba Congresso Estadual de Profissionais do Conselho Regional de Engenharia e Agronomia do Estado de S\u00e3o Paulo (Crea-SP), nesta sexta-feira (08\/08), no espa\u00e7o Mercado Pago Hall, no Mercado Livre Arena Pacaembu, na capital paulista. &#8220;Entender a voca\u00e7\u00e3o de cada cidade, de cada regi\u00e3o, \u00e9 fundamental para democratizar o acesso ao emprego e \u00e0 renda em cada canto do nosso Estado. E essa miss\u00e3o come\u00e7a nas cidades, n\u00e3o s\u00f3 pelos prefeitos e prefeitas, mas tamb\u00e9m pela sociedade civil&#8221;, continuou Ramuth.<br \/>\nAo abordar o andamento das obras em execu\u00e7\u00e3o atualmente &#8211; ou num futuro pr\u00f3ximo -, o vice-governador ressaltou a import\u00e2ncia das parcerias p\u00fablico-privadas (PPP), das concess\u00f5es e das privatiza\u00e7\u00f5es. &#8220;Cada um desses projetos tem horas de dedica\u00e7\u00e3o de todos voc\u00eas, engenheiros que atuam em S\u00e3o Paulo&#8221;, continuou. &#8220;Ao unir recursos p\u00fablicos e privados, essas modalidades de opera\u00e7\u00e3o t\u00eam seu alcance ampliado.&#8221;<\/p>\n<p style=\"text-align: justify;\">Para Gilberto Kassab, secret\u00e1rio estadual de Governo e Rela\u00e7\u00f5es Institucionais, a Engenharia brasileira deve ser motivo de orgulho por seu alto n\u00edvel. &#8220;E S\u00e3o Paulo \u00e9 protagonista nesse cen\u00e1rio, com nossas universidades, nossos professores e professoras, e nossas empresas, que se tornaram verdadeiras multinacionais. E o carro-chefe desse movimento \u00e9 a a\u00e7\u00e3o do Crea-SP, fundamental na forma\u00e7\u00e3o dos engenheiros, no aperfei\u00e7oamento da profiss\u00e3o e na fiscaliza\u00e7\u00e3o do exerc\u00edcio profissional para que, ao longo do tempo, tenhamos nos tornado uma refer\u00eancia&#8221;, disse Kassab, que \u00e9 engenheiro de forma\u00e7\u00e3o.<\/p>\n<p style=\"text-align: justify;\">A rela\u00e7\u00e3o com a gest\u00e3o p\u00fablica tem sido impulsionada pela presidente do Conselho, engenheira L\u00edgia Mackey, em S\u00e3o Paulo, e na esfera nacional com a atua\u00e7\u00e3o do Conselho Federal de Engenharia e Agronomia (Confea), sob a lideran\u00e7a do engenheiro Vinicius Marchese. &#8220;Esses eventos s\u00e3o oportunidades concretas de di\u00e1logo, escuta de qualidade e planejamento t\u00e9cnico, com foco no desenvolvimento de pol\u00edticas p\u00fablicas do nosso Estado. E quando falamos em planejamento, falamos da uni\u00e3o entre conhecimento t\u00e9cnico, responsabilidade p\u00fablica e vis\u00e3o estrat\u00e9gica. As autoridades aqui presentes fortalecem a integra\u00e7\u00e3o entre o Sistema Confea\/Crea e o poder p\u00fablico. \u00c9 um exemplo de que a gest\u00e3o valoriza a engenharia como uma base para pol\u00edticas p\u00fablicas eficientes, sustent\u00e1veis e, principalmente, respons\u00e1veis&#8221;, complementou L\u00edgia Mackey.<\/p>\n<p style=\"text-align: justify;\">\n","protected":false},"excerpt":{"rendered":"<p>Vice-governador de S\u00e3o Paulo participou de evento do Sistema Confea e Crea-SP com cerca de 3 mil engenheiros de todo o Estado para debater pol\u00edticas p\u00fablicas e estrat\u00e9gias para cidades &#8220;Se o Estado de S\u00e3o Paulo fosse um pa\u00eds, n\u00f3s ser\u00edamos a 21a\u00a0economia do mundo&#8221;, disse o vice-governador Felicio Ramuth durante a abertura do Col\u00e9gio [&hellip;]<\/p>\n","protected":false},"author":1,"featured_media":25941,"comment_status":"open","ping_status":"open","sticky":false,"template":"","format":"standard","meta":{"_uag_custom_page_level_css":"","footnotes":""},"categories":[31],"tags":[15123,3144,27713,8353],"class_list":["post-25939","post","type-post","status-publish","format-standard","has-post-thumbnail","hentry","category-infraestrutura","tag-confea","tag-crea-sp","tag-inspetores-e-profissionais","tag-obras-de-infraestrutura"],"blocksy_meta":[],"spectra_blocks_featured_image_url":{"thumbnail":{"url":"https:\/\/construcaocivil.siriusmarketingedesign.com.br\/wp-content\/uploads\/2025\/08\/MG_2508-847x565-1-150x150.jpg","width":150,"height":150},"medium":{"url":"https:\/\/construcaocivil.siriusmarketingedesign.com.br\/wp-content\/uploads\/2025\/08\/MG_2508-847x565-1-300x200.jpg","width":300,"height":200},"medium_large":{"url":"https:\/\/construcaocivil.siriusmarketingedesign.com.br\/wp-content\/uploads\/2025\/08\/MG_2508-847x565-1-768x512.jpg","width":768,"height":512},"large":{"url":"https:\/\/construcaocivil.siriusmarketingedesign.com.br\/wp-content\/uploads\/2025\/08\/MG_2508-847x565-1.jpg","width":847,"height":565},"full":{"url":"https:\/\/construcaocivil.siriusmarketingedesign.com.br\/wp-content\/uploads\/2025\/08\/MG_2508-847x565-1.jpg","width":847,"height":565}},"spectra_blocks_author_info":{"display_name":"Jornal da Constru\u00e7\u00e3o Civil","avatar_url":"https:\/\/secure.gravatar.com\/avatar\/973c9774fd44ddaceb026973c4962faa70fc512bc4c9da68e8ebb40fecee6540?s=96&d=mm&r=g","author_link":"https:\/\/construcaocivil.siriusmarketingedesign.com.br\/?author=1","description":"Desde de 2013, levando muitas informa\u00e7\u00f5es, lan\u00e7amentos e produtos de qualidade para toda cadeia produtiva da constru\u00e7\u00e3o. O Futuro da constru\u00e7\u00e3o passa por aqui,"},"uagb_featured_image_src":{"full":["https:\/\/construcaocivil.siriusmarketingedesign.com.br\/wp-content\/uploads\/2025\/08\/MG_2508-847x565-1.jpg",847,565,false],"thumbnail":["https:\/\/construcaocivil.siriusmarketingedesign.com.br\/wp-content\/uploads\/2025\/08\/MG_2508-847x565-1-150x150.jpg",150,150,true],"medium":["https:\/\/construcaocivil.siriusmarketingedesign.com.br\/wp-content\/uploads\/2025\/08\/MG_2508-847x565-1-300x200.jpg",300,200,true],"medium_large":["https:\/\/construcaocivil.siriusmarketingedesign.com.br\/wp-content\/uploads\/2025\/08\/MG_2508-847x565-1-768x512.jpg",768,512,true],"large":["https:\/\/construcaocivil.siriusmarketingedesign.com.br\/wp-content\/uploads\/2025\/08\/MG_2508-847x565-1.jpg",847,565,false],"1536x1536":["https:\/\/construcaocivil.siriusmarketingedesign.com.br\/wp-content\/uploads\/2025\/08\/MG_2508-847x565-1.jpg",847,565,false],"2048x2048":["https:\/\/construcaocivil.siriusmarketingedesign.com.br\/wp-content\/uploads\/2025\/08\/MG_2508-847x565-1.jpg",847,565,false]},"uagb_author_info":{"display_name":"Jornal da Constru\u00e7\u00e3o Civil","author_link":"https:\/\/construcaocivil.siriusmarketingedesign.com.br\/?author=1"},"uagb_comment_info":0,"uagb_excerpt":"Vice-governador de S\u00e3o Paulo participou de evento do Sistema Confea e Crea-SP com cerca de 3 mil engenheiros de todo o Estado para debater pol\u00edticas p\u00fablicas e estrat\u00e9gias para cidades &#8220;Se o Estado de S\u00e3o Paulo fosse um pa\u00eds, n\u00f3s ser\u00edamos a 21a\u00a0economia do mundo&#8221;, disse o vice-governador Felicio Ramuth durante a abertura do Col\u00e9gio&hellip;","_links":{"self":[{"href":"https:\/\/construcaocivil.siriusmarketingedesign.com.br\/index.php?rest_route=\/wp\/v2\/posts\/25939","targetHints":{"allow":["GET"]}}],"collection":[{"href":"https:\/\/construcaocivil.siriusmarketingedesign.com.br\/index.php?rest_route=\/wp\/v2\/posts"}],"about":[{"href":"https:\/\/construcaocivil.siriusmarketingedesign.com.br\/index.php?rest_route=\/wp\/v2\/types\/post"}],"author":[{"embeddable":true,"href":"https:\/\/construcaocivil.siriusmarketingedesign.com.br\/index.php?rest_route=\/wp\/v2\/users\/1"}],"replies":[{"embeddable":true,"href":"https:\/\/construcaocivil.siriusmarketingedesign.com.br\/index.php?rest_route=%2Fwp%2Fv2%2Fcomments&post=25939"}],"version-history":[{"count":0,"href":"https:\/\/construcaocivil.siriusmarketingedesign.com.br\/index.php?rest_route=\/wp\/v2\/posts\/25939\/revisions"}],"wp:featuredmedia":[{"embeddable":true,"href":"https:\/\/construcaocivil.siriusmarketingedesign.com.br\/index.php?rest_route=\/wp\/v2\/media\/25941"}],"wp:attachment":[{"href":"https:\/\/construcaocivil.siriusmarketingedesign.com.br\/index.php?rest_route=%2Fwp%2Fv2%2Fmedia&parent=25939"}],"wp:term":[{"taxonomy":"category","embeddable":true,"href":"https:\/\/construcaocivil.siriusmarketingedesign.com.br\/index.php?rest_route=%2Fwp%2Fv2%2Fcategories&post=25939"},{"taxonomy":"post_tag","embeddable":true,"href":"https:\/\/construcaocivil.siriusmarketingedesign.com.br\/index.php?rest_route=%2Fwp%2Fv2%2Ftags&post=25939"}],"curies":[{"name":"wp","href":"https:\/\/api.w.org\/{rel}","templated":true}]}}