{"id":25954,"date":"2025-08-12T00:27:18","date_gmt":"2025-08-12T03:27:18","guid":{"rendered":"https:\/\/www.jornaldaconstrucaocivil.com.br\/?p=25954"},"modified":"2025-08-12T00:27:18","modified_gmt":"2025-08-12T03:27:18","slug":"rio-innovation-week-2025-traz-nomes-de-peso-e-experiencias-imersivas-em-sua-maior-edicao","status":"publish","type":"post","link":"https:\/\/construcaocivil.siriusmarketingedesign.com.br\/?p=25954","title":{"rendered":"Rio Innovation Week 2025 traz nomes de peso e experi\u00eancias imersivas em sua maior edi\u00e7\u00e3o"},"content":{"rendered":"<p style=\"text-align: justify;\">A quinta edi\u00e7\u00e3o do Rio Innovation Week, maior confer\u00eancia global de tecnologia e inova\u00e7\u00e3o, come\u00e7a amanh\u00e3 (12) no P\u00eder Mau\u00e1, no Rio de Janeiro. Com o tema &#8220;Um Olhar Atrav\u00e9s da \u00c9tica&#8221;, o evento conectar\u00e1 setores, ecossistemas e mais de 3 mil palestrantes para discutir tend\u00eancias e solu\u00e7\u00f5es que est\u00e3o moldando o presente e nos preparando para o futuro.<\/p>\n<p style=\"text-align: justify;\">\n<p style=\"text-align: justify;\">Com expectativa de movimentar mais de R$ 4 bilh\u00f5es em neg\u00f3cios e receber cerca de 185 mil pessoas ao longo de seus quatro dias, o RIW 2025 contar\u00e1 40 palcos simult\u00e2neos, 400 expositores e cerca de 2 mil startups. O elenco de palestrantes vai de grandes nomes nacionais, como Rebeca Andrade, Carlos Nobre, Luiza Helena Trajano, Teodoro e Ney Matogrosso, at\u00e9 internacionais, como Sebastian Vettel, Ant\u00f4nio Dam\u00e1sio, Gra\u00e7a Machel, John Maeda e o pr\u00eamio Nobel da Paz Denis Mukwege, passando por \u00e1reas de expertise que v\u00e3o da cultura \u00e0 geopol\u00edtica.<\/p>\n<p style=\"text-align: justify;\">\n<p style=\"text-align: justify;\">&#8220;Estamos entusiasmados com a realiza\u00e7\u00e3o desta nova edi\u00e7\u00e3o. Reunimos renomados especialistas nacionais e internacionais, al\u00e9m de diversas experi\u00eancias imersivas que nos aproximar\u00e3o ainda mais das oportunidades e tend\u00eancias que est\u00e3o moldando o futuro no cen\u00e1rio global. Nosso objetivo \u00e9 impulsionar setores estrat\u00e9gicos, mobilizar lideran\u00e7as e gerar um impacto concreto e positivo para o Brasil e para o mundo.&#8221; destaca Jer\u00f4nimo Vargas, Cofundador e Diretor-Geral do Rio Innovation Week.<\/p>\n<p style=\"text-align: justify;\">\n<p style=\"text-align: justify;\">Cada confer\u00eancia tem uma curadoria pr\u00f3pria com nomes relevantes. A &#8220;Ci\u00eancia Para Todos&#8221;, curada pelo f\u00edsico e astr\u00f4nomo Marcelo Gleiser, contar\u00e1 com nomes como James Daniel Whitfield, Adam Frank (o astrof\u00edsico por tr\u00e1s do filme &#8220;Doutor Estranho&#8221;, da Marvel) e Rick Doblin em apresenta\u00e7\u00f5es sobre avan\u00e7os cient\u00edficos e tecnol\u00f3gicos com foco em inova\u00e7\u00e3o. Enquanto isso, o impacto da tecnologia na cultura &#8211; seja na m\u00fasica, na moda ou em outras esferas &#8211; tem forte representatividade no evento por meio do RIW Pop &amp; Tech, um evento \u00e0 parte dentro do Pier Mau\u00e1 que conta com exposi\u00e7\u00f5es, atra\u00e7\u00f5es e manifesta\u00e7\u00f5es art\u00edsticas e confer\u00eancias como a BRIFW (Brazil Immersive Fashion Week), a Music Forward e a BPOM (Brasil Para O Mundo), cada um com sua pr\u00f3pria e robusta programa\u00e7\u00e3o.<\/p>\n<p style=\"text-align: justify;\"><img decoding=\"async\" class=\"aligncenter\" src=\"https:\/\/mcusercontent.com\/f43fc5268133f954be170e414\/images\/98777bef-6304-8b29-0d74-57e19db64852.jpg\" \/><\/p>\n<p style=\"text-align: justify;\">Cr\u00e9dito: Ag. Enquadrar\/ Divulga\u00e7\u00e3o RIW<\/p>\n<p style=\"text-align: justify;\">\n<p style=\"text-align: justify;\"><strong>Experi\u00eancias \u00fanicas com vista para a Ba\u00eda de Guanabara<\/strong><\/p>\n<p style=\"text-align: justify;\">\n<p style=\"text-align: justify;\">Essa \u00e9 tamb\u00e9m a maior edi\u00e7\u00e3o em \u00e1rea ocupada, considerando que, neste ano, o espa\u00e7o do evento ser\u00e1 ampliado com a inclus\u00e3o do NAM Atl\u00e2ntico (A140), imponente navio da Marinha, que receber\u00e1 uma programa\u00e7\u00e3o especial com atra\u00e7\u00f5es in\u00e9ditas. Simuladores de alta tecnologia, exposi\u00e7\u00f5es, palcos de conte\u00fado e espa\u00e7os de desconex\u00e3o est\u00e3o entre as atra\u00e7\u00f5es.<\/p>\n<p style=\"text-align: justify;\">\n<p style=\"text-align: justify;\">Al\u00e9m da possibilidade de presenciar debates com grandes nomes sobre inova\u00e7\u00e3o e futuro, o p\u00fablico do RIW tamb\u00e9m poder\u00e1 vivenciar ativa\u00e7\u00f5es especiais e imersivas que se relacionam diretamente aos temas do evento. S\u00e3o instala\u00e7\u00f5es art\u00edsticas que transformam conte\u00fado em viv\u00eancia, provocando reflex\u00e3o, di\u00e1logo e a\u00e7\u00e3o.<\/p>\n<p style=\"text-align: justify;\">\n<p style=\"text-align: justify;\"><strong>Algumas das experi\u00eancias incluem:<\/strong><\/p>\n<p style=\"text-align: justify;\">\n<p style=\"text-align: justify;\">LedPulse: Refer\u00eancia mundial em experi\u00eancias volum\u00e9tricas de LED, a LedPulse estar\u00e1 no Rio Innovation Week com sua impressionante instala\u00e7\u00e3o Dragon O\u00b2. Uma estrutura que transforma luz em part\u00edculas tridimensionais, criando imagens que &#8220;flutuam&#8221; no espa\u00e7o. Unindo arte, tecnologia e imers\u00e3o sensorial, a experi\u00eancia proporciona ao p\u00fablico uma nova forma de intera\u00e7\u00e3o com conte\u00fados audiovisuais, expandindo os limites da percep\u00e7\u00e3o visual e marcando presen\u00e7a como uma das grandes inova\u00e7\u00f5es do evento.<\/p>\n<p style=\"text-align: justify;\">\n<p style=\"text-align: justify;\">Confer\u00eancias imersivas no Kobra: O RIW apresentar\u00e1 tr\u00eas confer\u00eancias imersivas no segundo andar do Armaz\u00e9m do Kobra, com temas centrais como sustentabilidade e mudan\u00e7as clim\u00e1ticas, mobilidade urbana e esporte. Essas experi\u00eancias sensoriais unem proje\u00e7\u00f5es 360\u00ba, imagens em grande escala, sons e instala\u00e7\u00f5es interativas. Ser\u00e3o oito palcos com conte\u00fados relevantes ao p\u00fablico.<\/p>\n<p style=\"text-align: justify;\">\n<p style=\"text-align: justify;\">Proje\u00e7\u00e3o mapeada no NAM Atl\u00e2ntico: Artes do turco Ferdi Alici ser\u00e3o projetadas no navio ao anoitecer, iluminando toda a sua lateral.<\/p>\n<p style=\"text-align: justify;\">\n<p style=\"text-align: justify;\">Music Session: O evento contar\u00e1 com o RIW Music Session, com programa\u00e7\u00e3o musical de grandes nomes da m\u00fasica brasileira todos os dias, incluindo Ferrugem e Paralamas do Sucesso.<\/p>\n<p style=\"text-align: justify;\">\n<p style=\"text-align: justify;\">Orquestra, dan\u00e7a e mais: Tamb\u00e9m no navio, acontecer\u00e1 uma s\u00e9rie de manifesta\u00e7\u00f5es culturais, incluindo apresenta\u00e7\u00f5es da Orquestra Sinf\u00f4nica Jovem do Rio de Janeiro, da Favela Orquestra IBME, da Camerata Jovem RJ e do grupo de dan\u00e7a Expressar<\/p>\n<p style=\"text-align: justify;\">\n<p style=\"text-align: justify;\">Energy In Transition: Experi\u00eancia interativa in\u00e9dita no Brasil desenvolvida pelo Consulado da Alemanha, essa ativa\u00e7\u00e3o conta com cinco esta\u00e7\u00f5es que exploram diferentes aspectos da transi\u00e7\u00e3o energ\u00e9tica, combinando ci\u00eancia, sociedade, economia e pol\u00edtica.<\/p>\n<p style=\"text-align: justify;\">\n<p style=\"text-align: justify;\">Removed: A exposi\u00e7\u00e3o convida a uma reflex\u00e3o dos tempos atuais, explorando a conex\u00e3o \u00edntima e muitas vezes invis\u00edvel entre as pessoas e seus dispositivos pessoais. As imagens, feitas pelo artista visual americano Eric Pickersgill, revelam como a tecnologia molda nosso comportamento e aten\u00e7\u00e3o, funcionando como uma extens\u00e3o invis\u00edvel do corpo que sinaliza ocupa\u00e7\u00e3o e desconex\u00e3o no dia a dia.<\/p>\n<p style=\"text-align: justify;\">\n<p style=\"text-align: justify;\">Tattoo Truck Tour: Durante o evento, o caminh\u00e3o-est\u00fadio oferecer\u00e1 gratuitamente a cobertura de cicatrizes do c\u00e2ncer de mama para duas mulheres por dia, unindo arte, autoestima e acolhimento. O p\u00fablico tamb\u00e9m poder\u00e1 fazer tatuagens no local. A iniciativa ser\u00e1 apresentada junto com a hist\u00f3ria dos fundadores, destacando como a tatuagem pode transformar vidas e ressignificar marcas do corpo<\/p>\n<p style=\"text-align: justify;\">\n<p style=\"text-align: justify;\">Game Season Rio (GSR): Hub de inova\u00e7\u00e3o e cultura gamer no NAM Atl\u00e2ntico, com curadoria da YLLW House, oferecendo uma variedade de pain\u00e9is e conte\u00fados, abordando temas como o papel dos eSports na educa\u00e7\u00e3o, inova\u00e7\u00e3o digital e o futuro da ind\u00fastria. Tamb\u00e9m sediar\u00e1 as finais do Circuito FERJEE de Esports, campeonato de Counter-Strike 2 (CS2).<\/p>\n<p style=\"text-align: justify;\">\n<p style=\"text-align: justify;\">Delusional Garden Experience: No dia 15, o evento receber\u00e1 uma performance imersiva de moda perif\u00e9rica e tecnologia que traz 30 artistas, unindo arte digital e tecnologias emergentes. O evento \u00e9 feito em parceria com a Kenner, e integra a programa\u00e7\u00e3o da Brazil Immersive Fashion Week (BRIFW).<\/p>\n<p style=\"text-align: justify;\">\n<p style=\"text-align: justify;\">Parque tecnol\u00f3gico da UFRJ: Em seu estande de 100 m\u00b2 no Armaz\u00e9m 4, o Parque vir\u00e1 pela quarta vez ao RIW, levando ao p\u00fablico experi\u00eancias que conectam passado e futuro por meio da inova\u00e7\u00e3o: desde uma imers\u00e3o audiovisual que narra a trajet\u00f3ria da criatividade humana at\u00e9 tecnologias disruptivas desenvolvidas por empresas de seu ecossistema. Entre as atra\u00e7\u00f5es est\u00e3o a C\u00e1psula da Inova\u00e7\u00e3o \u2014 uma experi\u00eancia imersiva que conduz os visitantes por uma jornada sensorial atrav\u00e9s da evolu\u00e7\u00e3o das inven\u00e7\u00f5es humanas, e o HealthScan, plataforma de diagn\u00f3stico por imagem baseada em Intelig\u00eancia Artificial.<\/p>\n<p style=\"text-align: justify;\">\n<p style=\"text-align: justify;\">Escafandro e \u00f3culos de realidade virtual: Iniciativa do Sinergia Educa\u00e7\u00e3o para incrementar aulas de biologia ser\u00e1 composta por um conjunto feito de escafandro e \u00f3culos de realidade virtual para visualizar esp\u00e9cies marinhas das mais diversas, com percep\u00e7\u00e3o da press\u00e3o subaqu\u00e1tica inclusa.<\/p>\n<p style=\"text-align: justify;\">\n<p style=\"text-align: justify;\">Al\u00e9m dessas, o evento contar\u00e1 com v\u00e1rias agendas de Book Signing com alguns dos principais nomes do evento, dando ao p\u00fablico a possibilidade de interagir com seus \u00eddolos. Dentre eles, est\u00e3o nomes como Marcelo Rubens Paiva, Daniel Goleman, Paulo Niemeyer, Peter Diamandis, Leandro Karnal e Carla Madeira. Tamb\u00e9m integram a programa\u00e7\u00e3o masterclasses, eventos sociais e rodadas de neg\u00f3cios.<\/p>\n<p style=\"text-align: justify;\">\n<p style=\"text-align: justify;\">&#8220;No Rio Innovation Week, mostramos que inova\u00e7\u00e3o e tecnologia s\u00e3o parte inerente a todos os aspectos das nossas vidas&#8221;, destaca o s\u00f3cio F\u00e1bio Queir\u00f3z. &#8220;Desde um show musical at\u00e9 um painel protagonizado por um futurista renomado, tudo converge para pensarmos o futuro vendo o que j\u00e1 est\u00e1 sendo implementado no presente. Tem espa\u00e7o para todo mundo&#8221;, completa.<\/p>\n<p style=\"text-align: justify;\">\n<p style=\"text-align: justify;\"><strong>Do esporte \u00e0 geopol\u00edtica: todos querem discutir os impactos da tecnologia<\/strong><\/p>\n<p style=\"text-align: justify;\">\n<p style=\"text-align: justify;\">J\u00e1 caracter\u00edstico do Rio Innovation Week, o amplo espectro de palestrantes refor\u00e7a o impacto que a tecnologia tem executado em todas as \u00e1reas. S\u00e3o nomes que v\u00e3o de influenciadores digitais at\u00e9 grandes experts internacionais, passando por m\u00e9dicos, pensadores, empres\u00e1rios, artistas, atletas e cientistas.<\/p>\n<p style=\"text-align: justify;\">\n<p style=\"text-align: justify;\">Em 2025 n\u00e3o ser\u00e1 diferente. Ser\u00e3o um total de 15 trilhas tem\u00e1ticas de conhecimento, para todos os gostos e interesses. De ter\u00e7a \u00e0 sexta, os palcos de nossas confer\u00eancias ser\u00e3o tomados por esses renomados profissionais, sejam eles brasileiros ou figuras internacionais.<\/p>\n<p style=\"text-align: justify;\">\n<p style=\"text-align: justify;\"><strong>Alguns destaques por dia:<\/strong><\/p>\n<p style=\"text-align: justify;\">\n<p style=\"text-align: justify;\">Ter\u00e7a-feira (12\/08):<\/p>\n<p style=\"text-align: justify;\">\n<p style=\"text-align: justify;\">Sebastian Vettel (ex-piloto de F\u00f3rmula 1, tetracampe\u00e3o mundial e ativista ambiental)<\/p>\n<p style=\"text-align: justify;\">\n<p style=\"text-align: justify;\">Rebeca Andrade (ginasta art\u00edstica e maior medalhista da hist\u00f3ria do Brasil nos Jogos Ol\u00edmpicos)<\/p>\n<p style=\"text-align: justify;\">\n<p style=\"text-align: justify;\">Daniel Goleman (psic\u00f3logo, escritor e jornalista cient\u00edfico)<\/p>\n<p style=\"text-align: justify;\">\n<p style=\"text-align: justify;\">Gunter Pauli (empres\u00e1rio, economista e autor)<\/p>\n<p style=\"text-align: justify;\">\n<p style=\"text-align: justify;\">Rick Doblin (psicofarmacologista e fundador da Associa\u00e7\u00e3o Multidisciplinar de Estudos Psicod\u00e9licos &#8211; MAPS)<\/p>\n<p style=\"text-align: justify;\">\n<p style=\"text-align: justify;\">\n<p style=\"text-align: justify;\">Quarta-feira (13\/08):<\/p>\n<p style=\"text-align: justify;\">\n<p style=\"text-align: justify;\">John Maeda (designer, tecn\u00f3logo e autor, Vice-Presidente de Design e Intelig\u00eancia Artificial da Microsoft)<\/p>\n<p style=\"text-align: justify;\">\n<p style=\"text-align: justify;\">Marcelo Rubens Paiva (escritor, dramaturgo e jornalista)<\/p>\n<p style=\"text-align: justify;\">\n<p style=\"text-align: justify;\">Ney Matogrosso (cantor, compositor e performer, \u00edcone da m\u00fasica popular brasileira)<\/p>\n<p style=\"text-align: justify;\">\n<p style=\"text-align: justify;\">Arnaldo Antunes (m\u00fasico, poeta e artista visual, cofundador das bandas Tit\u00e3s e Tribalistas)<\/p>\n<p style=\"text-align: justify;\">\n<p style=\"text-align: justify;\">James Daniel Whitfield (executivo de tecnologia e especialista em inova\u00e7\u00e3o e transforma\u00e7\u00e3o digital)<\/p>\n<p style=\"text-align: justify;\">\n<p style=\"text-align: justify;\">Luiz Felipe Pond\u00e9 (fil\u00f3sofo, escritor e ensa\u00edsta)<\/p>\n<p style=\"text-align: justify;\">\n<p style=\"text-align: justify;\">Quinta-feira (14\/08):<\/p>\n<p style=\"text-align: justify;\">\n<p style=\"text-align: justify;\">Gra\u00e7a Machel (pol\u00edtica e ativista dos direitos humanos mo\u00e7ambicana, defensora dos direitos das mulheres e crian\u00e7as)<\/p>\n<p style=\"text-align: justify;\">\n<p style=\"text-align: justify;\">Amy Webb (futurista, autora e fundadora do Future Today Institute)<\/p>\n<p style=\"text-align: justify;\">\n<p style=\"text-align: justify;\">Denis Mukwege (ginecologista e ativista de direitos humanos congol\u00eas, ganhador do Pr\u00eamio Nobel da Paz)<\/p>\n<p style=\"text-align: justify;\">\n<p style=\"text-align: justify;\">Leandro Karnal (historiador, professor e escritor, um dos principais pensadores contempor\u00e2neos do Brasil)<\/p>\n<p style=\"text-align: justify;\">\n<p style=\"text-align: justify;\">Carla Madeira (escritora e publicit\u00e1ria)<\/p>\n<p style=\"text-align: justify;\">\n<p style=\"text-align: justify;\">Adam Frank (astrof\u00edsico, professor e autor, especialista em astrof\u00edsica computacional e evolu\u00e7\u00e3o estelar)<\/p>\n<p style=\"text-align: justify;\">\n<p style=\"text-align: justify;\">Sexta-feira (15\/08):<\/p>\n<p style=\"text-align: justify;\">\n<p style=\"text-align: justify;\">Ian Beacraft (futurista e especialista em Intelig\u00eancia Artificial e futuro do trabalho)<\/p>\n<p style=\"text-align: justify;\">\n<p style=\"text-align: justify;\">Luiza Helena Trajano (empres\u00e1ria e defensora do empreendedorismo feminino)<\/p>\n<p style=\"text-align: justify;\">\n<p style=\"text-align: justify;\">Eduardo Giannetti (economista, fil\u00f3sofo e autor)<\/p>\n<p style=\"text-align: justify;\">\n<p style=\"text-align: justify;\">Martha Medeiros (escritora, cronista e poeta)<\/p>\n<p style=\"text-align: justify;\">\n<p style=\"text-align: justify;\">Theodoro (influenciador digital)<\/p>\n<p style=\"text-align: justify;\">\n<p style=\"text-align: justify;\">Ailton Krenak (l\u00edder ind\u00edgena, ambientalista, fil\u00f3sofo, poeta e escritor brasileiro membro da Academia Brasileira de Letras)<\/p>\n<p style=\"text-align: justify;\">\n<p style=\"text-align: justify;\">Carlos Nobre (meteorologista, pesquisador, professor universit\u00e1rio e pol\u00edtico brasileiro)<\/p>\n<p style=\"text-align: justify;\">\n<p style=\"text-align: justify;\">A programa\u00e7\u00e3o completa do evento est\u00e1 dispon\u00edvel clicando aqui.<\/p>\n<p style=\"text-align: justify;\">\n<p style=\"text-align: justify;\">Sobre o Rio Innovation Week<\/p>\n<p style=\"text-align: justify;\">\n<p style=\"text-align: justify;\">O Rio Innovation Week \u00e9 o maior evento global de tecnologia e inova\u00e7\u00e3o. Em 2024, reuniu grandes nomes do ecossistema de Tecnologia e Inova\u00e7\u00e3o, al\u00e9m de membros dos diferentes setores da economia nas 37 confer\u00eancias que fizeram parte do projeto. Em 2025, o evento acontece em agosto, entre os dias 12 e 15, no P\u00eder Mau\u00e1, na cidade do Rio de Janeiro. Com 60 confer\u00eancias e 40 palcos, o projeto promove uma grande oportunidade de neg\u00f3cios e experi\u00eancias \u00fanicas pautadas pela inova\u00e7\u00e3o e tecnologia.<\/p>\n<p style=\"text-align: justify;\">\n<p style=\"text-align: justify;\">Com o compromisso de gerar reflex\u00e3o e impacto real para transformar realidades, o Rio Innovation Week \u00e9 um evento que vai al\u00e9m do est\u00edmulo \u00e0 inova\u00e7\u00e3o e ao empreendedorismo. O projeto tem atua\u00e7\u00e3o estrat\u00e9gica, pautada pelos Objetivos de Desenvolvimento Sustent\u00e1vel (ODS) da ONU, garantindo assim a responsabilidade na promo\u00e7\u00e3o de um futuro inclusivo e economicamente sustent\u00e1vel. Promovemos um ambiente de oportunidades, neg\u00f3cios, experi\u00eancias e conte\u00fados, pautados em: comprometimento com a diversidade, equidade e inclus\u00e3o; valoriza\u00e7\u00e3o e incentivo \u00e0 multiplicidade de ideias e opini\u00f5es; fomento ao pluralismo e diversidade nas palestras; busca por representatividade em termos de g\u00eanero, ra\u00e7a, cor, etnia, orienta\u00e7\u00e3o sexual, identidade de g\u00eanero, pessoas com defici\u00eancia, idades, classes sociais, entre outras caracter\u00edsticas da sociedade atual; promo\u00e7\u00e3o de um ambiente inclusivo e com oportunidades iguais de fala para todos.<\/p>\n<p style=\"text-align: justify;\">\n<p style=\"text-align: justify;\">Patroc\u00ednio<\/p>\n<p style=\"text-align: justify;\">Com patroc\u00ednio e parceria de grandes marcas como Banco do Brasil, Stellantis, SuperBet, Petrobras, Light, RioCard Mais, Sotreq, Caterpillar, Transpetro, Repsol Sinopec Brasil, FNT Comunica\u00e7\u00f5es, PwC, GOVERNO DO ESTADO DO RIO DE JANEIRO, PREFEITURA DO RIO, a coparticipa\u00e7\u00e3o de Sesc RJ, Senac RJ, al\u00e9m de parceiros como Marinha do Brasil, Prefeitura de Niter\u00f3i, Galp, Instituto XP e XP Inc., RecargaPay, Ibmec\/Instituto YDUQS, BNY, Windsor Hoteis e Detran RJ, o Rio Innovation Week 2025 promete entregar conte\u00fado de alto n\u00edvel, experi\u00eancias \u00fanicas e oportunidades reais de conex\u00e3o entre pessoas, ideias e neg\u00f3cios.<\/p>\n<p style=\"text-align: justify;\">\n<p style=\"text-align: justify;\">Servi\u00e7o<\/p>\n<p style=\"text-align: justify;\">\n<p style=\"text-align: justify;\">\n<p style=\"text-align: justify;\">\n<p style=\"text-align: justify;\">RIO INNOVATION WEEK 2025<\/p>\n<p style=\"text-align: justify;\">\n<p style=\"text-align: justify;\">Quando: 12 a 15 de agosto de 2025<\/p>\n<p style=\"text-align: justify;\">\n<p style=\"text-align: justify;\">Onde: Pier Mau\u00e1- Rio de Janeiro- Brasil &#8211;<\/p>\n<p style=\"text-align: justify;\">\n<p style=\"text-align: justify;\">RODRIGUES ALVES, 10 | PRA\u00c7A MAU\u00c1, RIO DE JANEIRO | RJ, 20081-250<\/p>\n<p style=\"text-align: justify;\">\n<p style=\"text-align: justify;\">Ingressos: Sympla<\/p>\n<p style=\"text-align: justify;\">\n<p style=\"text-align: justify;\">\n","protected":false},"excerpt":{"rendered":"<p>A quinta edi\u00e7\u00e3o do Rio Innovation Week, maior confer\u00eancia global de tecnologia e inova\u00e7\u00e3o, come\u00e7a amanh\u00e3 (12) no P\u00eder Mau\u00e1, no Rio de Janeiro. Com o tema &#8220;Um Olhar Atrav\u00e9s da \u00c9tica&#8221;, o evento conectar\u00e1 setores, ecossistemas e mais de 3 mil palestrantes para discutir tend\u00eancias e solu\u00e7\u00f5es que est\u00e3o moldando o presente e nos [&hellip;]<\/p>\n","protected":false},"author":1,"featured_media":25955,"comment_status":"open","ping_status":"open","sticky":false,"template":"","format":"standard","meta":{"_uag_custom_page_level_css":"","footnotes":""},"categories":[33],"tags":[27716,9149,27715,27717],"class_list":["post-25954","post","type-post","status-publish","format-standard","has-post-thumbnail","hentry","category-mercado","tag-cidades-conectadas-5-0","tag-porto-maravilha","tag-rebeca-andrade","tag-rio-innovation-week-2025"],"blocksy_meta":[],"spectra_blocks_featured_image_url":{"thumbnail":{"url":"https:\/\/construcaocivil.siriusmarketingedesign.com.br\/wp-content\/uploads\/2025\/08\/d75c4186-2626-3b7f-02b0-bbb62b202d71-150x150.jpg","width":150,"height":150},"medium":{"url":"https:\/\/construcaocivil.siriusmarketingedesign.com.br\/wp-content\/uploads\/2025\/08\/d75c4186-2626-3b7f-02b0-bbb62b202d71-300x200.jpg","width":300,"height":200},"medium_large":{"url":"https:\/\/construcaocivil.siriusmarketingedesign.com.br\/wp-content\/uploads\/2025\/08\/d75c4186-2626-3b7f-02b0-bbb62b202d71-768x512.jpg","width":768,"height":512},"large":{"url":"https:\/\/construcaocivil.siriusmarketingedesign.com.br\/wp-content\/uploads\/2025\/08\/d75c4186-2626-3b7f-02b0-bbb62b202d71-1024x683.jpg","width":1024,"height":683},"full":{"url":"https:\/\/construcaocivil.siriusmarketingedesign.com.br\/wp-content\/uploads\/2025\/08\/d75c4186-2626-3b7f-02b0-bbb62b202d71-scaled.jpg","width":2560,"height":1707}},"spectra_blocks_author_info":{"display_name":"Jornal da Constru\u00e7\u00e3o Civil","avatar_url":"https:\/\/secure.gravatar.com\/avatar\/973c9774fd44ddaceb026973c4962faa70fc512bc4c9da68e8ebb40fecee6540?s=96&d=mm&r=g","author_link":"https:\/\/construcaocivil.siriusmarketingedesign.com.br\/?author=1","description":"Desde de 2013, levando muitas informa\u00e7\u00f5es, lan\u00e7amentos e produtos de qualidade para toda cadeia produtiva da constru\u00e7\u00e3o. O Futuro da constru\u00e7\u00e3o passa por aqui,"},"uagb_featured_image_src":{"full":["https:\/\/construcaocivil.siriusmarketingedesign.com.br\/wp-content\/uploads\/2025\/08\/d75c4186-2626-3b7f-02b0-bbb62b202d71-scaled.jpg",2560,1707,false],"thumbnail":["https:\/\/construcaocivil.siriusmarketingedesign.com.br\/wp-content\/uploads\/2025\/08\/d75c4186-2626-3b7f-02b0-bbb62b202d71-150x150.jpg",150,150,true],"medium":["https:\/\/construcaocivil.siriusmarketingedesign.com.br\/wp-content\/uploads\/2025\/08\/d75c4186-2626-3b7f-02b0-bbb62b202d71-300x200.jpg",300,200,true],"medium_large":["https:\/\/construcaocivil.siriusmarketingedesign.com.br\/wp-content\/uploads\/2025\/08\/d75c4186-2626-3b7f-02b0-bbb62b202d71-768x512.jpg",768,512,true],"large":["https:\/\/construcaocivil.siriusmarketingedesign.com.br\/wp-content\/uploads\/2025\/08\/d75c4186-2626-3b7f-02b0-bbb62b202d71-1024x683.jpg",1024,683,true],"1536x1536":["https:\/\/construcaocivil.siriusmarketingedesign.com.br\/wp-content\/uploads\/2025\/08\/d75c4186-2626-3b7f-02b0-bbb62b202d71-1536x1024.jpg",1536,1024,true],"2048x2048":["https:\/\/construcaocivil.siriusmarketingedesign.com.br\/wp-content\/uploads\/2025\/08\/d75c4186-2626-3b7f-02b0-bbb62b202d71-2048x1365.jpg",2048,1365,true]},"uagb_author_info":{"display_name":"Jornal da Constru\u00e7\u00e3o Civil","author_link":"https:\/\/construcaocivil.siriusmarketingedesign.com.br\/?author=1"},"uagb_comment_info":0,"uagb_excerpt":"A quinta edi\u00e7\u00e3o do Rio Innovation Week, maior confer\u00eancia global de tecnologia e inova\u00e7\u00e3o, come\u00e7a amanh\u00e3 (12) no P\u00eder Mau\u00e1, no Rio de Janeiro. Com o tema &#8220;Um Olhar Atrav\u00e9s da \u00c9tica&#8221;, o evento conectar\u00e1 setores, ecossistemas e mais de 3 mil palestrantes para discutir tend\u00eancias e solu\u00e7\u00f5es que est\u00e3o moldando o presente e nos&hellip;","_links":{"self":[{"href":"https:\/\/construcaocivil.siriusmarketingedesign.com.br\/index.php?rest_route=\/wp\/v2\/posts\/25954","targetHints":{"allow":["GET"]}}],"collection":[{"href":"https:\/\/construcaocivil.siriusmarketingedesign.com.br\/index.php?rest_route=\/wp\/v2\/posts"}],"about":[{"href":"https:\/\/construcaocivil.siriusmarketingedesign.com.br\/index.php?rest_route=\/wp\/v2\/types\/post"}],"author":[{"embeddable":true,"href":"https:\/\/construcaocivil.siriusmarketingedesign.com.br\/index.php?rest_route=\/wp\/v2\/users\/1"}],"replies":[{"embeddable":true,"href":"https:\/\/construcaocivil.siriusmarketingedesign.com.br\/index.php?rest_route=%2Fwp%2Fv2%2Fcomments&post=25954"}],"version-history":[{"count":0,"href":"https:\/\/construcaocivil.siriusmarketingedesign.com.br\/index.php?rest_route=\/wp\/v2\/posts\/25954\/revisions"}],"wp:featuredmedia":[{"embeddable":true,"href":"https:\/\/construcaocivil.siriusmarketingedesign.com.br\/index.php?rest_route=\/wp\/v2\/media\/25955"}],"wp:attachment":[{"href":"https:\/\/construcaocivil.siriusmarketingedesign.com.br\/index.php?rest_route=%2Fwp%2Fv2%2Fmedia&parent=25954"}],"wp:term":[{"taxonomy":"category","embeddable":true,"href":"https:\/\/construcaocivil.siriusmarketingedesign.com.br\/index.php?rest_route=%2Fwp%2Fv2%2Fcategories&post=25954"},{"taxonomy":"post_tag","embeddable":true,"href":"https:\/\/construcaocivil.siriusmarketingedesign.com.br\/index.php?rest_route=%2Fwp%2Fv2%2Ftags&post=25954"}],"curies":[{"name":"wp","href":"https:\/\/api.w.org\/{rel}","templated":true}]}}