{"id":2596,"date":"2016-07-14T17:27:04","date_gmt":"2016-07-14T17:27:04","guid":{"rendered":"http:\/\/www.jornaldaconstrucaocivil.com.br\/?p=2596"},"modified":"2016-07-14T17:27:04","modified_gmt":"2016-07-14T17:27:04","slug":"aeb-lanca-enaex-2016","status":"publish","type":"post","link":"https:\/\/construcaocivil.siriusmarketingedesign.com.br\/?p=2596","title":{"rendered":"AEB lan\u00e7a ENAEX 2016"},"content":{"rendered":"<p><span style=\"color: #000000;\"><span style=\"color: #993300;\">Rio de Janeiro, 14 de julho de 2016<\/span> \u2013 A Associa\u00e7\u00e3o de Com\u00e9rcio Exterior do Brasil (AEB) promove dia 26 de julho, na sede da Confedera\u00e7\u00e3o Nacional do Com\u00e9rcio (CNC), no Rio de Janeiro, o lan\u00e7amento da 35\u00aa edi\u00e7\u00e3o do Encontro Nacional de Com\u00e9rcio Exterior (ENAEX 2016).<\/span><\/p>\n<p><span style=\"color: #000000;\">O encontro receber\u00e1 como convidados Carlos Thadeu de Freitas, economista-chefe da CNC, e o embaixador Luiz Felipe Seixas Corr\u00eaa, presidente do Conselho Empresarial de Rela\u00e7\u00f5es Internacionais (CERI) da Federa\u00e7\u00e3o das Ind\u00fastrias do Estado do Rio de Janeiro (FIRJAN), que juntos com o presidente da AEB, Jos\u00e9 Augusto de Castro, v\u00e3o debater o tema \u201cCen\u00e1rios pol\u00edtico-econ\u00f4micos e perspectivas para as exporta\u00e7\u00f5es brasileiras\u201d. \u00a0<\/span><\/p>\n<p><span style=\"color: #000000;\">O ENAEX 2016, com o tema<strong> \u201cExportar para crescer\u201d<\/strong>, acontece dias 23 e 24 de novembro no Centro de Conven\u00e7\u00f5es Sul Am\u00e9rica, no Rio de Janeiro. O encontro, o mais importante f\u00f3rum de di\u00e1logo entre o setor empresarial e o governo, vai reunir representantes de toda a cadeia de neg\u00f3cios do com\u00e9rcio internacional para discutir as principais quest\u00f5es que envolvem o setor, visando incrementar a competitividade do segmento, que tem papel preponderante na economia nacional.<\/span><\/p>\n<p><span style=\"color: #000000;\">As inscri\u00e7\u00f5es para participar do evento de lan\u00e7amento do ENAEX 2016 s\u00e3o gratuitas e podem ser feitas pelo e-mail <span style=\"color: #0000ff;\">apoio@aeb.org.br<\/span>.\u00a0<\/span><\/p>\n<p><span style=\"color: #000000;\"><strong>Servi\u00e7o:<\/strong><\/span><\/p>\n<p><span style=\"color: #000000;\">Lan\u00e7amento do ENAEX 2016<\/span><\/p>\n<p><span style=\"color: #000000;\">Dia: 26\/7\/2016 (ter\u00e7a-feira)<\/span><\/p>\n<p><span style=\"color: #000000;\">Hor\u00e1rio: 14h30 \u00e0s 17h<\/span><\/p>\n<p><span style=\"color: #000000;\">Local: Confedera\u00e7\u00e3o Nacional do Com\u00e9rcio (Avenida General Justo, 307, 9\u00ba andar \u2013 Centro \u2013 Rio de Janeiro)<\/span><\/p>\n<p><span style=\"color: #000000;\">As inscri\u00e7\u00f5es, gratuitas, podem ser feitas em<span style=\"color: #0000ff;\"> apoio@aeb.org.br\u00a0<\/span><\/span><\/p>\n<p><span style=\"color: #000000;\">Fonte: Assessoria de Imprensa do ENAEX 2016<\/span><\/p>\n","protected":false},"excerpt":{"rendered":"<p>Rio de Janeiro, 14 de julho de 2016 \u2013 A Associa\u00e7\u00e3o de Com\u00e9rcio Exterior do Brasil (AEB) promove dia 26 de julho, na sede da Confedera\u00e7\u00e3o Nacional do Com\u00e9rcio (CNC), no Rio de Janeiro, o lan\u00e7amento da 35\u00aa edi\u00e7\u00e3o do Encontro Nacional de Com\u00e9rcio Exterior (ENAEX 2016). O encontro receber\u00e1 como convidados Carlos Thadeu de [&hellip;]<\/p>\n","protected":false},"author":1,"featured_media":0,"comment_status":"open","ping_status":"open","sticky":false,"template":"","format":"standard","meta":{"_uag_custom_page_level_css":"","footnotes":""},"categories":[27],"tags":[1030,2094,2783,4247,10375],"class_list":["post-2596","post","type-post","status-publish","format-standard","hentry","category-acontece","tag-associacao-de-comercio-exterior-do-brasil-aeb","tag-centro-de-convencoes-sul-america","tag-conselho-empresarial-de-relacoes-internacionais-ceri","tag-enaex-2016","tag-rio-de-janeiro"],"blocksy_meta":[],"spectra_blocks_featured_image_url":null,"spectra_blocks_author_info":{"display_name":"Jornal da Constru\u00e7\u00e3o Civil","avatar_url":"https:\/\/secure.gravatar.com\/avatar\/973c9774fd44ddaceb026973c4962faa70fc512bc4c9da68e8ebb40fecee6540?s=96&d=mm&r=g","author_link":"https:\/\/construcaocivil.siriusmarketingedesign.com.br\/?author=1","description":"Desde de 2013, levando muitas informa\u00e7\u00f5es, lan\u00e7amentos e produtos de qualidade para toda cadeia produtiva da constru\u00e7\u00e3o. O Futuro da constru\u00e7\u00e3o passa por aqui,"},"uagb_featured_image_src":{"full":false,"thumbnail":false,"medium":false,"medium_large":false,"large":false,"1536x1536":false,"2048x2048":false},"uagb_author_info":{"display_name":"Jornal da Constru\u00e7\u00e3o Civil","author_link":"https:\/\/construcaocivil.siriusmarketingedesign.com.br\/?author=1"},"uagb_comment_info":0,"uagb_excerpt":"Rio de Janeiro, 14 de julho de 2016 \u2013 A Associa\u00e7\u00e3o de Com\u00e9rcio Exterior do Brasil (AEB) promove dia 26 de julho, na sede da Confedera\u00e7\u00e3o Nacional do Com\u00e9rcio (CNC), no Rio de Janeiro, o lan\u00e7amento da 35\u00aa edi\u00e7\u00e3o do Encontro Nacional de Com\u00e9rcio Exterior (ENAEX 2016). O encontro receber\u00e1 como convidados Carlos Thadeu de&hellip;","_links":{"self":[{"href":"https:\/\/construcaocivil.siriusmarketingedesign.com.br\/index.php?rest_route=\/wp\/v2\/posts\/2596","targetHints":{"allow":["GET"]}}],"collection":[{"href":"https:\/\/construcaocivil.siriusmarketingedesign.com.br\/index.php?rest_route=\/wp\/v2\/posts"}],"about":[{"href":"https:\/\/construcaocivil.siriusmarketingedesign.com.br\/index.php?rest_route=\/wp\/v2\/types\/post"}],"author":[{"embeddable":true,"href":"https:\/\/construcaocivil.siriusmarketingedesign.com.br\/index.php?rest_route=\/wp\/v2\/users\/1"}],"replies":[{"embeddable":true,"href":"https:\/\/construcaocivil.siriusmarketingedesign.com.br\/index.php?rest_route=%2Fwp%2Fv2%2Fcomments&post=2596"}],"version-history":[{"count":0,"href":"https:\/\/construcaocivil.siriusmarketingedesign.com.br\/index.php?rest_route=\/wp\/v2\/posts\/2596\/revisions"}],"wp:attachment":[{"href":"https:\/\/construcaocivil.siriusmarketingedesign.com.br\/index.php?rest_route=%2Fwp%2Fv2%2Fmedia&parent=2596"}],"wp:term":[{"taxonomy":"category","embeddable":true,"href":"https:\/\/construcaocivil.siriusmarketingedesign.com.br\/index.php?rest_route=%2Fwp%2Fv2%2Fcategories&post=2596"},{"taxonomy":"post_tag","embeddable":true,"href":"https:\/\/construcaocivil.siriusmarketingedesign.com.br\/index.php?rest_route=%2Fwp%2Fv2%2Ftags&post=2596"}],"curies":[{"name":"wp","href":"https:\/\/api.w.org\/{rel}","templated":true}]}}