{"id":25969,"date":"2025-08-14T16:50:08","date_gmt":"2025-08-14T19:50:08","guid":{"rendered":"https:\/\/www.jornaldaconstrucaocivil.com.br\/?p=25969"},"modified":"2025-08-14T16:50:08","modified_gmt":"2025-08-14T19:50:08","slug":"rio-construcao-summit-2025-tem-especialistas-de-varios-paises-confirmados-e-se-consolida-como-point-global-de-intercambio-de-experiencias-no-setor","status":"publish","type":"post","link":"https:\/\/construcaocivil.siriusmarketingedesign.com.br\/?p=25969","title":{"rendered":"Rio Constru\u00e7\u00e3o Summit 2025 tem especialistas de v\u00e1rios pa\u00edses confirmados e se consolida como point global de interc\u00e2mbio de experi\u00eancias no setor"},"content":{"rendered":"<div>\n<p class=\"v1MsoNormal\" style=\"text-align: justify;\" align=\"center\"><strong><i>As inscri\u00e7\u00f5es est\u00e3o abertas e podem ser feitas gratuitamente no site oficial do evento, que ser\u00e1 realizado de 24 a 26 de setembro, no P\u00eder Mau\u00e1<\/i><\/strong><\/p>\n<p class=\"v1MsoNormal\" style=\"text-align: justify;\">Agosto, 2025 &#8211; O Rio Constru\u00e7\u00e3o Summit reunir\u00e1 mais de 200 especialistas para debater o futuro da ind\u00fastria de constru\u00e7\u00e3o, a partir de suas principais tend\u00eancias e desafios. Entre eles, est\u00e3o 14 convidados de pa\u00edses como Inglaterra, Espanha, Holanda, It\u00e1lia, Fran\u00e7a, Dinamarca, Col\u00f4mbia, China e Estados Unidos, com presen\u00e7a j\u00e1 confirmada. S\u00e3o empres\u00e1rios, gestores, professores e pesquisadores reconhecidos internacionalmente, que contribuir\u00e3o para enriquecer os debates e o interc\u00e2mbio de experi\u00eancias entre os participantes.<\/p>\n<p class=\"v1MsoNormal\" style=\"text-align: justify;\">Em sua segunda edi\u00e7\u00e3o, o evento ser\u00e1 realizado de 24 a 26 de setembro no P\u00eder Mau\u00e1, no Rio de Janeiro, mesmo local onde ocorreu em 2023. Na programa\u00e7\u00e3o, est\u00e3o mais de 70 atividades, entre pain\u00e9is de debate, palestras, oficinas e rodadas de neg\u00f3cios. Ao todo, ser\u00e3o mais de 100 horas de imers\u00e3o em conte\u00fados t\u00e9cnicos e inovadores.<\/p>\n<p class=\"v1MsoNormal\" style=\"text-align: justify;\">As inscri\u00e7\u00f5es s\u00e3o gratuitas e j\u00e1 podem ser feitas por estudantes e profissionais do setor no site\u00a0<a href=\"https:\/\/rioconstrucaosummit.com.br\/\" target=\"_blank\" rel=\"noopener noreferrer\">https:\/\/rioconstrucaosummit.com.br\/<\/a>.<\/p>\n<p class=\"v1MsoNormal\" style=\"text-align: justify;\">&#8220;O Rio Constru\u00e7\u00e3o Summit 2025 reafirma o papel do Rio de Janeiro como refer\u00eancia no debate sobre o futuro do setor. Teremos um encontro plural, com vis\u00f5es e experi\u00eancias de especialistas de v\u00e1rios pa\u00edses, conectando tend\u00eancias globais \u00e0 nossa realidade. \u00c9 uma oportunidade \u00fanica para fortalecer parcerias, gerar neg\u00f3cios e inspirar novas solu\u00e7\u00f5es. Queremos que cada participante saia daqui com ideias aplic\u00e1veis e transformadoras. Nosso objetivo \u00e9 fazer deste evento um marco para a ind\u00fastria da constru\u00e7\u00e3o&#8221;, destaca Claudio Hermolin, presidente do Sindicato da Ind\u00fastria da Constru\u00e7\u00e3o Civil no Estado do Rio de Janeiro (Sinduscon-Rio), institui\u00e7\u00e3o que realiza o evento.<\/p>\n<p class=\"v1MsoNormal\" style=\"text-align: justify;\"><b>QUEM S\u00c3O OS CONVIDADOS INTERNACIONAIS<\/b><\/p>\n<p class=\"v1MsoNormal\" style=\"text-align: justify;\"><u>Primeiro dia<\/u><\/p>\n<p class=\"v1MsoNormal\" style=\"text-align: justify;\"><b>Danny Murguia\u00a0<\/b>\u2013<b>\u00a0<\/b>Pesquisador S\u00eanior na Universidade de Cambridge (Reino Unido).<b>\u00a0<\/b>Temas: Converg\u00eancias: Gest\u00e3o Digital e Produtividade na Constru\u00e7\u00e3o e Avan\u00e7os na ado\u00e7\u00e3o do BIM com \u00eanfase na Am\u00e9rica Latina<\/p>\n<p class=\"v1MsoNormal\" style=\"text-align: justify;\"><b>\u00a0<\/b><\/p>\n<p class=\"v1MsoNormal\" style=\"text-align: justify;\"><b>David Barco\u00a0<\/b>\u2013<b>\u00a0<\/b>Diretor de Desenvolvimento de Neg\u00f3cios da Berrilan (Espanha)<b>.\u00a0<\/b>Temas: Cases de Implanta\u00e7\u00e3o do BIM e Ambiente constru\u00eddo: aplica\u00e7\u00f5es de digital Twin, VDC e BIM<b><\/b><\/p>\n<p class=\"v1MsoNormal\" style=\"text-align: justify;\"><b>\u00a0<\/b><\/p>\n<p class=\"v1MsoNormal\" style=\"text-align: justify;\"><b>Shelley Bontje\u00a0<\/b>\u2013<b>\u00a0<\/b>Gerente de Projetos na Dutch Cycling Embassy (Holanda)<b>.\u00a0<\/b>Temas: Mobilidade Ativa: como projetar ciclovias funcionais e integradas para as cidades e Mobilidade ativa e o desenvolvimento das cidades: o caso holand\u00eas<b><\/b><\/p>\n<p class=\"v1MsoNormal\" style=\"text-align: justify;\">\n<p class=\"v1MsoNormal\" style=\"text-align: justify;\"><b>Mariane Peixoto Costa\u00a0<\/b>\u2013<b>\u00a0<\/b>Gerente de Projetos de Infraestrutura da Bechtel Corporation (Estados Unidos)<b>.\u00a0<\/b>Tema: Obras de infraestrutura por meio de BIM e Open BIM<b><\/b><\/p>\n<p class=\"v1MsoNormal\" style=\"text-align: justify;\"><u>Segundo dia<\/u><\/p>\n<p class=\"v1MsoNormal\" style=\"text-align: justify;\"><b>Eui-Sung Yi\u00a0<\/b>\u2013<b>\u00a0<\/b>S\u00f3cio-Diretor da Morphosis Architects (Estados Unidos)<b>.\u00a0<\/b>Tema: M\u00faltiplos Urbanismos: Estrat\u00e9gias para as Metr\u00f3poles do S\u00e9culo 21<b><\/b><\/p>\n<p class=\"v1MsoNormal\" style=\"text-align: justify;\"><b>\u00a0<\/b><\/p>\n<p class=\"v1MsoNormal\" style=\"text-align: justify;\"><b>Santiago Uribe Rocha\u00a0<\/b>\u2013<b>\u00a0<\/b>Diretor Executivo da Corporaci\u00f3n Oficina de Resili\u00eancia de Medell\u00edn (Col\u00f4mbia)<b>.\u00a0<\/b>Tema: Da crise \u00e0 inova\u00e7\u00e3o urbana: li\u00e7\u00f5es da reinven\u00e7\u00e3o de Medelin<b><\/b><\/p>\n<p class=\"v1MsoNormal\" style=\"text-align: justify;\">\n<p class=\"v1MsoNormal\" style=\"text-align: justify;\"><b>Claire Rizzi\u00a0<\/b>\u2013<b>\u00a0<\/b>Diretora de design do escrit\u00f3rio Yoo (Reino Unido)<b>.\u00a0<\/b>Tema: Arquitetura e Design como valor: Yoo e o papel das marcas globais na valoriza\u00e7\u00e3o imobili\u00e1ria<b><\/b><\/p>\n<p class=\"v1MsoNormal\" style=\"text-align: justify;\">\n<p class=\"v1MsoNormal\" style=\"text-align: justify;\"><b>Hugo Mulder\u00a0<\/b>\u2013<b>\u00a0<\/b>Design, Engenheiro, Pesquisador e Educador da Universidade Southern (Dinamarca)<b>.\u00a0<\/b>Tema: Ambiente constru\u00eddo: aplica\u00e7\u00f5es de digital Twin, VDC e BIM<b><\/b><\/p>\n<p class=\"v1MsoNormal\" style=\"text-align: justify;\">\n<p class=\"v1MsoNormal\" style=\"text-align: justify;\"><b>Isabela Cardoso Gon\u00e7alves Ledo\u00a0<\/b>\u2013<b>\u00a0<\/b>Professora de Urbanismo no Instituto T\u00e9cnico de Roterd\u00e3 (Holanda)<b>.\u00a0<\/b>Tema: Mobilidade ativa e o desenvolvimento das cidades: o caso holand\u00eas<b><\/b><\/p>\n<p class=\"v1MsoNormal\" style=\"text-align: justify;\"><b>\u00a0<\/b><\/p>\n<p class=\"v1MsoNormal\" style=\"text-align: justify;\"><b>Katherine Bobadilla Cruz\u00a0<\/b>\u2013<b>\u00a0<\/b>Diretora de produtividade e sustentabilidade da C\u00e2mara Colombiana de Constru\u00e7\u00e3o (Col\u00f4mbia)<b>.\u00a0<\/b>Tema: Avan\u00e7os na ado\u00e7\u00e3o do BIM com \u00eanfase na Am\u00e9rica Latina<b><\/b><\/p>\n<p class=\"v1MsoNormal\" style=\"text-align: justify;\">\n<p class=\"v1MsoNormal\" style=\"text-align: justify;\"><u>Terceiro dia<\/u><\/p>\n<p class=\"v1MsoNormal\" style=\"text-align: justify;\"><b>Lin Li\u00a0<\/b>\u2013 CEO da Comunications Construction Company (CCCC) na Am\u00e9rica Latina (China)<\/p>\n<p class=\"v1MsoNormal\" style=\"text-align: justify;\">Tema: A experi\u00eancia da China na Tropicaliza\u00e7\u00e3o Tecnol\u00f3gica para a Am\u00e9rica Latina: inova\u00e7\u00e3o e produtividade em obras de infraestrutura<\/p>\n<p class=\"v1MsoNormal\" style=\"text-align: justify;\">\n<p class=\"v1MsoNormal\" style=\"text-align: justify;\"><b>Samuele Sordi\u00a0<\/b>\u2013<b>\u00a0<\/b>Arquiteto-chefe na Pininfarina nas Am\u00e9ricas (It\u00e1lia)<b>.\u00a0<\/b>Tema: Arquitetura e Design como valor: papel das marcas globais na valoriza\u00e7\u00e3o imobili\u00e1ria<b><\/b><\/p>\n<p class=\"v1MsoNormal\" style=\"text-align: justify;\">\n<p class=\"v1MsoNormal\" style=\"text-align: justify;\"><b>Dominique Corvez\u00a0<\/b>\u2013<b>\u00a0<\/b>CEO da XStreet-E (Fran\u00e7a)<b>.\u00a0<\/b>Tema: Tecnologias avan\u00e7adas na constru\u00e7\u00e3o: fabrica\u00e7\u00e3o digital<b><\/b><\/p>\n<p class=\"v1MsoNormal\" style=\"text-align: justify;\">\n<p class=\"v1MsoNormal\" style=\"text-align: justify;\"><b>Gonzalo Vargas Kunzagk\u00a0<\/b>\u2013<b>\u00a0<\/b>Diretor de desenvolvimento de neg\u00f3cios para Latam &amp; Mena da Construction 3D (Fran\u00e7a)<b>.\u00a0<\/b>Tema: Tecnologias avan\u00e7adas na constru\u00e7\u00e3o: fabrica\u00e7\u00e3o digital<b><\/b><\/p>\n<\/div>\n<div>\n<p class=\"v1MsoNormal\" style=\"text-align: justify;\"><b>PROMOTORES DO EVENTO<\/b><\/p>\n<p class=\"v1MsoNormal\" style=\"text-align: justify;\">O Rio Constru\u00e7\u00e3o Summit \u00e9 realizado pelo Sindicato da Ind\u00fastria da Constru\u00e7\u00e3o Civil no Estado do Rio de Janeiro (Sinduscon-Rio), com apresenta\u00e7\u00e3o da Federa\u00e7\u00e3o das Ind\u00fastrias do Estado do Rio de Janeiro (Firjan) e parcerias com a C\u00e2mara Brasileira da Ind\u00fastria da Constru\u00e7\u00e3o (CBIC), Sindicato Nacional da Ind\u00fastria da Constru\u00e7\u00e3o Pesada-Infraestrutura (Sinicon), Confedera\u00e7\u00e3o Nacional da Ind\u00fastria (CNI) e Federa\u00e7\u00e3o Interamericana da Ind\u00fastria da Constru\u00e7\u00e3o (FIIC), al\u00e9m de Governo do Estado do Rio de Janeiro, Prefeitura do Rio, Caixa Econ\u00f4mica Federal, CREA-RJ e CAU-RJ como patrocinadores.<\/p>\n<p class=\"v1MsoNormal\" style=\"text-align: justify;\"><b>Rio Constru\u00e7\u00e3o Summit 2025<\/b><\/p>\n<p class=\"v1MsoNormal\" style=\"text-align: justify;\">Informa\u00e7\u00f5es e inscri\u00e7\u00f5es:\u00a0<a href=\"https:\/\/rioconstrucaosummit.com.br\/\" target=\"_blank\" rel=\"noopener noreferrer\">https:\/\/rioconstrucaosummit.com.br\/<\/a><br \/>\nData: 24 a 26 de setembro<\/p>\n<p class=\"v1MsoNormal\" style=\"text-align: justify;\">Local: P\u00eder Mau\u00e1, Rio de Janeiro<\/p>\n<\/div>\n","protected":false},"excerpt":{"rendered":"<p>As inscri\u00e7\u00f5es est\u00e3o abertas e podem ser feitas gratuitamente no site oficial do evento, que ser\u00e1 realizado de 24 a 26 de setembro, no P\u00eder Mau\u00e1 Agosto, 2025 &#8211; O Rio Constru\u00e7\u00e3o Summit reunir\u00e1 mais de 200 especialistas para debater o futuro da ind\u00fastria de constru\u00e7\u00e3o, a partir de suas principais tend\u00eancias e desafios. Entre [&hellip;]<\/p>\n","protected":false},"author":1,"featured_media":25970,"comment_status":"open","ping_status":"open","sticky":false,"template":"","format":"standard","meta":{"_uag_custom_page_level_css":"","footnotes":""},"categories":[33],"tags":[2963,27722,9149,9561,25746],"class_list":["post-25969","post","type-post","status-publish","format-standard","has-post-thumbnail","hentry","category-mercado","tag-construtoras","tag-fgts-habitacao","tag-porto-maravilha","tag-profissionais-e-tecnicos","tag-rio-construcao-summit"],"blocksy_meta":[],"spectra_blocks_featured_image_url":{"thumbnail":{"url":"https:\/\/construcaocivil.siriusmarketingedesign.com.br\/wp-content\/uploads\/2025\/08\/Summit-Rio-2023-150x150.jpg","width":150,"height":150},"medium":{"url":"https:\/\/construcaocivil.siriusmarketingedesign.com.br\/wp-content\/uploads\/2025\/08\/Summit-Rio-2023-300x277.jpg","width":300,"height":277},"medium_large":{"url":"https:\/\/construcaocivil.siriusmarketingedesign.com.br\/wp-content\/uploads\/2025\/08\/Summit-Rio-2023.jpg","width":622,"height":574},"large":{"url":"https:\/\/construcaocivil.siriusmarketingedesign.com.br\/wp-content\/uploads\/2025\/08\/Summit-Rio-2023.jpg","width":622,"height":574},"full":{"url":"https:\/\/construcaocivil.siriusmarketingedesign.com.br\/wp-content\/uploads\/2025\/08\/Summit-Rio-2023.jpg","width":622,"height":574}},"spectra_blocks_author_info":{"display_name":"Jornal da Constru\u00e7\u00e3o Civil","avatar_url":"https:\/\/secure.gravatar.com\/avatar\/973c9774fd44ddaceb026973c4962faa70fc512bc4c9da68e8ebb40fecee6540?s=96&d=mm&r=g","author_link":"https:\/\/construcaocivil.siriusmarketingedesign.com.br\/?author=1","description":"Desde de 2013, levando muitas informa\u00e7\u00f5es, lan\u00e7amentos e produtos de qualidade para toda cadeia produtiva da constru\u00e7\u00e3o. O Futuro da constru\u00e7\u00e3o passa por aqui,"},"uagb_featured_image_src":{"full":["https:\/\/construcaocivil.siriusmarketingedesign.com.br\/wp-content\/uploads\/2025\/08\/Summit-Rio-2023.jpg",622,574,false],"thumbnail":["https:\/\/construcaocivil.siriusmarketingedesign.com.br\/wp-content\/uploads\/2025\/08\/Summit-Rio-2023-150x150.jpg",150,150,true],"medium":["https:\/\/construcaocivil.siriusmarketingedesign.com.br\/wp-content\/uploads\/2025\/08\/Summit-Rio-2023-300x277.jpg",300,277,true],"medium_large":["https:\/\/construcaocivil.siriusmarketingedesign.com.br\/wp-content\/uploads\/2025\/08\/Summit-Rio-2023.jpg",622,574,false],"large":["https:\/\/construcaocivil.siriusmarketingedesign.com.br\/wp-content\/uploads\/2025\/08\/Summit-Rio-2023.jpg",622,574,false],"1536x1536":["https:\/\/construcaocivil.siriusmarketingedesign.com.br\/wp-content\/uploads\/2025\/08\/Summit-Rio-2023.jpg",622,574,false],"2048x2048":["https:\/\/construcaocivil.siriusmarketingedesign.com.br\/wp-content\/uploads\/2025\/08\/Summit-Rio-2023.jpg",622,574,false]},"uagb_author_info":{"display_name":"Jornal da Constru\u00e7\u00e3o Civil","author_link":"https:\/\/construcaocivil.siriusmarketingedesign.com.br\/?author=1"},"uagb_comment_info":0,"uagb_excerpt":"As inscri\u00e7\u00f5es est\u00e3o abertas e podem ser feitas gratuitamente no site oficial do evento, que ser\u00e1 realizado de 24 a 26 de setembro, no P\u00eder Mau\u00e1 Agosto, 2025 &#8211; O Rio Constru\u00e7\u00e3o Summit reunir\u00e1 mais de 200 especialistas para debater o futuro da ind\u00fastria de constru\u00e7\u00e3o, a partir de suas principais tend\u00eancias e desafios. Entre&hellip;","_links":{"self":[{"href":"https:\/\/construcaocivil.siriusmarketingedesign.com.br\/index.php?rest_route=\/wp\/v2\/posts\/25969","targetHints":{"allow":["GET"]}}],"collection":[{"href":"https:\/\/construcaocivil.siriusmarketingedesign.com.br\/index.php?rest_route=\/wp\/v2\/posts"}],"about":[{"href":"https:\/\/construcaocivil.siriusmarketingedesign.com.br\/index.php?rest_route=\/wp\/v2\/types\/post"}],"author":[{"embeddable":true,"href":"https:\/\/construcaocivil.siriusmarketingedesign.com.br\/index.php?rest_route=\/wp\/v2\/users\/1"}],"replies":[{"embeddable":true,"href":"https:\/\/construcaocivil.siriusmarketingedesign.com.br\/index.php?rest_route=%2Fwp%2Fv2%2Fcomments&post=25969"}],"version-history":[{"count":0,"href":"https:\/\/construcaocivil.siriusmarketingedesign.com.br\/index.php?rest_route=\/wp\/v2\/posts\/25969\/revisions"}],"wp:featuredmedia":[{"embeddable":true,"href":"https:\/\/construcaocivil.siriusmarketingedesign.com.br\/index.php?rest_route=\/wp\/v2\/media\/25970"}],"wp:attachment":[{"href":"https:\/\/construcaocivil.siriusmarketingedesign.com.br\/index.php?rest_route=%2Fwp%2Fv2%2Fmedia&parent=25969"}],"wp:term":[{"taxonomy":"category","embeddable":true,"href":"https:\/\/construcaocivil.siriusmarketingedesign.com.br\/index.php?rest_route=%2Fwp%2Fv2%2Fcategories&post=25969"},{"taxonomy":"post_tag","embeddable":true,"href":"https:\/\/construcaocivil.siriusmarketingedesign.com.br\/index.php?rest_route=%2Fwp%2Fv2%2Ftags&post=25969"}],"curies":[{"name":"wp","href":"https:\/\/api.w.org\/{rel}","templated":true}]}}