{"id":25973,"date":"2025-08-16T23:51:42","date_gmt":"2025-08-17T02:51:42","guid":{"rendered":"https:\/\/www.jornaldaconstrucaocivil.com.br\/?p=25973"},"modified":"2025-08-16T23:51:42","modified_gmt":"2025-08-17T02:51:42","slug":"gwm-inaugura-sua-primeira-fabrica-nas-americas-em-iracemapolis-sp-com-a-presenca-do-presidente-lula","status":"publish","type":"post","link":"https:\/\/construcaocivil.siriusmarketingedesign.com.br\/?p=25973","title":{"rendered":"GWM inaugura sua primeira f\u00e1brica nas Am\u00e9ricas, em Iracem\u00e1polis (SP), com a presen\u00e7a do presidente Lula"},"content":{"rendered":"<p style=\"text-align: justify;\"><strong>Iracem\u00e1polis (SP), 15 de agosto de 2025<\/strong>\u00a0\u2013 A GWM Brasil acaba de inaugurar oficialmente sua f\u00e1brica em Iracem\u00e1polis, no interior de S\u00e3o Paulo, a primeira unidade produtiva da marca nas Am\u00e9ricas e no Hemisf\u00e9rio Sul, e a terceira fora da China com base completa de produ\u00e7\u00e3o \u2013 as outras est\u00e3o localizadas na R\u00fassia e na Tail\u00e2ndia.<\/p>\n<p style=\"text-align: justify;\">O evento de inaugura\u00e7\u00e3o contou com a presen\u00e7a do Presidente da Rep\u00fablica, Luiz In\u00e1cio Lula da Silva; do Vice-Presidente e Ministro do Desenvolvimento, Ind\u00fastria, Com\u00e9rcio e Servi\u00e7os, Geraldo Alckmin; do Ministro do Trabalho e Emprego, Luiz Marinho; do Ministro do Empreendedorismo, da Microempresa e da Empresa de Pequeno Porte do Brasil, M\u00e1rcio Fran\u00e7a, entre outras autoridades.<\/p>\n<p style=\"text-align: justify;\">Pela autotech, participaram Mu Feng, CEO da GWM global, e Parker Shi, presidente da GWM International, vindos da China especialmente para a cerim\u00f4nia, al\u00e9m de Andy Zhang, presidente da GWM Brasil &amp; M\u00e9xico. Da GWM Brasil, estavam presentes os executivos Diego Fernandes (COO), Marcio Alfonso (Diretor de Produ\u00e7\u00e3o) e Ricardo Bastos (Diretor de Assuntos Institucionais).<\/p>\n<p style=\"text-align: justify;\"><strong>Primeiro ve\u00edculo GWM produzido no Brasil<\/strong><strong>\u00a0<\/strong><\/p>\n<p style=\"text-align: justify;\">A f\u00e1brica de Iracem\u00e1polis inicia sua opera\u00e7\u00e3o com tr\u00eas modelos confirmados: o SUV h\u00edbrido Haval H6 (dispon\u00edvel nas quatro vers\u00f5es que j\u00e1 s\u00e3o vendidas hoje), a picape m\u00e9dia Poer P30 e o SUV de 7 lugares Haval H9 (ambos com uma vers\u00e3o cada e equipados com motoriza\u00e7\u00e3o turbodiesel).<\/p>\n<p style=\"text-align: justify;\">Durante a solenidade, o presidente Lula fez quest\u00e3o de finalizar a produ\u00e7\u00e3o do primeiro ve\u00edculo fabricado pela GWM no Brasil, um Haval H6 GT branco, com a coloca\u00e7\u00e3o do adesivo de \u201cfabricado no Brasil\u201d. Ao final do processo, o presidente Lula posou para fotos com os trabalhadores da linha de montagem.<\/p>\n<p style=\"text-align: justify;\">Com \u00e1rea total de 1,2 milh\u00e3o de m\u00b2 e \u00e1rea constru\u00edda de 94 mil m\u00b2, a unidade da GWM no Brasil possui hoje capacidade para produzir 50 mil ve\u00edculos por ano. A estrutura conta com \u00e1rea de soldagem, linha de pintura robotizada, linha de montagem, sistemas de fornecimento de energia e equipamentos, al\u00e9m de uma cadeia de suprimentos e log\u00edstica integrada.<\/p>\n<p style=\"text-align: justify;\">\u201cO Brasil \u00e9 estrat\u00e9gico para a GWM. Com esta f\u00e1brica, n\u00e3o estamos apenas produzindo carros, mas tamb\u00e9m gerando empregos de qualidade no Pa\u00eds e desenvolvendo tecnologia e inova\u00e7\u00e3o para todo o continente\u201d, afirmou Mu Feng, CEO da GWM global.<\/p>\n<p style=\"text-align: justify;\">A unidade de Iracem\u00e1polis conta atualmente com 600 trabalhadores e deve gerar at\u00e9 o final do ano cerca de 1.000 empregos diretos, alcan\u00e7ando no futuro mais de 2.000 vagas, quando iniciar o processo de exporta\u00e7\u00e3o de ve\u00edculos para a Am\u00e9rica Latina.<\/p>\n<p style=\"text-align: justify;\"><strong>An\u00fancio do primeiro Centro de P&amp;D da GWM na Am\u00e9rica do Sul<\/strong><\/p>\n<p style=\"text-align: justify;\">Durante a cerim\u00f4nia de inaugura\u00e7\u00e3o, a autotech anunciou tamb\u00e9m a cria\u00e7\u00e3o do primeiro Centro de Pesquisa &amp; Desenvolvimento (P&amp;D) da GWM na Am\u00e9rica do Sul. O centro contar\u00e1 com mais de 60 t\u00e9cnicos e engenheiros atuando no desenvolvimento e nos testes de produtos locais, com foco em tecnologia flex e na adapta\u00e7\u00e3o de ve\u00edculos globais \u00e0s condi\u00e7\u00f5es de rodagem brasileiras e \u00e0s prefer\u00eancias do consumidor. O time continuar\u00e1 crescendo nos pr\u00f3ximos anos, em paralelo ao avan\u00e7o da constru\u00e7\u00e3o dos novos pr\u00e9dios do complexo. O novo centro ser\u00e1 constru\u00eddo no terreno ao lado da f\u00e1brica de Iracem\u00e1polis e ter\u00e1 15.000 m\u00b2 de \u00e1rea total, sendo 4.000 m\u00b2 de \u00e1rea constru\u00edda.<\/p>\n<p style=\"text-align: justify;\">\u201cO novo centro contar\u00e1 com uma estrutura t\u00e9cnica de ponta, com laborat\u00f3rios de \u00faltima gera\u00e7\u00e3o para desenvolvimento de sistemas h\u00edbridos e el\u00e9tricos, combust\u00edveis de nova gera\u00e7\u00e3o e intelig\u00eancia artificial, com o objetivo de oferecer ve\u00edculos cada vez mais sustent\u00e1veis e tecnologicamente avan\u00e7ados, desenvolvidos com foco na efici\u00eancia energ\u00e9tica, descarboniza\u00e7\u00e3o e sobretudo para atender \u00e0s\u00a0demandas dos usu\u00e1rios brasileiros\u201d, explicou Parker Shi.<\/p>\n<p style=\"text-align: justify;\">Al\u00e9m da infraestrutura f\u00edsica, a GWM est\u00e1 estabelecendo parcerias tecnol\u00f3gicas com institutos de pesquisa e cooperando com universidades brasileiras para o desenvolvimento de novas tecnologias e forma\u00e7\u00e3o de profissionais de n\u00edvel t\u00e9cnico at\u00e9 doutores.<\/p>\n<p style=\"text-align: justify;\"><strong>Investimento bilion\u00e1rio, fornecedores e conte\u00fado local<\/strong><\/p>\n<p style=\"text-align: justify;\">O investimento total da GWM no Brasil chegar\u00e1 a R$ 10 bilh\u00f5es em dez anos. Esse montante \u00e9 composto por uma primeira fase de investimento, de R$ 4 bilh\u00f5es, que vai at\u00e9 2026, que inclui o lan\u00e7amento da marca no Pa\u00eds e reativa\u00e7\u00e3o e amplia\u00e7\u00e3o da f\u00e1brica de Iracem\u00e1polis. Na segunda fase, a empresa investir\u00e1 mais R$ 6 bilh\u00f5es &#8211; entre 2027 e 2032 -, impulsionando ainda mais a cria\u00e7\u00e3o de empregos, a nacionaliza\u00e7\u00e3o de pe\u00e7as e o desenvolvimento de novos produtos.<\/p>\n<p style=\"text-align: justify;\">A opera\u00e7\u00e3o brasileira seguir\u00e1 o sistema pe\u00e7a por pe\u00e7a (<em>part by part<\/em>), um processo mais complexo que o SKD e o CKD tradicional, que conta com conte\u00fado nacional j\u00e1 no primeiro ano, incluindo pintura para 100% dos ve\u00edculos produzidos no Pa\u00eds e incorpora\u00e7\u00e3o de componentes de fornecedores nacionais.<\/p>\n<p style=\"text-align: justify;\">Atualmente, a GWM Brasil tem mais de 110 empresas cadastradas interessadas em fornecer componentes, das quais 18 j\u00e1 s\u00e3o fornecedores que est\u00e3o participando da produ\u00e7\u00e3o e desenvolvimento dos primeiros ve\u00edculos, caso de empresas como Basf, Bosch, Continental, Dupont e Goodyear.<\/p>\n<p style=\"text-align: justify;\">A GWM Brasil j\u00e1 est\u00e1 inscrita no programa MOVER, pol\u00edtica federal de est\u00edmulo ao setor automotivo, que promove incentivos fiscais para montadoras que investem em produ\u00e7\u00e3o nacional e Pesquisa &amp; Desenvolvimento.<\/p>\n<p style=\"text-align: justify;\">\u201cQueremos que o Brasil seja nossa base para crescer na Am\u00e9rica Latina, com produtos pensados para o consumidor local e com o melhor da tecnologia global\u201d, refor\u00e7a Mu Feng.<\/p>\n<p style=\"text-align: justify;\"><strong>Tecnologias e inova\u00e7\u00f5es apresentadas<\/strong><\/p>\n<p style=\"text-align: justify;\">No evento de inaugura\u00e7\u00e3o da f\u00e1brica, a autotech preparou para os convidados uma \u00e1rea com todas as tecnologias multienergia da GWM, que exibiu todos os ve\u00edculos da marca e novidades como o primeiro caminh\u00e3o movido a hidrog\u00eanio da GWM, a maquete do barco a hidrog\u00eanio &#8211; que ser\u00e1 apresentado na COP30 em novembro em Bel\u00e9m (PA) -, e a nova moto tecnol\u00f3gica de oito cilindros da GWM, a SOUO S2000 GL, que faz sua primeira apari\u00e7\u00e3o p\u00fablica no Brasil.<\/p>\n<p style=\"text-align: justify;\">Produzido pela GWM Hydrogen powered by FTXT, o caminh\u00e3o marca o in\u00edcio de uma nova etapa nos esfor\u00e7os da autotech para avan\u00e7ar em solu\u00e7\u00f5es de transporte pesado com emiss\u00e3o zero.<\/p>\n<p style=\"text-align: justify;\">A FTXT \u00e9 a subsidi\u00e1ria da GWM na China respons\u00e1vel pelo desenvolvimento de tecnologias de c\u00e9lula a combust\u00edvel e componentes para que utilizam o hidrog\u00eanio. Fora do pa\u00eds asi\u00e1tico, ela adota a marca GWM Hydrogen, refor\u00e7ando o posicionamento global da empresa nesse segmento.<\/p>\n<p style=\"text-align: justify;\"><strong>Certifica\u00e7\u00e3o in\u00e9dita<\/strong><\/p>\n<p style=\"text-align: justify;\">A GWM Brasil j\u00e1 recebeu a Certifica\u00e7\u00e3o ISO 9001:2015 para sua f\u00e1brica de Iracem\u00e1polis, sem nenhuma n\u00e3o-conformidade identificada durante a auditoria. \u00c9 a primeira vez que uma montadora de ve\u00edculos no Brasil obt\u00e9m essa certifica\u00e7\u00e3o antes de iniciar a produ\u00e7\u00e3o \u2013 feito que refor\u00e7a o planejamento e a robustez da opera\u00e7\u00e3o local.<\/p>\n","protected":false},"excerpt":{"rendered":"<p>Iracem\u00e1polis (SP), 15 de agosto de 2025\u00a0\u2013 A GWM Brasil acaba de inaugurar oficialmente sua f\u00e1brica em Iracem\u00e1polis, no interior de S\u00e3o Paulo, a primeira unidade produtiva da marca nas Am\u00e9ricas e no Hemisf\u00e9rio Sul, e a terceira fora da China com base completa de produ\u00e7\u00e3o \u2013 as outras est\u00e3o localizadas na R\u00fassia e na [&hellip;]<\/p>\n","protected":false},"author":1,"featured_media":25974,"comment_status":"open","ping_status":"open","sticky":false,"template":"","format":"standard","meta":{"_uag_custom_page_level_css":"","footnotes":""},"categories":[32],"tags":[27726,27727,27724,27723,7077,27725],"class_list":["post-25973","post","type-post","status-publish","format-standard","has-post-thumbnail","hentry","category-maquinas-e-equipamentos","tag-carros-populares","tag-carros-r-motores","tag-gwm","tag-iracemapolis-sp","tag-lula","tag-suv-hibrido-haval-h6"],"blocksy_meta":[],"spectra_blocks_featured_image_url":{"thumbnail":{"url":"https:\/\/construcaocivil.siriusmarketingedesign.com.br\/wp-content\/uploads\/2025\/08\/GWM-HORIZONTAL-RMC-2029-150x150.jpg","width":150,"height":150},"medium":{"url":"https:\/\/construcaocivil.siriusmarketingedesign.com.br\/wp-content\/uploads\/2025\/08\/GWM-HORIZONTAL-RMC-2029-300x200.jpg","width":300,"height":200},"medium_large":{"url":"https:\/\/construcaocivil.siriusmarketingedesign.com.br\/wp-content\/uploads\/2025\/08\/GWM-HORIZONTAL-RMC-2029-768x512.jpg","width":768,"height":512},"large":{"url":"https:\/\/construcaocivil.siriusmarketingedesign.com.br\/wp-content\/uploads\/2025\/08\/GWM-HORIZONTAL-RMC-2029-1024x683.jpg","width":1024,"height":683},"full":{"url":"https:\/\/construcaocivil.siriusmarketingedesign.com.br\/wp-content\/uploads\/2025\/08\/GWM-HORIZONTAL-RMC-2029-scaled.jpg","width":2560,"height":1707}},"spectra_blocks_author_info":{"display_name":"Jornal da Constru\u00e7\u00e3o Civil","avatar_url":"https:\/\/secure.gravatar.com\/avatar\/973c9774fd44ddaceb026973c4962faa70fc512bc4c9da68e8ebb40fecee6540?s=96&d=mm&r=g","author_link":"https:\/\/construcaocivil.siriusmarketingedesign.com.br\/?author=1","description":"Desde de 2013, levando muitas informa\u00e7\u00f5es, lan\u00e7amentos e produtos de qualidade para toda cadeia produtiva da constru\u00e7\u00e3o. O Futuro da constru\u00e7\u00e3o passa por aqui,"},"uagb_featured_image_src":{"full":["https:\/\/construcaocivil.siriusmarketingedesign.com.br\/wp-content\/uploads\/2025\/08\/GWM-HORIZONTAL-RMC-2029-scaled.jpg",2560,1707,false],"thumbnail":["https:\/\/construcaocivil.siriusmarketingedesign.com.br\/wp-content\/uploads\/2025\/08\/GWM-HORIZONTAL-RMC-2029-150x150.jpg",150,150,true],"medium":["https:\/\/construcaocivil.siriusmarketingedesign.com.br\/wp-content\/uploads\/2025\/08\/GWM-HORIZONTAL-RMC-2029-300x200.jpg",300,200,true],"medium_large":["https:\/\/construcaocivil.siriusmarketingedesign.com.br\/wp-content\/uploads\/2025\/08\/GWM-HORIZONTAL-RMC-2029-768x512.jpg",768,512,true],"large":["https:\/\/construcaocivil.siriusmarketingedesign.com.br\/wp-content\/uploads\/2025\/08\/GWM-HORIZONTAL-RMC-2029-1024x683.jpg",1024,683,true],"1536x1536":["https:\/\/construcaocivil.siriusmarketingedesign.com.br\/wp-content\/uploads\/2025\/08\/GWM-HORIZONTAL-RMC-2029-1536x1024.jpg",1536,1024,true],"2048x2048":["https:\/\/construcaocivil.siriusmarketingedesign.com.br\/wp-content\/uploads\/2025\/08\/GWM-HORIZONTAL-RMC-2029-2048x1365.jpg",2048,1365,true]},"uagb_author_info":{"display_name":"Jornal da Constru\u00e7\u00e3o Civil","author_link":"https:\/\/construcaocivil.siriusmarketingedesign.com.br\/?author=1"},"uagb_comment_info":0,"uagb_excerpt":"Iracem\u00e1polis (SP), 15 de agosto de 2025\u00a0\u2013 A GWM Brasil acaba de inaugurar oficialmente sua f\u00e1brica em Iracem\u00e1polis, no interior de S\u00e3o Paulo, a primeira unidade produtiva da marca nas Am\u00e9ricas e no Hemisf\u00e9rio Sul, e a terceira fora da China com base completa de produ\u00e7\u00e3o \u2013 as outras est\u00e3o localizadas na R\u00fassia e na&hellip;","_links":{"self":[{"href":"https:\/\/construcaocivil.siriusmarketingedesign.com.br\/index.php?rest_route=\/wp\/v2\/posts\/25973","targetHints":{"allow":["GET"]}}],"collection":[{"href":"https:\/\/construcaocivil.siriusmarketingedesign.com.br\/index.php?rest_route=\/wp\/v2\/posts"}],"about":[{"href":"https:\/\/construcaocivil.siriusmarketingedesign.com.br\/index.php?rest_route=\/wp\/v2\/types\/post"}],"author":[{"embeddable":true,"href":"https:\/\/construcaocivil.siriusmarketingedesign.com.br\/index.php?rest_route=\/wp\/v2\/users\/1"}],"replies":[{"embeddable":true,"href":"https:\/\/construcaocivil.siriusmarketingedesign.com.br\/index.php?rest_route=%2Fwp%2Fv2%2Fcomments&post=25973"}],"version-history":[{"count":0,"href":"https:\/\/construcaocivil.siriusmarketingedesign.com.br\/index.php?rest_route=\/wp\/v2\/posts\/25973\/revisions"}],"wp:featuredmedia":[{"embeddable":true,"href":"https:\/\/construcaocivil.siriusmarketingedesign.com.br\/index.php?rest_route=\/wp\/v2\/media\/25974"}],"wp:attachment":[{"href":"https:\/\/construcaocivil.siriusmarketingedesign.com.br\/index.php?rest_route=%2Fwp%2Fv2%2Fmedia&parent=25973"}],"wp:term":[{"taxonomy":"category","embeddable":true,"href":"https:\/\/construcaocivil.siriusmarketingedesign.com.br\/index.php?rest_route=%2Fwp%2Fv2%2Fcategories&post=25973"},{"taxonomy":"post_tag","embeddable":true,"href":"https:\/\/construcaocivil.siriusmarketingedesign.com.br\/index.php?rest_route=%2Fwp%2Fv2%2Ftags&post=25973"}],"curies":[{"name":"wp","href":"https:\/\/api.w.org\/{rel}","templated":true}]}}