{"id":25976,"date":"2025-08-17T16:30:44","date_gmt":"2025-08-17T19:30:44","guid":{"rendered":"https:\/\/www.jornaldaconstrucaocivil.com.br\/?p=25976"},"modified":"2025-08-17T16:30:44","modified_gmt":"2025-08-17T19:30:44","slug":"ginga-niteroi-emociona-e-fortalece-a-cultura-afro-brasileira-em-tres-dias-de-celebracao-e-memoria","status":"publish","type":"post","link":"https:\/\/construcaocivil.siriusmarketingedesign.com.br\/?p=25976","title":{"rendered":"Ginga Niter\u00f3i emociona e fortalece a cultura afro-brasileira em tr\u00eas dias de celebra\u00e7\u00e3o e mem\u00f3ria"},"content":{"rendered":"<div>O fim de semana entre os dias 1\u00ba e 3 de agosto foi marcado por hist\u00f3ria, resist\u00eancia e celebra\u00e7\u00e3o com a realiza\u00e7\u00e3o do 2\u00ba Festival Ginga Niter\u00f3i, que reuniu capoeiristas, mestres e fam\u00edlias em tr\u00eas dias de intensa programa\u00e7\u00e3o entre o Rio de Janeiro e Niter\u00f3i.<\/p>\n<p>A abertura do festival aconteceu na sexta-feira (1\u00ba), no Instituto Pretos Novos, na Pequena \u00c1frica (RJ), com um momento potente de reflex\u00e3o sobre a ancestralidade negra e a for\u00e7a da capoeira como heran\u00e7a viva. Na ocasi\u00e3o, foram lan\u00e7ados dois importantes livros: &#8220;Da Navalha ao Berimbau&#8221;, do Mestre Colum\u00e1, e &#8220;Bimba, um s\u00e9culo da capoeira regional&#8221;, do Mestre Nenel, filho de Mestre Bimba, patrono da capoeira regional. O encontro foi marcado por falas emocionantes e uma apresenta\u00e7\u00e3o sobre o Instituto feita por Alexandre Nadai e uma simb\u00f3lica roda de capoeira dentro do IPN, espa\u00e7o sagrado da mem\u00f3ria negra no Brasil.<\/p>\n<p>No s\u00e1bado (2), o festival seguiu para Piratininga, em Niter\u00f3i, cercado pela natureza e pela energia acolhedora do Centro Ecocultural Sueli Pontes. Pela manh\u00e3, o p\u00fablico participou do curso pr\u00e1tico de capoeira regional com a presen\u00e7a ilustre de Mestre Nenel,\u00a0Mestra\u00a0Pregui\u00e7a e Professor Simba, vindos diretamente de Salvador &#8211; BA, da Escola de Capoeira Filhos de Bimba. Estiveram presentes capoeiristas de diversas partes do estado do Rio de Janeiro como: Niter\u00f3i, Friburgo, Rio das Ostras, S\u00e3o Gon\u00e7alo, Cabo Frio, Saquarema,\u00a0e Nova\u00a0Igua\u00e7u e de outros estados, em uma verdadeira confraterniza\u00e7\u00e3o nacional da arte-luta.<\/p>\n<p>Durante a tarde, o festival aprofundou os saberes com uma palestra sobre os fundamentos e a musicalidade da capoeira regional, conduzida por Mestre Nenel. O dia se encerrou com uma roda vibrante, unindo diferentes gera\u00e7\u00f5es.<br \/>\nJ\u00e1 no domingo (3), Dia do Capoeirista, o encerramento foi marcado por emo\u00e7\u00e3o e reconhecimento. Pela manh\u00e3, aconteceram os Jogos Escolares de Capoeira, com muita torcida e alegria entre as crian\u00e7as e fam\u00edlias. Logo em seguida, o \u00e1pice do festival: a Cerim\u00f4nia de Reconhecimento da Corda Vermelha.<\/p>\n<p>Os mestres Sil, Dente e Naldo foram homenageados por suas trajet\u00f3rias com mais 30 anos dedicados a essa arte, receberam a honraria das m\u00e3os do Mestre Nag\u00f4, num momento carregado de mem\u00f3ria, afeto e respeito. O 2\u00ba Festival Ginga Niter\u00f3i reafirmou o poder da capoeira como ferramenta de\u00a0transforma\u00e7\u00e3o, ancestralidade. Um vento h\u00edbrido, acess\u00edvel, \u00a0inclusivo e gratuito.<\/p>\n<p>Este evento, foi um ato de resist\u00eancia cultural, um lembrete para que o Dia do Capoeirista se torne uma data nacional, foi a celebra\u00e7\u00e3o de hist\u00f3rias e plantio para o futuro.<\/p>\n<div>&#8220;O Festival Ginga Niter\u00f3i \u00e9 idealizado para o\u00a0di\u00e1logo todas\u00a0as capoeiras e escolas de Capoeira, trazer o Mestre Nenel pela a primeira vez em Niter\u00f3i-RJ aproxima a hist\u00f3ria do seu pai Mestre Bimba e a Capoeira atual. Foi um evento intenso e com o ponto alto foi o recebimento da corda Vermelha das m\u00e3os do \u00a0grande Mestre Nag\u00f4. Eu gostaria de deixar meu agradecimento de todos envolvidos nessa\u00a0festa desde\u00a0o aluno mais iniciante at\u00e9 os mais velhos, e um agradecimento especial para o Leonardo Giordani e a secretaria das Culturas que patrocinou o evento\u201d, \u00a0comentou Paulo Braga, conhecido como Mestre Dente.<\/div>\n<\/div>\n","protected":false},"excerpt":{"rendered":"<p>O fim de semana entre os dias 1\u00ba e 3 de agosto foi marcado por hist\u00f3ria, resist\u00eancia e celebra\u00e7\u00e3o com a realiza\u00e7\u00e3o do 2\u00ba Festival Ginga Niter\u00f3i, que reuniu capoeiristas, mestres e fam\u00edlias em tr\u00eas dias de intensa programa\u00e7\u00e3o entre o Rio de Janeiro e Niter\u00f3i. A abertura do festival aconteceu na sexta-feira (1\u00ba), no [&hellip;]<\/p>\n","protected":false},"author":1,"featured_media":25977,"comment_status":"open","ping_status":"open","sticky":false,"template":"","format":"standard","meta":{"_uag_custom_page_level_css":"","footnotes":""},"categories":[27],"tags":[27619,27730,27731,8128,27729,27728],"class_list":["post-25976","post","type-post","status-publish","format-standard","has-post-thumbnail","hentry","category-acontece","tag-cultura-afro-brasileira","tag-dia-do-capoeirista","tag-festival-ginga-niteroi","tag-niteroi-rj","tag-pequena-africa-rj","tag-reconhecimento-da-corda-vermelha"],"blocksy_meta":[],"spectra_blocks_featured_image_url":{"thumbnail":{"url":"https:\/\/construcaocivil.siriusmarketingedesign.com.br\/wp-content\/uploads\/2025\/08\/Fotos-de-Viviana-Monteiro-5-150x150.jpeg","width":150,"height":150},"medium":{"url":"https:\/\/construcaocivil.siriusmarketingedesign.com.br\/wp-content\/uploads\/2025\/08\/Fotos-de-Viviana-Monteiro-5-300x200.jpeg","width":300,"height":200},"medium_large":{"url":"https:\/\/construcaocivil.siriusmarketingedesign.com.br\/wp-content\/uploads\/2025\/08\/Fotos-de-Viviana-Monteiro-5-768x512.jpeg","width":768,"height":512},"large":{"url":"https:\/\/construcaocivil.siriusmarketingedesign.com.br\/wp-content\/uploads\/2025\/08\/Fotos-de-Viviana-Monteiro-5-1024x683.jpeg","width":1024,"height":683},"full":{"url":"https:\/\/construcaocivil.siriusmarketingedesign.com.br\/wp-content\/uploads\/2025\/08\/Fotos-de-Viviana-Monteiro-5-scaled.jpeg","width":2560,"height":1707}},"spectra_blocks_author_info":{"display_name":"Jornal da Constru\u00e7\u00e3o Civil","avatar_url":"https:\/\/secure.gravatar.com\/avatar\/973c9774fd44ddaceb026973c4962faa70fc512bc4c9da68e8ebb40fecee6540?s=96&d=mm&r=g","author_link":"https:\/\/construcaocivil.siriusmarketingedesign.com.br\/?author=1","description":"Desde de 2013, levando muitas informa\u00e7\u00f5es, lan\u00e7amentos e produtos de qualidade para toda cadeia produtiva da constru\u00e7\u00e3o. O Futuro da constru\u00e7\u00e3o passa por aqui,"},"uagb_featured_image_src":{"full":["https:\/\/construcaocivil.siriusmarketingedesign.com.br\/wp-content\/uploads\/2025\/08\/Fotos-de-Viviana-Monteiro-5-scaled.jpeg",2560,1707,false],"thumbnail":["https:\/\/construcaocivil.siriusmarketingedesign.com.br\/wp-content\/uploads\/2025\/08\/Fotos-de-Viviana-Monteiro-5-150x150.jpeg",150,150,true],"medium":["https:\/\/construcaocivil.siriusmarketingedesign.com.br\/wp-content\/uploads\/2025\/08\/Fotos-de-Viviana-Monteiro-5-300x200.jpeg",300,200,true],"medium_large":["https:\/\/construcaocivil.siriusmarketingedesign.com.br\/wp-content\/uploads\/2025\/08\/Fotos-de-Viviana-Monteiro-5-768x512.jpeg",768,512,true],"large":["https:\/\/construcaocivil.siriusmarketingedesign.com.br\/wp-content\/uploads\/2025\/08\/Fotos-de-Viviana-Monteiro-5-1024x683.jpeg",1024,683,true],"1536x1536":["https:\/\/construcaocivil.siriusmarketingedesign.com.br\/wp-content\/uploads\/2025\/08\/Fotos-de-Viviana-Monteiro-5-1536x1024.jpeg",1536,1024,true],"2048x2048":["https:\/\/construcaocivil.siriusmarketingedesign.com.br\/wp-content\/uploads\/2025\/08\/Fotos-de-Viviana-Monteiro-5-2048x1365.jpeg",2048,1365,true]},"uagb_author_info":{"display_name":"Jornal da Constru\u00e7\u00e3o Civil","author_link":"https:\/\/construcaocivil.siriusmarketingedesign.com.br\/?author=1"},"uagb_comment_info":0,"uagb_excerpt":"O fim de semana entre os dias 1\u00ba e 3 de agosto foi marcado por hist\u00f3ria, resist\u00eancia e celebra\u00e7\u00e3o com a realiza\u00e7\u00e3o do 2\u00ba Festival Ginga Niter\u00f3i, que reuniu capoeiristas, mestres e fam\u00edlias em tr\u00eas dias de intensa programa\u00e7\u00e3o entre o Rio de Janeiro e Niter\u00f3i. A abertura do festival aconteceu na sexta-feira (1\u00ba), no&hellip;","_links":{"self":[{"href":"https:\/\/construcaocivil.siriusmarketingedesign.com.br\/index.php?rest_route=\/wp\/v2\/posts\/25976","targetHints":{"allow":["GET"]}}],"collection":[{"href":"https:\/\/construcaocivil.siriusmarketingedesign.com.br\/index.php?rest_route=\/wp\/v2\/posts"}],"about":[{"href":"https:\/\/construcaocivil.siriusmarketingedesign.com.br\/index.php?rest_route=\/wp\/v2\/types\/post"}],"author":[{"embeddable":true,"href":"https:\/\/construcaocivil.siriusmarketingedesign.com.br\/index.php?rest_route=\/wp\/v2\/users\/1"}],"replies":[{"embeddable":true,"href":"https:\/\/construcaocivil.siriusmarketingedesign.com.br\/index.php?rest_route=%2Fwp%2Fv2%2Fcomments&post=25976"}],"version-history":[{"count":0,"href":"https:\/\/construcaocivil.siriusmarketingedesign.com.br\/index.php?rest_route=\/wp\/v2\/posts\/25976\/revisions"}],"wp:featuredmedia":[{"embeddable":true,"href":"https:\/\/construcaocivil.siriusmarketingedesign.com.br\/index.php?rest_route=\/wp\/v2\/media\/25977"}],"wp:attachment":[{"href":"https:\/\/construcaocivil.siriusmarketingedesign.com.br\/index.php?rest_route=%2Fwp%2Fv2%2Fmedia&parent=25976"}],"wp:term":[{"taxonomy":"category","embeddable":true,"href":"https:\/\/construcaocivil.siriusmarketingedesign.com.br\/index.php?rest_route=%2Fwp%2Fv2%2Fcategories&post=25976"},{"taxonomy":"post_tag","embeddable":true,"href":"https:\/\/construcaocivil.siriusmarketingedesign.com.br\/index.php?rest_route=%2Fwp%2Fv2%2Ftags&post=25976"}],"curies":[{"name":"wp","href":"https:\/\/api.w.org\/{rel}","templated":true}]}}