{"id":25995,"date":"2025-08-20T13:40:27","date_gmt":"2025-08-20T16:40:27","guid":{"rendered":"https:\/\/www.jornaldaconstrucaocivil.com.br\/?p=25995"},"modified":"2025-08-20T13:40:27","modified_gmt":"2025-08-20T16:40:27","slug":"grupo-manitou-reune-distribuidores-do-brasil-e-da-america-latina-para-o-service-solutions-days","status":"publish","type":"post","link":"https:\/\/construcaocivil.siriusmarketingedesign.com.br\/?p=25995","title":{"rendered":"Grupo Manitou re\u00fane distribuidores do Brasil e da Am\u00e9rica Latina para o &#8220;Service &#038; Solutions Days&#8221;"},"content":{"rendered":"<div id=\"v1gmail-:8gs\" class=\"v1gmail-ii v1gmail-gt\">\n<div id=\"v1gmail-:8gr\" class=\"v1gmail-a3s v1gmail-aiL\">\n<div dir=\"ltr\">\n<div>\n<div>\n<p class=\"v1MsoNormal\" style=\"text-align: justify;\" align=\"center\"><i>Empresa aproveitou a ocasi\u00e3o para reconhecer os resultados obtidos pelos distribuidores no ano de 2024<\/i><\/p>\n<p class=\"v1MsoNormal\" style=\"text-align: justify;\">\n<p class=\"v1MsoNormal\" style=\"text-align: justify;\"><b>Vinhedo, agosto de 2025<\/b>\u00a0\u2013 O Grupo Manitou reuniu, em Vinhedo e na Col\u00f4mbia, distribuidores de toda a Am\u00e9rica Latina para o &#8220;Service &amp; Solutions Days&#8221;, evento que discutiu os processos de p\u00f3s-venda e as melhorias realizadas nos \u00faltimos anos. Participaram dos eventos diversos executivos globais da empresa, agregando conhecimento sobre os processos e as estrat\u00e9gias empregadas mundo afora.<\/p>\n<p class=\"v1MsoNormal\" style=\"text-align: justify;\">\n<p class=\"v1MsoNormal\" style=\"text-align: justify;\">Marcelo Bracco, diretor geral da Manitou LATAM, afirma que esta foi uma oportunidade de estar mais pr\u00f3ximo da rede de distribuidores da Am\u00e9rica Latina e do Brasil. &#8220;Este encontro \u00e9 fundamental para que todos estejam alinhados com os processos da Manitou e sigam juntos, a quatro m\u00e3os, crescendo. O p\u00f3s-venda \u00e9 fundamental para a consolida\u00e7\u00e3o da marca na regi\u00e3o&#8221;, diz Bracco.<\/p>\n<p class=\"v1MsoNormal\" style=\"text-align: justify;\">\n<p class=\"v1MsoNormal\" style=\"text-align: justify;\">Al\u00e9m de reconhecer o desempenho dos distribuidores em diferentes categorias, a Manitou apresentou a rota de crescimento 2025-2030, que prev\u00ea:<\/p>\n<p class=\"v1MsoNormal\" style=\"text-align: justify;\">\n<ul style=\"text-align: justify;\" type=\"disc\">\n<li class=\"v1MsoNormal\"><b>Solu\u00e7\u00f5es de financiamento para vendas<\/b>, abrangendo estoque, varejo e loca\u00e7\u00e3o;<\/li>\n<li class=\"v1MsoNormal\"><b>Estoque local via Free Zones<\/b>, no Brasil e no M\u00e9xico, para otimizar a disponibilidade de produtos;<\/li>\n<li class=\"v1MsoNormal\"><b>Refor\u00e7o das equipes operativas<\/b>\u00a0para Sales &amp; Marketing (S&amp;M) e Service &amp; Solutions (S&amp;S);<\/li>\n<li class=\"v1MsoNormal\"><b>Investimento em demonstra\u00e7\u00f5es de equipamentos<\/b>\u00a0como forte ferramenta de vendas;<\/li>\n<li class=\"v1MsoNormal\"><b>Melhoria no conhecimento da marca<\/b>, especialmente nos mercados do Brasil e do M\u00e9xico.<\/li>\n<\/ul>\n<p class=\"v1MsoNormal\" style=\"text-align: justify;\">\n<p class=\"v1MsoNormal\" style=\"text-align: justify;\">As principais estrat\u00e9gias para atingir esses objetivos incluem o desenvolvimento e crescimento de distribuidores Manitou e GEHL, fortalecendo a base atual e impulsionando o mercado de manipuladores telesc\u00f3picos junto \u00e0s outras categorias; foco em produto, principalmente em agricultura por meio de demonstra\u00e7\u00f5es; fortalecimento do p\u00f3s-venda, com prioridade para alta taxa de atendimento de pe\u00e7as e servi\u00e7os que garantam zero m\u00e1quinas paradas; e vendas diretas, com foco em segmentos estrat\u00e9gicos como \u00d3leo &amp; G\u00e1s e Minera\u00e7\u00e3o.<\/p>\n<p class=\"v1MsoNormal\" style=\"text-align: justify;\">\n<p class=\"v1MsoNormal\" style=\"text-align: justify;\">Para Hugo Moyano, gerente de pe\u00e7as e acess\u00f3rios para Am\u00e9rica do Sul e Central da Manitou, foi uma \u00f3tima oportunidade de mostrar aos distribuidores as melhorias que v\u00eam sendo realizadas pela Manitou. &#8220;Foi um grande evento. Desta vez, al\u00e9m das premia\u00e7\u00f5es que j\u00e1 fazemos tradicionalmente, destacamos as pessoas que formam as equipes em suas respectivas empresas e que s\u00e3o aqueles que fazem a gest\u00e3o do dia a dia&#8221;.<\/p>\n<p class=\"v1MsoNormal\" style=\"text-align: justify;\">\n<p class=\"v1MsoNormal\" style=\"text-align: justify;\">A empresa aproveitou a ocasi\u00e3o para reconhecer os resultados obtidos pelos distribuidores no ano de 2024 nas categorias: master winner 2024 pelo melhor desempenho em pe\u00e7as; melhor crescimento em pe\u00e7as; melhor desenvolvimento de servi\u00e7os; melhor comunica\u00e7\u00e3o t\u00e9cnica; e melhor solu\u00e7\u00e3o t\u00e9cnica. Os vencedores foram, respectivamente,\u00a0Gilio Maquinarias do M\u00e9xico; Gruas San Blas, da Argentina; Gilio Maquinarias do M\u00e9xico; SK Comercial, do Chile; Gilio Maquinarias do M\u00e9xico. A Norman Menjivar, da Multiequipos Guatemala, recebeu a Medalha Especial pelo apoio durante os \u00faltimos 12 anos \u00e0s marcas Manitou e Gehl no pa\u00eds.<\/p>\n<p class=\"v1MsoNormal\" style=\"text-align: justify;\">\n<p class=\"v1MsoNormal\" style=\"text-align: justify;\">J\u00e1 no Brasil, as categorias premiadas foram: Desenvolvimento de Servi\u00e7o R1, BAUKO M\u00c1QUINAS S\/A; Desenvolvimento de Servi\u00e7o R2, VIANMAQ EQUIPAMENTOS LTDA; Melhor Performance Pedido de Estoque de Pe\u00e7as, BERTINATTO M\u00c1QUINAS LTDA; e Capacita\u00e7\u00e3o Cont\u00ednua\u00a02024, DISTRIBUIDORA CUMMINS MINAS LTDA.<\/p>\n<p class=\"v1MsoNormal\" style=\"text-align: justify;\">\n<p class=\"v1MsoNormal\" style=\"text-align: justify;\">&#8220;Foi extremamente enriquecedor poder trocar experi\u00eancias, discutir abertamente os desafios enfrentados nas \u00e1reas de Pe\u00e7as e Servi\u00e7os e, principalmente, buscar juntos solu\u00e7\u00f5es e melhorias. Reuni\u00f5es como essa fazem toda a diferen\u00e7a na constru\u00e7\u00e3o de uma parceria s\u00f3lida entre Distribuidores e Fabricante, com foco no aprimoramento cont\u00ednuo do atendimento aos nossos clientes&#8221;, finaliza Bracco.<\/p>\n<\/div>\n<\/div>\n<\/div>\n<div class=\"v1gmail-yj6qo\" style=\"text-align: justify;\"><\/div>\n<div class=\"v1gmail-adL\" style=\"text-align: justify;\"><\/div>\n<\/div>\n<\/div>\n<div id=\"v1gmail-:8h6\" class=\"v1gmail-hq v1gmail-gt\" style=\"text-align: justify;\"><\/div>\n","protected":false},"excerpt":{"rendered":"<p>Empresa aproveitou a ocasi\u00e3o para reconhecer os resultados obtidos pelos distribuidores no ano de 2024 Vinhedo, agosto de 2025\u00a0\u2013 O Grupo Manitou reuniu, em Vinhedo e na Col\u00f4mbia, distribuidores de toda a Am\u00e9rica Latina para o &#8220;Service &amp; Solutions Days&#8221;, evento que discutiu os processos de p\u00f3s-venda e as melhorias realizadas nos \u00faltimos anos. Participaram [&hellip;]<\/p>\n","protected":false},"author":1,"featured_media":25996,"comment_status":"open","ping_status":"open","sticky":false,"template":"","format":"standard","meta":{"_uag_custom_page_level_css":"","footnotes":""},"categories":[32],"tags":[20104,23143,7167,27743,27744],"class_list":["post-25995","post","type-post","status-publish","format-standard","has-post-thumbnail","hentry","category-maquinas-e-equipamentos","tag-construcao-e-agricultura","tag-grupo-manitou","tag-manitou","tag-plataformas-mecanicas","tag-servicos-e-pos-vendas"],"blocksy_meta":[],"spectra_blocks_featured_image_url":{"thumbnail":{"url":"https:\/\/construcaocivil.siriusmarketingedesign.com.br\/wp-content\/uploads\/2025\/08\/SS-Brasil-150x150.jpg","width":150,"height":150},"medium":{"url":"https:\/\/construcaocivil.siriusmarketingedesign.com.br\/wp-content\/uploads\/2025\/08\/SS-Brasil-300x223.jpg","width":300,"height":223},"medium_large":{"url":"https:\/\/construcaocivil.siriusmarketingedesign.com.br\/wp-content\/uploads\/2025\/08\/SS-Brasil-768x570.jpg","width":768,"height":570},"large":{"url":"https:\/\/construcaocivil.siriusmarketingedesign.com.br\/wp-content\/uploads\/2025\/08\/SS-Brasil-1024x760.jpg","width":1024,"height":760},"full":{"url":"https:\/\/construcaocivil.siriusmarketingedesign.com.br\/wp-content\/uploads\/2025\/08\/SS-Brasil.jpg","width":1600,"height":1187}},"spectra_blocks_author_info":{"display_name":"Jornal da Constru\u00e7\u00e3o Civil","avatar_url":"https:\/\/secure.gravatar.com\/avatar\/973c9774fd44ddaceb026973c4962faa70fc512bc4c9da68e8ebb40fecee6540?s=96&d=mm&r=g","author_link":"https:\/\/construcaocivil.siriusmarketingedesign.com.br\/?author=1","description":"Desde de 2013, levando muitas informa\u00e7\u00f5es, lan\u00e7amentos e produtos de qualidade para toda cadeia produtiva da constru\u00e7\u00e3o. O Futuro da constru\u00e7\u00e3o passa por aqui,"},"uagb_featured_image_src":{"full":["https:\/\/construcaocivil.siriusmarketingedesign.com.br\/wp-content\/uploads\/2025\/08\/SS-Brasil.jpg",1600,1187,false],"thumbnail":["https:\/\/construcaocivil.siriusmarketingedesign.com.br\/wp-content\/uploads\/2025\/08\/SS-Brasil-150x150.jpg",150,150,true],"medium":["https:\/\/construcaocivil.siriusmarketingedesign.com.br\/wp-content\/uploads\/2025\/08\/SS-Brasil-300x223.jpg",300,223,true],"medium_large":["https:\/\/construcaocivil.siriusmarketingedesign.com.br\/wp-content\/uploads\/2025\/08\/SS-Brasil-768x570.jpg",768,570,true],"large":["https:\/\/construcaocivil.siriusmarketingedesign.com.br\/wp-content\/uploads\/2025\/08\/SS-Brasil-1024x760.jpg",1024,760,true],"1536x1536":["https:\/\/construcaocivil.siriusmarketingedesign.com.br\/wp-content\/uploads\/2025\/08\/SS-Brasil-1536x1140.jpg",1536,1140,true],"2048x2048":["https:\/\/construcaocivil.siriusmarketingedesign.com.br\/wp-content\/uploads\/2025\/08\/SS-Brasil.jpg",1600,1187,false]},"uagb_author_info":{"display_name":"Jornal da Constru\u00e7\u00e3o Civil","author_link":"https:\/\/construcaocivil.siriusmarketingedesign.com.br\/?author=1"},"uagb_comment_info":0,"uagb_excerpt":"Empresa aproveitou a ocasi\u00e3o para reconhecer os resultados obtidos pelos distribuidores no ano de 2024 Vinhedo, agosto de 2025\u00a0\u2013 O Grupo Manitou reuniu, em Vinhedo e na Col\u00f4mbia, distribuidores de toda a Am\u00e9rica Latina para o &#8220;Service &amp; Solutions Days&#8221;, evento que discutiu os processos de p\u00f3s-venda e as melhorias realizadas nos \u00faltimos anos. Participaram&hellip;","_links":{"self":[{"href":"https:\/\/construcaocivil.siriusmarketingedesign.com.br\/index.php?rest_route=\/wp\/v2\/posts\/25995","targetHints":{"allow":["GET"]}}],"collection":[{"href":"https:\/\/construcaocivil.siriusmarketingedesign.com.br\/index.php?rest_route=\/wp\/v2\/posts"}],"about":[{"href":"https:\/\/construcaocivil.siriusmarketingedesign.com.br\/index.php?rest_route=\/wp\/v2\/types\/post"}],"author":[{"embeddable":true,"href":"https:\/\/construcaocivil.siriusmarketingedesign.com.br\/index.php?rest_route=\/wp\/v2\/users\/1"}],"replies":[{"embeddable":true,"href":"https:\/\/construcaocivil.siriusmarketingedesign.com.br\/index.php?rest_route=%2Fwp%2Fv2%2Fcomments&post=25995"}],"version-history":[{"count":0,"href":"https:\/\/construcaocivil.siriusmarketingedesign.com.br\/index.php?rest_route=\/wp\/v2\/posts\/25995\/revisions"}],"wp:featuredmedia":[{"embeddable":true,"href":"https:\/\/construcaocivil.siriusmarketingedesign.com.br\/index.php?rest_route=\/wp\/v2\/media\/25996"}],"wp:attachment":[{"href":"https:\/\/construcaocivil.siriusmarketingedesign.com.br\/index.php?rest_route=%2Fwp%2Fv2%2Fmedia&parent=25995"}],"wp:term":[{"taxonomy":"category","embeddable":true,"href":"https:\/\/construcaocivil.siriusmarketingedesign.com.br\/index.php?rest_route=%2Fwp%2Fv2%2Fcategories&post=25995"},{"taxonomy":"post_tag","embeddable":true,"href":"https:\/\/construcaocivil.siriusmarketingedesign.com.br\/index.php?rest_route=%2Fwp%2Fv2%2Ftags&post=25995"}],"curies":[{"name":"wp","href":"https:\/\/api.w.org\/{rel}","templated":true}]}}