{"id":25998,"date":"2025-08-21T11:25:24","date_gmt":"2025-08-21T14:25:24","guid":{"rendered":"https:\/\/www.jornaldaconstrucaocivil.com.br\/?p=25998"},"modified":"2025-08-21T11:25:24","modified_gmt":"2025-08-21T14:25:24","slug":"projeto-agricultura-social-chega-a-pirai-em-sua-5a-edicao","status":"publish","type":"post","link":"https:\/\/construcaocivil.siriusmarketingedesign.com.br\/?p=25998","title":{"rendered":"Projeto Agricultura Social chega a Pira\u00ed em sua 5\u00aa edi\u00e7\u00e3o"},"content":{"rendered":"<div>\n<p style=\"text-align: justify;\"><i>Iniciativa promove inclus\u00e3o, fortalecimento da agricultura familiar e integra\u00e7\u00e3o comunit\u00e1ria<\/i><\/p>\n<div>\n<div style=\"text-align: justify;\">No pr\u00f3ximo s\u00e1bado, dia 23 de agosto, o munic\u00edpio de Pira\u00ed recebe a 5\u00aa edi\u00e7\u00e3o do Projeto Agricultura Social, uma a\u00e7\u00e3o conjunta das Secretarias de Agricultura, Pecu\u00e1ria e Abastecimento e de Desenvolvimento Social e Direitos Humanos, realizada atrav\u00e9s da Pesagro-Rio. O evento acontece das 9h \u00e0s 14h, na Pra\u00e7a do Cai\u00e7ara, em frente \u00e0 Escola Epit\u00e1cio Campos, reunindo produtores locais, t\u00e9cnicos e a comunidade em torno do fortalecimento da agricultura familiar e do desenvolvimento social.<\/div>\n<div style=\"text-align: justify;\"><\/div>\n<div style=\"text-align: justify;\">O Agricultura Social \u00e9 um projeto que tem como objetivo valorizar a produ\u00e7\u00e3o agr\u00edcola do estado do Rio de Janeiro, estimular pr\u00e1ticas sustent\u00e1veis e, ao mesmo tempo, criar espa\u00e7os de integra\u00e7\u00e3o entre agricultores e a popula\u00e7\u00e3o. Mais do que um encontro de neg\u00f3cios, a iniciativa promove oportunidades de aprendizado, troca de experi\u00eancias e acesso a pol\u00edticas p\u00fablicas que impulsionam tanto o campo quanto a vida urbana.<\/div>\n<div style=\"text-align: justify;\"><\/div>\n<div style=\"text-align: justify;\">Nesta edi\u00e7\u00e3o, os participantes poder\u00e3o conhecer de perto iniciativas de fomento \u00e0 agricultura, programas de inclus\u00e3o produtiva e a\u00e7\u00f5es que estimulam o consumo consciente e a valoriza\u00e7\u00e3o dos produtores rurais. A proposta \u00e9 aproximar campo e cidade, mostrando a import\u00e2ncia da produ\u00e7\u00e3o local para a seguran\u00e7a alimentar e para a gera\u00e7\u00e3o de renda. Al\u00e9m da entrega de estufa para horta comunit\u00e1ria<\/div>\n<div style=\"text-align: justify;\"><\/div>\n<div style=\"text-align: justify;\">Segundo a organiza\u00e7\u00e3o, o evento tamb\u00e9m busca refor\u00e7ar o papel estrat\u00e9gico da agricultura como agente de transforma\u00e7\u00e3o social. Ao unir desenvolvimento econ\u00f4mico e inclus\u00e3o social, o Agricultura Social consolida-se como uma plataforma para fortalecer v\u00ednculos comunit\u00e1rios e oferecer novas perspectivas para agricultores e suas fam\u00edlias.<\/div>\n<div style=\"text-align: justify;\"><\/div>\n<div style=\"text-align: justify;\">Com entrada gratuita, a a\u00e7\u00e3o \u00e9 aberta a todos e promete movimentar a regi\u00e3o, incentivando pr\u00e1ticas de solidariedade, sustentabilidade e cidadania.<\/div>\n<\/div>\n<\/div>\n","protected":false},"excerpt":{"rendered":"<p>Iniciativa promove inclus\u00e3o, fortalecimento da agricultura familiar e integra\u00e7\u00e3o comunit\u00e1ria No pr\u00f3ximo s\u00e1bado, dia 23 de agosto, o munic\u00edpio de Pira\u00ed recebe a 5\u00aa edi\u00e7\u00e3o do Projeto Agricultura Social, uma a\u00e7\u00e3o conjunta das Secretarias de Agricultura, Pecu\u00e1ria e Abastecimento e de Desenvolvimento Social e Direitos Humanos, realizada atrav\u00e9s da Pesagro-Rio. O evento acontece das 9h [&hellip;]<\/p>\n","protected":false},"author":1,"featured_media":25999,"comment_status":"open","ping_status":"open","sticky":false,"template":"","format":"standard","meta":{"_uag_custom_page_level_css":"","footnotes":""},"categories":[37],"tags":[532,601,27745,27746,9484],"class_list":["post-25998","post","type-post","status-publish","format-standard","has-post-thumbnail","hentry","category-sustentabilidade","tag-agricultura-familiar","tag-alimentos","tag-pesagro","tag-pirai-rj","tag-produtores-rurais"],"blocksy_meta":[],"spectra_blocks_featured_image_url":{"thumbnail":{"url":"https:\/\/construcaocivil.siriusmarketingedesign.com.br\/wp-content\/uploads\/2025\/08\/agricultura110442-150x150.jpg","width":150,"height":150},"medium":{"url":"https:\/\/construcaocivil.siriusmarketingedesign.com.br\/wp-content\/uploads\/2025\/08\/agricultura110442-300x200.jpg","width":300,"height":200},"medium_large":{"url":"https:\/\/construcaocivil.siriusmarketingedesign.com.br\/wp-content\/uploads\/2025\/08\/agricultura110442-768x512.jpg","width":768,"height":512},"large":{"url":"https:\/\/construcaocivil.siriusmarketingedesign.com.br\/wp-content\/uploads\/2025\/08\/agricultura110442-1024x683.jpg","width":1024,"height":683},"full":{"url":"https:\/\/construcaocivil.siriusmarketingedesign.com.br\/wp-content\/uploads\/2025\/08\/agricultura110442-scaled.jpg","width":2560,"height":1707}},"spectra_blocks_author_info":{"display_name":"Jornal da Constru\u00e7\u00e3o Civil","avatar_url":"https:\/\/secure.gravatar.com\/avatar\/973c9774fd44ddaceb026973c4962faa70fc512bc4c9da68e8ebb40fecee6540?s=96&d=mm&r=g","author_link":"https:\/\/construcaocivil.siriusmarketingedesign.com.br\/?author=1","description":"Desde de 2013, levando muitas informa\u00e7\u00f5es, lan\u00e7amentos e produtos de qualidade para toda cadeia produtiva da constru\u00e7\u00e3o. O Futuro da constru\u00e7\u00e3o passa por aqui,"},"uagb_featured_image_src":{"full":["https:\/\/construcaocivil.siriusmarketingedesign.com.br\/wp-content\/uploads\/2025\/08\/agricultura110442-scaled.jpg",2560,1707,false],"thumbnail":["https:\/\/construcaocivil.siriusmarketingedesign.com.br\/wp-content\/uploads\/2025\/08\/agricultura110442-150x150.jpg",150,150,true],"medium":["https:\/\/construcaocivil.siriusmarketingedesign.com.br\/wp-content\/uploads\/2025\/08\/agricultura110442-300x200.jpg",300,200,true],"medium_large":["https:\/\/construcaocivil.siriusmarketingedesign.com.br\/wp-content\/uploads\/2025\/08\/agricultura110442-768x512.jpg",768,512,true],"large":["https:\/\/construcaocivil.siriusmarketingedesign.com.br\/wp-content\/uploads\/2025\/08\/agricultura110442-1024x683.jpg",1024,683,true],"1536x1536":["https:\/\/construcaocivil.siriusmarketingedesign.com.br\/wp-content\/uploads\/2025\/08\/agricultura110442-1536x1024.jpg",1536,1024,true],"2048x2048":["https:\/\/construcaocivil.siriusmarketingedesign.com.br\/wp-content\/uploads\/2025\/08\/agricultura110442-2048x1365.jpg",2048,1365,true]},"uagb_author_info":{"display_name":"Jornal da Constru\u00e7\u00e3o Civil","author_link":"https:\/\/construcaocivil.siriusmarketingedesign.com.br\/?author=1"},"uagb_comment_info":0,"uagb_excerpt":"Iniciativa promove inclus\u00e3o, fortalecimento da agricultura familiar e integra\u00e7\u00e3o comunit\u00e1ria No pr\u00f3ximo s\u00e1bado, dia 23 de agosto, o munic\u00edpio de Pira\u00ed recebe a 5\u00aa edi\u00e7\u00e3o do Projeto Agricultura Social, uma a\u00e7\u00e3o conjunta das Secretarias de Agricultura, Pecu\u00e1ria e Abastecimento e de Desenvolvimento Social e Direitos Humanos, realizada atrav\u00e9s da Pesagro-Rio. O evento acontece das 9h&hellip;","_links":{"self":[{"href":"https:\/\/construcaocivil.siriusmarketingedesign.com.br\/index.php?rest_route=\/wp\/v2\/posts\/25998","targetHints":{"allow":["GET"]}}],"collection":[{"href":"https:\/\/construcaocivil.siriusmarketingedesign.com.br\/index.php?rest_route=\/wp\/v2\/posts"}],"about":[{"href":"https:\/\/construcaocivil.siriusmarketingedesign.com.br\/index.php?rest_route=\/wp\/v2\/types\/post"}],"author":[{"embeddable":true,"href":"https:\/\/construcaocivil.siriusmarketingedesign.com.br\/index.php?rest_route=\/wp\/v2\/users\/1"}],"replies":[{"embeddable":true,"href":"https:\/\/construcaocivil.siriusmarketingedesign.com.br\/index.php?rest_route=%2Fwp%2Fv2%2Fcomments&post=25998"}],"version-history":[{"count":0,"href":"https:\/\/construcaocivil.siriusmarketingedesign.com.br\/index.php?rest_route=\/wp\/v2\/posts\/25998\/revisions"}],"wp:featuredmedia":[{"embeddable":true,"href":"https:\/\/construcaocivil.siriusmarketingedesign.com.br\/index.php?rest_route=\/wp\/v2\/media\/25999"}],"wp:attachment":[{"href":"https:\/\/construcaocivil.siriusmarketingedesign.com.br\/index.php?rest_route=%2Fwp%2Fv2%2Fmedia&parent=25998"}],"wp:term":[{"taxonomy":"category","embeddable":true,"href":"https:\/\/construcaocivil.siriusmarketingedesign.com.br\/index.php?rest_route=%2Fwp%2Fv2%2Fcategories&post=25998"},{"taxonomy":"post_tag","embeddable":true,"href":"https:\/\/construcaocivil.siriusmarketingedesign.com.br\/index.php?rest_route=%2Fwp%2Fv2%2Ftags&post=25998"}],"curies":[{"name":"wp","href":"https:\/\/api.w.org\/{rel}","templated":true}]}}