{"id":260,"date":"2015-10-27T16:12:20","date_gmt":"2015-10-27T16:12:20","guid":{"rendered":"http:\/\/www.jornaldaconstrucaocivil.com.br\/?p=260"},"modified":"2022-04-17T20:45:03","modified_gmt":"2022-04-17T23:45:03","slug":"marica-descaso-da-cedae-e-a-causa-da-falta-de-agua-em-condominio-do-minha-casa-minha-vida-de-inoa","status":"publish","type":"post","link":"https:\/\/construcaocivil.siriusmarketingedesign.com.br\/?p=260","title":{"rendered":"Maric\u00e1: Descaso da Cedae \u00e9 a causa da falta de \u00e1gua em condom\u00ednio do Minha Casa Minha Vida de Ino\u00e3"},"content":{"rendered":"<p style=\"text-align: justify;\"><span style=\"color: #000000;\">As dificuldades impostas pela falta de fornecimento de \u00e1gua aos moradores do Condom\u00ednio Carlos Alberto Soares de Freitas, em Ino\u00e3, s\u00e3o de exclusiva responsabilidade da Cedae, cujo cronograma de a\u00e7\u00f5es em Maric\u00e1 nunca avan\u00e7ou na mesma velocidade e urg\u00eancia que as\u00a0necessidades da popula\u00e7\u00e3o. <\/span><\/p>\n<p style=\"text-align: justify;\"><span style=\"color: #000000;\">No caso espec\u00edfico do condom\u00ednio com quase 1500 unidades do programa Minha Casa Minha Vida, o descaso \u00e9 ainda mais evidente: desde\u00a0dezembro de 2011, a Cedae, que det\u00e9m contrato com exclusividade\u00a0de concess\u00e3o por 35 anos assinado na gest\u00e3o anterior, estava ciente do aumento de demanda que as obras do empreendimento implicariam na regi\u00e3o. Na \u00e9poca\u00a0a concession\u00e1ria n\u00e3o se op\u00f4s \u00e0 constru\u00e7\u00e3o do empreendimento proposta pelo munic\u00edpio\u00a0e emitiu a Declara\u00e7\u00e3o de Possibilidade de Abastecimento (DPA) 129\/11, na qual\u00a0condicionava\u00a0a execu\u00e7\u00e3o do servi\u00e7o ao cumprimento de uma s\u00e9rie de premissas pr\u00f3prias &#8211; como a amplia\u00e7\u00e3o da rede de abastecimento at\u00e9 Ino\u00e3 e Itaipua\u00e7u &#8211;\u00a0e tamb\u00e9m\u00a0por parte da construtora Sertenge, respons\u00e1vel pela obra.\u00a0<\/span><\/p>\n<p style=\"text-align: justify;\"><span style=\"color: #000000;\">Tamb\u00e9m na\u00a0\u00e9poca, como comprova a documenta\u00e7\u00e3o em poder da Prefeitura, a empresa emitiu Solicita\u00e7\u00e3o de Obras referente \u00e0 mesma DPA, o que, para o munic\u00edpio, sinalizava a inten\u00e7\u00e3o de instalar as redes e reservat\u00f3rios necess\u00e1rios em tempo h\u00e1bil\u00a0para o atendimento da demanda do condom\u00ednio. Completando o processo, a mesma Cedae emitiu o chamado &#8220;aceite&#8221; &#8211; documento atrav\u00e9s do qual a concession\u00e1ria considera que as propostas previstas na DPA foram cumpridas &#8211;\u00a0no dia\u00a025 de junho deste ano, ou seja,\u00a0<strong>quatro meses antes de\u00a0a Prefeitura autorizar as mudan\u00e7as<\/strong>\u00a0dos moradores. A informa\u00e7\u00e3o da empresa, empurrando para o ano que vem a conclus\u00e3o das obras que j\u00e1 deveriam estar prontas, carece de\u00a0qualquer credibilidade.<\/span><\/p>\n<p style=\"text-align: justify;\"><span style=\"color: #000000;\">Pela DPA, o empreendimento somente poderia ser abastecido ap\u00f3s a implanta\u00e7\u00e3o do Sistema de Abastecimento de \u00c1gua de Ino\u00e3 e Itaipua\u00e7u. Ocorre que a obra foi conclu\u00edda e inaugurada\u00a0pela Cedae\u00a0em junho de 2014, mas at\u00e9 agora as torneiras do\u00a0empreendimento e de outras \u00e1reas da regi\u00e3o\u00a0continuam secas.<\/span><\/p>\n<p style=\"text-align: justify;\"><span style=\"color: #000000;\">Desde que os moradores come\u00e7aram a habitar os im\u00f3veis a que tinham direito nos condom\u00ednios, a Prefeitura vem acompanhando de perto\u00a0a situa\u00e7\u00e3o e\u00a0cobra intensivamente da Caixa Econ\u00f4mica (gestora da constru\u00e7\u00e3o)\u00a0e da Cedae a solu\u00e7\u00e3o definitiva dos problemas nos condom\u00ednios do programa Minha Casa Minha Vida de Ino\u00e3 e Itaipua\u00e7u. Justamente por isso, n\u00e3o vai considerar a obra entregue enquanto todos os problemas n\u00e3o estiverem\u00a0solucionados, o que significa autorizar o pagamento das \u00faltimas parcelas. A popula\u00e7\u00e3o de Ino\u00e3, especialmente as quase 1500 fam\u00edlias do condom\u00ednio Carlos Alberto Soares de Freitas, n\u00e3o pode ficar \u00e0 merc\u00ea de um cronograma conduzido\u00a0pelo descaso hist\u00f3rico da Cedae para com as demandas de Maric\u00e1.<\/span><\/p>\n<p style=\"text-align: justify;\"><span style=\"color: #800080;\">Fonte: Assessoria de Comunica\u00e7\u00e3o &#8211; Maric\u00e1-RJ<\/span><\/p>\n","protected":false},"excerpt":{"rendered":"<p>As dificuldades impostas pela falta de fornecimento de \u00e1gua aos moradores do Condom\u00ednio Carlos Alberto Soares de Freitas, em Ino\u00e3, s\u00e3o de exclusiva responsabilidade da Cedae, cujo cronograma de a\u00e7\u00f5es em Maric\u00e1 nunca avan\u00e7ou na mesma velocidade e urg\u00eancia que as\u00a0necessidades da popula\u00e7\u00e3o. No caso espec\u00edfico do condom\u00ednio com quase 1500 unidades do programa Minha [&hellip;]<\/p>\n","protected":false},"author":1,"featured_media":19120,"comment_status":"open","ping_status":"open","sticky":false,"template":"","format":"quote","meta":{"_uag_custom_page_level_css":"","footnotes":""},"categories":[31],"tags":[547,2050,7291,7692,10936],"class_list":["post-260","post","type-post","status-publish","format-quote","has-post-thumbnail","hentry","category-infraestrutura","tag-agua","tag-cedae","tag-marica","tag-minha-casa-minha-vida","tag-servicos-de-agua-e-esgoto","post_format-post-format-quote"],"blocksy_meta":[],"spectra_blocks_featured_image_url":{"thumbnail":{"url":"https:\/\/construcaocivil.siriusmarketingedesign.com.br\/wp-content\/uploads\/2015\/10\/WhatsApp-Image-2021-09-11-at-10.29.50-1-150x150.jpeg","width":150,"height":150},"medium":{"url":"https:\/\/construcaocivil.siriusmarketingedesign.com.br\/wp-content\/uploads\/2015\/10\/WhatsApp-Image-2021-09-11-at-10.29.50-1-300x200.jpeg","width":300,"height":200},"medium_large":{"url":"https:\/\/construcaocivil.siriusmarketingedesign.com.br\/wp-content\/uploads\/2015\/10\/WhatsApp-Image-2021-09-11-at-10.29.50-1-768x512.jpeg","width":768,"height":512},"large":{"url":"https:\/\/construcaocivil.siriusmarketingedesign.com.br\/wp-content\/uploads\/2015\/10\/WhatsApp-Image-2021-09-11-at-10.29.50-1-1024x683.jpeg","width":1024,"height":683},"full":{"url":"https:\/\/construcaocivil.siriusmarketingedesign.com.br\/wp-content\/uploads\/2015\/10\/WhatsApp-Image-2021-09-11-at-10.29.50-1.jpeg","width":1599,"height":1066}},"spectra_blocks_author_info":{"display_name":"Jornal da Constru\u00e7\u00e3o Civil","avatar_url":"https:\/\/secure.gravatar.com\/avatar\/973c9774fd44ddaceb026973c4962faa70fc512bc4c9da68e8ebb40fecee6540?s=96&d=mm&r=g","author_link":"https:\/\/construcaocivil.siriusmarketingedesign.com.br\/?author=1","description":"Desde de 2013, levando muitas informa\u00e7\u00f5es, lan\u00e7amentos e produtos de qualidade para toda cadeia produtiva da constru\u00e7\u00e3o. O Futuro da constru\u00e7\u00e3o passa por aqui,"},"uagb_featured_image_src":{"full":["https:\/\/construcaocivil.siriusmarketingedesign.com.br\/wp-content\/uploads\/2015\/10\/WhatsApp-Image-2021-09-11-at-10.29.50-1.jpeg",1599,1066,false],"thumbnail":["https:\/\/construcaocivil.siriusmarketingedesign.com.br\/wp-content\/uploads\/2015\/10\/WhatsApp-Image-2021-09-11-at-10.29.50-1-150x150.jpeg",150,150,true],"medium":["https:\/\/construcaocivil.siriusmarketingedesign.com.br\/wp-content\/uploads\/2015\/10\/WhatsApp-Image-2021-09-11-at-10.29.50-1-300x200.jpeg",300,200,true],"medium_large":["https:\/\/construcaocivil.siriusmarketingedesign.com.br\/wp-content\/uploads\/2015\/10\/WhatsApp-Image-2021-09-11-at-10.29.50-1-768x512.jpeg",768,512,true],"large":["https:\/\/construcaocivil.siriusmarketingedesign.com.br\/wp-content\/uploads\/2015\/10\/WhatsApp-Image-2021-09-11-at-10.29.50-1-1024x683.jpeg",1024,683,true],"1536x1536":["https:\/\/construcaocivil.siriusmarketingedesign.com.br\/wp-content\/uploads\/2015\/10\/WhatsApp-Image-2021-09-11-at-10.29.50-1-1536x1024.jpeg",1536,1024,true],"2048x2048":["https:\/\/construcaocivil.siriusmarketingedesign.com.br\/wp-content\/uploads\/2015\/10\/WhatsApp-Image-2021-09-11-at-10.29.50-1.jpeg",1599,1066,false]},"uagb_author_info":{"display_name":"Jornal da Constru\u00e7\u00e3o Civil","author_link":"https:\/\/construcaocivil.siriusmarketingedesign.com.br\/?author=1"},"uagb_comment_info":0,"uagb_excerpt":"As dificuldades impostas pela falta de fornecimento de \u00e1gua aos moradores do Condom\u00ednio Carlos Alberto Soares de Freitas, em Ino\u00e3, s\u00e3o de exclusiva responsabilidade da Cedae, cujo cronograma de a\u00e7\u00f5es em Maric\u00e1 nunca avan\u00e7ou na mesma velocidade e urg\u00eancia que as\u00a0necessidades da popula\u00e7\u00e3o. No caso espec\u00edfico do condom\u00ednio com quase 1500 unidades do programa Minha&hellip;","_links":{"self":[{"href":"https:\/\/construcaocivil.siriusmarketingedesign.com.br\/index.php?rest_route=\/wp\/v2\/posts\/260","targetHints":{"allow":["GET"]}}],"collection":[{"href":"https:\/\/construcaocivil.siriusmarketingedesign.com.br\/index.php?rest_route=\/wp\/v2\/posts"}],"about":[{"href":"https:\/\/construcaocivil.siriusmarketingedesign.com.br\/index.php?rest_route=\/wp\/v2\/types\/post"}],"author":[{"embeddable":true,"href":"https:\/\/construcaocivil.siriusmarketingedesign.com.br\/index.php?rest_route=\/wp\/v2\/users\/1"}],"replies":[{"embeddable":true,"href":"https:\/\/construcaocivil.siriusmarketingedesign.com.br\/index.php?rest_route=%2Fwp%2Fv2%2Fcomments&post=260"}],"version-history":[{"count":0,"href":"https:\/\/construcaocivil.siriusmarketingedesign.com.br\/index.php?rest_route=\/wp\/v2\/posts\/260\/revisions"}],"wp:featuredmedia":[{"embeddable":true,"href":"https:\/\/construcaocivil.siriusmarketingedesign.com.br\/index.php?rest_route=\/wp\/v2\/media\/19120"}],"wp:attachment":[{"href":"https:\/\/construcaocivil.siriusmarketingedesign.com.br\/index.php?rest_route=%2Fwp%2Fv2%2Fmedia&parent=260"}],"wp:term":[{"taxonomy":"category","embeddable":true,"href":"https:\/\/construcaocivil.siriusmarketingedesign.com.br\/index.php?rest_route=%2Fwp%2Fv2%2Fcategories&post=260"},{"taxonomy":"post_tag","embeddable":true,"href":"https:\/\/construcaocivil.siriusmarketingedesign.com.br\/index.php?rest_route=%2Fwp%2Fv2%2Ftags&post=260"}],"curies":[{"name":"wp","href":"https:\/\/api.w.org\/{rel}","templated":true}]}}