{"id":26001,"date":"2025-08-22T21:41:53","date_gmt":"2025-08-23T00:41:53","guid":{"rendered":"https:\/\/www.jornaldaconstrucaocivil.com.br\/?p=26001"},"modified":"2025-08-22T21:41:53","modified_gmt":"2025-08-23T00:41:53","slug":"rua-da-cerveja-comecam-as-obras-de-revitalizacao-da-rua-da-cariocarj","status":"publish","type":"post","link":"https:\/\/construcaocivil.siriusmarketingedesign.com.br\/?p=26001","title":{"rendered":"Rua da Cerveja: come\u00e7am as obras de revitaliza\u00e7\u00e3o da Rua da Carioca(RJ)"},"content":{"rendered":"<p>O prefeito do Rio, Eduardo Paes, anunciou, no \u00faltimo sa\u0301bado (16\/08), o ini\u0301cio das obras de reurbanizac\u0327a\u0303o da Rua da Carioca, no Centro, em continuidade ao processo de transformac\u0327a\u0303o urbana do enderec\u0327o na Reviver Rua da Cerveja \u2013 primeiro polo cervejeiro da cidade e novo ponto turi\u0301stico de lazer, cultura e gastronomia -, que ja\u0301 vem movimentando a regia\u0303o desde a chegada das cinco primeiras cervejarias artesanais.<\/p>\n<p>O polo foi criado por meio da Secretaria Municipal de Desenvolvimento Econo\u0302mico. A intervenc\u0327a\u0303o vai transformar o espac\u0327o pu\u0301blico com melhorias que ampliam o conforto, a seguranc\u0327a e a atratividade para quem circula ou empreende no local.<\/p>\n<p>\u2013 A gente esta\u0301 fazendo um esforc\u0327o muito bem-sucedido de recuperac\u0327a\u0303o do nosso Centro. A Rua da Carioca e\u0301 uma dessas ruas marcantes do Centro, guardando a arquitetura do passado. E uma das iniciativas e\u0301 essa Rua da Cerveja, que vai fazer com que diversos microempreendedores, microcervejarias, cervejarias independentes, se instalem aqui. Agora, vamos iniciar as obras de requalificac\u0327a\u0303o do espac\u0327o pu\u0301blico, das ruas, da calc\u0327ada. Vamos tornar ainda mais agrada\u0301vel esse lugar. Vai ter um calc\u0327amento diferenciado, um ambiente mais agrada\u0301vel para o pedestre. Acho que a experie\u0302ncia de revitalizac\u0327a\u0303o do Centro do Rio ja\u0301 esta\u0301 inspirando va\u0301rias outras cidades do Brasil, principalmente, as capitais \u2013 disse o prefeito.<\/p>\n<p>Com projeto elaborado pela Secretaria de Desenvolvimento Urbano e Licenciamento, as obras tera\u0303o durac\u0327a\u0303o de um ano e sera\u0303o executadas pela Secretaria Municipal de Infraestrutura. Elas incluem recuperac\u0327a\u0303o da drenagem e pavimentac\u0327a\u0303o, ale\u0301m de melhorias na acessibilidade. Mais de 7,5 mil metros quadrados de a\u0301rea pu\u0301blica sera\u0303o recuperados por meio dessas ac\u0327o\u0303es. O valor do projeto esta\u0301 estimado em R$ 2,9 milho\u0303es.<\/p>\n<p>\u2013 Vamos fazer melhorias no calc\u0327amento para valorizar os pedestres e a convive\u0302ncia dos bares existentes e dos futuros que sera\u0303o abertos aqui. Vamos recuperar toda a parte de pavimentac\u0327a\u0303o tambe\u0301m, iluminac\u0327a\u0303o e mobilia\u0301rio urbano \u2013 disse o secreta\u0301rio municipal de Infraestrutura, Wanderson Santos.<\/p>\n<p><strong>Rua da Cerveja<\/strong><\/p>\n<p>O projeto, que recebeu o nome de Rua da Cerveja, busca resgatar o charme e a vocac\u0327a\u0303o original da Rua da Carioca, que por de\u0301cadas foi refere\u0302ncia em come\u0301rcio especializado e na vida noturna carioca. A nova ambientac\u0327a\u0303o ja\u0301 vem impulsionando nego\u0301cios ligados a\u0300 cerveja, a\u0300 gastronomia e a\u0300 cultura, em harmonia com a preservac\u0327a\u0303o do patrimo\u0302nio histo\u0301rico.<\/p>\n<p>Ao todo, nove cervejarias assinaram com a Prefeitura do Rio, e cinco ja\u0301 esta\u0303o abertas. Sa\u0303o elas: Vi\u0301rus Bier (nu\u0301mero 55), Martelo Paga\u0303o e Piedade Cervejaria (nu\u0301meros 76-74), ale\u0301m de Tio Ruy e Bu\u0301zios (nu\u0301meros 17-15) que abriram sob o nome Cotovelo, numa parceria dos donos com o empresa\u0301rio Raphael Vidal.<\/p>\n<p>\u2013 A gente precisa entender que a histo\u0301ria desse local e\u0301 o grande potencial que no\u0301s temos para trazer de novo o encanto das pessoas pelo Centro da cidade. Esta\u0301 tudo aqui desde sempre. A gente so\u0301 precisa contar de novo o que esse lugar sempre foi \u2013 disse Raphael Vidal, so\u0301cio-proprieta\u0301rio da choperia Cotovelo.<\/p>\n<p>\u2013 Esse polo cervejeiro aqui no Centro do Rio de Janeiro tem a importa\u0302ncia de gerar de volta os empregos da Rua da Carioca \u2013 completou Luiz Oliveira, dono da Cervejaria Vi\u0301rus Bier.<\/p>\n<p>A Rua da Cerveja e\u0301 parte das iniciativas do Reviver Centro, plano de recuperac\u0327a\u0303o urbani\u0301stica, cultural, social e econo\u0302mica da regia\u0303o central do Rio, que estimula a atrac\u0327a\u0303o de novos moradores e ja\u0301 concedeu 57 licenc\u0327as e gerou 5.236 unidades residenciais.<\/p>\n<p>Tambe\u0301m integra o conjunto de iniciativas para revitalizac\u0327a\u0303o da regia\u0303o o Reviver Centro Cultural \u2013 com 43 estabelecimentos arti\u0301stico-culturais, dos quais 37 ja\u0301 esta\u0303o abertos, em um peri\u0301metro bem pro\u0301ximo a\u0300 Rua da Carioca \u2013 e o Reviver Centro Patrimo\u0302nio Pro\u0301-APAC, por meio do qual o munici\u0301pio vai subsidiar a recuperac\u0327a\u0303o de imo\u0301veis em deteriorado estado de conservac\u0327a\u0303o.<\/p>\n<p>Para impulsionar a Rua da Cerveja, a prefeitura concedeu subsi\u0301dios financeiros aos empresa\u0301rios que va\u0303o de R$ 1.000 por metro quadrado para reformas, e de R$ 75 por metro quadrado mensais para despesas, com um teto para imo\u0301veis de ate\u0301 200 metros quadrados. Os repasses mensais tera\u0303o durac\u0327a\u0303o de 30 meses. Com essa estrate\u0301gia, a expectativa e\u0301 que a Rua da Cerveja movimente R$ 222 milho\u0303es em quatro anos, gere uma massa salarial de R$ 41,8 milho\u0303es e crie cerca de 500 novos empregos, diretos e indiretos.<\/p>\n<p>Ale\u0301m de fortalecer a economia, o projeto tambe\u0301m garante a preservac\u0327a\u0303o do patrimo\u0302nio histo\u0301rico, ja\u0301 que a maioria dos imo\u0301veis da Rua da Carioca e\u0301 tombada pelo Instituto Rio Patrimo\u0302nio da Humanidade (IRPH) e pelo Instituto Estadual do Patrimo\u0302nio Cultural (Inepac).<\/p>\n<p>Fonte: Prefeitura do Rio de Janeiro<\/p>\n","protected":false},"excerpt":{"rendered":"<p>O prefeito do Rio, Eduardo Paes, anunciou, no \u00faltimo sa\u0301bado (16\/08), o ini\u0301cio das obras de reurbanizac\u0327a\u0303o da Rua da Carioca, no Centro, em continuidade ao processo de transformac\u0327a\u0303o urbana do enderec\u0327o na Reviver Rua da Cerveja \u2013 primeiro polo cervejeiro da cidade e novo ponto turi\u0301stico de lazer, cultura e gastronomia -, que ja\u0301 [&hellip;]<\/p>\n","protected":false},"author":1,"featured_media":26002,"comment_status":"open","ping_status":"open","sticky":false,"template":"","format":"standard","meta":{"_uag_custom_page_level_css":"","footnotes":""},"categories":[31],"tags":[25754,6228,27748,10518,27747],"class_list":["post-26001","post","type-post","status-publish","format-standard","has-post-thumbnail","hentry","category-infraestrutura","tag-eduardopaes","tag-instituto-estadual-do-patrimonio-cultural-inepac","tag-retrofit-predios-antigos","tag-rua-da-carioca","tag-rua-da-cerveja"],"blocksy_meta":[],"spectra_blocks_featured_image_url":{"thumbnail":{"url":"https:\/\/construcaocivil.siriusmarketingedesign.com.br\/wp-content\/uploads\/2025\/08\/3d-Cerveja-5-1536x864-1-150x150.png","width":150,"height":150},"medium":{"url":"https:\/\/construcaocivil.siriusmarketingedesign.com.br\/wp-content\/uploads\/2025\/08\/3d-Cerveja-5-1536x864-1-300x169.png","width":300,"height":169},"medium_large":{"url":"https:\/\/construcaocivil.siriusmarketingedesign.com.br\/wp-content\/uploads\/2025\/08\/3d-Cerveja-5-1536x864-1-768x432.png","width":768,"height":432},"large":{"url":"https:\/\/construcaocivil.siriusmarketingedesign.com.br\/wp-content\/uploads\/2025\/08\/3d-Cerveja-5-1536x864-1-1024x576.png","width":1024,"height":576},"full":{"url":"https:\/\/construcaocivil.siriusmarketingedesign.com.br\/wp-content\/uploads\/2025\/08\/3d-Cerveja-5-1536x864-1.png","width":1536,"height":864}},"spectra_blocks_author_info":{"display_name":"Jornal da Constru\u00e7\u00e3o Civil","avatar_url":"https:\/\/secure.gravatar.com\/avatar\/973c9774fd44ddaceb026973c4962faa70fc512bc4c9da68e8ebb40fecee6540?s=96&d=mm&r=g","author_link":"https:\/\/construcaocivil.siriusmarketingedesign.com.br\/?author=1","description":"Desde de 2013, levando muitas informa\u00e7\u00f5es, lan\u00e7amentos e produtos de qualidade para toda cadeia produtiva da constru\u00e7\u00e3o. O Futuro da constru\u00e7\u00e3o passa por aqui,"},"uagb_featured_image_src":{"full":["https:\/\/construcaocivil.siriusmarketingedesign.com.br\/wp-content\/uploads\/2025\/08\/3d-Cerveja-5-1536x864-1.png",1536,864,false],"thumbnail":["https:\/\/construcaocivil.siriusmarketingedesign.com.br\/wp-content\/uploads\/2025\/08\/3d-Cerveja-5-1536x864-1-150x150.png",150,150,true],"medium":["https:\/\/construcaocivil.siriusmarketingedesign.com.br\/wp-content\/uploads\/2025\/08\/3d-Cerveja-5-1536x864-1-300x169.png",300,169,true],"medium_large":["https:\/\/construcaocivil.siriusmarketingedesign.com.br\/wp-content\/uploads\/2025\/08\/3d-Cerveja-5-1536x864-1-768x432.png",768,432,true],"large":["https:\/\/construcaocivil.siriusmarketingedesign.com.br\/wp-content\/uploads\/2025\/08\/3d-Cerveja-5-1536x864-1-1024x576.png",1024,576,true],"1536x1536":["https:\/\/construcaocivil.siriusmarketingedesign.com.br\/wp-content\/uploads\/2025\/08\/3d-Cerveja-5-1536x864-1.png",1536,864,false],"2048x2048":["https:\/\/construcaocivil.siriusmarketingedesign.com.br\/wp-content\/uploads\/2025\/08\/3d-Cerveja-5-1536x864-1.png",1536,864,false]},"uagb_author_info":{"display_name":"Jornal da Constru\u00e7\u00e3o Civil","author_link":"https:\/\/construcaocivil.siriusmarketingedesign.com.br\/?author=1"},"uagb_comment_info":0,"uagb_excerpt":"O prefeito do Rio, Eduardo Paes, anunciou, no \u00faltimo sa\u0301bado (16\/08), o ini\u0301cio das obras de reurbanizac\u0327a\u0303o da Rua da Carioca, no Centro, em continuidade ao processo de transformac\u0327a\u0303o urbana do enderec\u0327o na Reviver Rua da Cerveja \u2013 primeiro polo cervejeiro da cidade e novo ponto turi\u0301stico de lazer, cultura e gastronomia -, que ja\u0301&hellip;","_links":{"self":[{"href":"https:\/\/construcaocivil.siriusmarketingedesign.com.br\/index.php?rest_route=\/wp\/v2\/posts\/26001","targetHints":{"allow":["GET"]}}],"collection":[{"href":"https:\/\/construcaocivil.siriusmarketingedesign.com.br\/index.php?rest_route=\/wp\/v2\/posts"}],"about":[{"href":"https:\/\/construcaocivil.siriusmarketingedesign.com.br\/index.php?rest_route=\/wp\/v2\/types\/post"}],"author":[{"embeddable":true,"href":"https:\/\/construcaocivil.siriusmarketingedesign.com.br\/index.php?rest_route=\/wp\/v2\/users\/1"}],"replies":[{"embeddable":true,"href":"https:\/\/construcaocivil.siriusmarketingedesign.com.br\/index.php?rest_route=%2Fwp%2Fv2%2Fcomments&post=26001"}],"version-history":[{"count":0,"href":"https:\/\/construcaocivil.siriusmarketingedesign.com.br\/index.php?rest_route=\/wp\/v2\/posts\/26001\/revisions"}],"wp:featuredmedia":[{"embeddable":true,"href":"https:\/\/construcaocivil.siriusmarketingedesign.com.br\/index.php?rest_route=\/wp\/v2\/media\/26002"}],"wp:attachment":[{"href":"https:\/\/construcaocivil.siriusmarketingedesign.com.br\/index.php?rest_route=%2Fwp%2Fv2%2Fmedia&parent=26001"}],"wp:term":[{"taxonomy":"category","embeddable":true,"href":"https:\/\/construcaocivil.siriusmarketingedesign.com.br\/index.php?rest_route=%2Fwp%2Fv2%2Fcategories&post=26001"},{"taxonomy":"post_tag","embeddable":true,"href":"https:\/\/construcaocivil.siriusmarketingedesign.com.br\/index.php?rest_route=%2Fwp%2Fv2%2Ftags&post=26001"}],"curies":[{"name":"wp","href":"https:\/\/api.w.org\/{rel}","templated":true}]}}