{"id":26008,"date":"2025-08-24T12:32:37","date_gmt":"2025-08-24T15:32:37","guid":{"rendered":"https:\/\/www.jornaldaconstrucaocivil.com.br\/?p=26008"},"modified":"2025-08-24T12:32:37","modified_gmt":"2025-08-24T15:32:37","slug":"de-olho-nas-obras-de-reconstrucao-da-nova-ponte-jk-br-226-na-divisa-dos-estado-do-ma-to-trabalhadores-cobram-pagamentos-de-horas-extras-e-beneficios","status":"publish","type":"post","link":"https:\/\/construcaocivil.siriusmarketingedesign.com.br\/?p=26008","title":{"rendered":"De olho nas obras de reconstru\u00e7\u00e3o da nova Ponte JK &#8211; BR 226, na divisa dos estado do MA\/TO; trabalhadores cobram pagamentos de horas extras e benef\u00edcios"},"content":{"rendered":"<p>Agosto, 2025 &#8211; <span data-huuid=\"8968177133379628874\">O &#8220;MPT &#8211; cons\u00f3rcio ponte de Estreito&#8221; refere-se \u00e0 constru\u00e7\u00e3o de uma nova ponte sobre o Rio Tocantins, ligando os munic\u00edpios de\u00a0<a class=\"DTlJ6d\" href=\"https:\/\/www.google.com\/search?sca_esv=b0c75de4c7c7e182&amp;cs=0&amp;q=Aguiarn%C3%B3polis+%28TO%29&amp;sa=X&amp;ved=2ahUKEwiuubPY1qOPAxUOpZUCHamaNAcQxccNegQIAhAB&amp;mstk=AUtExfBxXHrEcWUc5d_Mj5hAYJQJJVy7_qcR2ZuzWPxi_8vwD3zgOrkuRYBoA3-tNZaFEYmskOPn3E-Xh1rmO9Nxlb9lCcgqY2j3PGV9RXVVf2OeynlZw0PeAOIcTAJNTgjo9TwMtLhgUTH3U0enpqdfj0bTjxuVbzl7ddUFLDZDDeh_w25UQ1skOx9n3M7axfvWcaDI&amp;csui=3\" target=\"_blank\" rel=\"noopener\" data-hveid=\"CAIQAQ\">Aguiarn\u00f3polis (TO)<\/a>\u00a0e\u00a0<span class=\"M5tQyf\"><a class=\"DTlJ6d\" href=\"https:\/\/www.google.com\/search?sca_esv=b0c75de4c7c7e182&amp;cs=0&amp;q=Estreito+%28MA%29&amp;sa=X&amp;ved=2ahUKEwiuubPY1qOPAxUOpZUCHamaNAcQxccNegQIAhAC&amp;mstk=AUtExfBxXHrEcWUc5d_Mj5hAYJQJJVy7_qcR2ZuzWPxi_8vwD3zgOrkuRYBoA3-tNZaFEYmskOPn3E-Xh1rmO9Nxlb9lCcgqY2j3PGV9RXVVf2OeynlZw0PeAOIcTAJNTgjo9TwMtLhgUTH3U0enpqdfj0bTjxuVbzl7ddUFLDZDDeh_w25UQ1skOx9n3M7axfvWcaDI&amp;csui=3\" target=\"_blank\" rel=\"noopener\" data-hveid=\"CAIQAg\">Estreito (MA)<\/a>,<\/span>\u00a0sob a supervis\u00e3o do Departamento Nacional de Infraestrutura de Transportes (DNIT) e contratada pelo Minist\u00e9rio dos Transportes ap\u00f3s o desabamento da antiga ponte.\u00a0<\/span><span data-huuid=\"8968177133379626299\">As obras, iniciadas ap\u00f3s o colapso em dezembro de 2024, est\u00e3o avan\u00e7ando com a execu\u00e7\u00e3o de pilares e travessas e devem ser entregues ainda em 2025, oferecendo uma estrutura mais moderna e segura.<span class=\"pjBG2e\" data-cid=\"93991a59-0be1-4819-8ee9-d29fa00c1e3d\"><span class=\"UV3uM\"> (Fonte\/Google News).<\/span><\/span><\/span><\/p>\n<p>Apesar das obras seguirem aceleradas com mais de 60% das novas estruturas prontas, no in\u00edcio de agosto, trabalhadores fizerem uma paraliza\u00e7\u00e3o de 24h, por melhores condi\u00e7oes de trabalho e seguran\u00e7a, al\u00e9m de cobrarem pagamentos de horas extras e benef\u00edcios.<\/p>\n<p><span style=\"color: #993300;\"><em>Segundo os trabalhadores,\u00a0<span class=\"highlight highlighted\">h\u00e1 atrasos no pagamento de horas extras, adicionais de periculosidade e insalubridade, e outros benef\u00edcios previstos em contrato<\/span>. Eles tamb\u00e9m denunciam defasagem no controle de carga hor\u00e1ria e afirmam que, em alguns casos, s\u00e3o induzidos a registrar o ponto e continuar trabalhando. Fonte: G1 &#8211; MA<\/em><\/span><\/p>\n<p><iframe loading=\"lazy\" title=\"Obras da ponte JK#riotocantins #pontejk #obras #dnit #drone\" width=\"1290\" height=\"726\" src=\"https:\/\/www.youtube.com\/embed\/2PXUtylsVHQ?feature=oembed\" frameborder=\"0\" allow=\"accelerometer; autoplay; clipboard-write; encrypted-media; gyroscope; picture-in-picture; web-share\" referrerpolicy=\"strict-origin-when-cross-origin\" allowfullscreen><\/iframe><\/p>\n<p>&nbsp;<\/p>\n<div class=\"LT6XE\">\n<div class=\"f5cPye\" data-rl=\"pt\" data-lht=\"1122\">\n<div>\n<div class=\"WaaZC\">\n<div class=\"RJPOee EIJn2\">\n<ul data-hveid=\"CBcQAQ\" data-ved=\"2ahUKEwiuubPY1qOPAxUOpZUCHamaNAcQm_YKegQIFxAB\">\n<li class=\"K3KsMc\">\n<div class=\"zMgcWd dSKvsb\" data-il=\"\">\n<div data-crb-p=\"\">\n<div class=\"xFTqob\">\n<div class=\"Gur8Ad\"><span data-huuid=\"10532789165252154180\"><strong>Desabamento:<\/strong><\/span><\/div>\n<div class=\"vM0jzc\"><span data-huuid=\"10532789165252153745\">Em 22 de dezembro de 2024, a antiga Ponte JK (Juscelino Kubitschek de Oliveira), inaugurada em 1961, desabou, causando mortes e feridos.<span class=\"pjBG2e\" data-cid=\"baa84a47-e7f5-4538-ad88-9ce60fd70139\"><span class=\"UV3uM\">\u00a0<\/span><\/span><\/span><\/p>\n<div class=\"NPrrbc\" data-cid=\"baa84a47-e7f5-4538-ad88-9ce60fd70139\" data-uuids=\"10532789165252154180,10532789165252153745\">\n<div class=\"BMebGe btku5b fCrZyc LwdV0e FR7ZSc qVhvac OJeuxf\" tabindex=\"0\" role=\"button\" aria-label=\"Mostrar links relacionados\" data-hveid=\"CBQQAQ\" data-ved=\"2ahUKEwiuubPY1qOPAxUOpZUCHamaNAcQ3fYKegQIFBAB\">\n<div class=\"niO4u\">\n<div class=\"kHtcsd\"><\/div>\n<\/div>\n<\/div>\n<\/div>\n<\/div>\n<\/div>\n<\/div>\n<\/div>\n<\/li>\n<li class=\"K3KsMc\">\n<div class=\"zMgcWd dSKvsb\" data-il=\"\">\n<div data-crb-p=\"\">\n<div class=\"xFTqob\">\n<div class=\"Gur8Ad\"><span data-huuid=\"10532789165252156971\"><strong>Causa do colapso:<\/strong><\/span><\/div>\n<div class=\"vM0jzc\"><span data-huuid=\"10532789165252156536\">A estrutura antiga j\u00e1 estava em m\u00e1s condi\u00e7\u00f5es, com avarias em seus pilares, e n\u00e3o atendia mais ao aumento do fluxo de ve\u00edculos e cargas.<span class=\"pjBG2e\" data-cid=\"7ceff452-6704-49e2-83a4-79ade9091d89\"><span class=\"UV3uM\">\u00a0<\/span><\/span><\/span><\/p>\n<div class=\"NPrrbc\" data-cid=\"7ceff452-6704-49e2-83a4-79ade9091d89\" data-uuids=\"10532789165252156971,10532789165252156536\">\n<div class=\"BMebGe btku5b fCrZyc LwdV0e FR7ZSc qVhvac OJeuxf\" tabindex=\"0\" role=\"button\" aria-label=\"Mostrar links relacionados\" data-hveid=\"CBIQAQ\" data-ved=\"2ahUKEwiuubPY1qOPAxUOpZUCHamaNAcQ3fYKegQIEhAB\">\n<div class=\"niO4u\">\n<div class=\"kHtcsd\"><\/div>\n<\/div>\n<\/div>\n<\/div>\n<\/div>\n<\/div>\n<\/div>\n<\/div>\n<\/li>\n<\/ul>\n<\/div>\n<\/div>\n<div class=\"WaaZC\">\n<div class=\"RJPOee EIJn2\">\n<div class=\"rPeykc uP58nb\" data-hveid=\"CCYQAQ\" data-ved=\"2ahUKEwiuubPY1qOPAxUOpZUCHamaNAcQo_EKegQIJhAB\"><span data-huuid=\"5755820595666050984\"><span role=\"heading\" aria-level=\"2\">A Nova Ponte<\/span><\/span><\/div>\n<\/div>\n<\/div>\n<div class=\"WaaZC\">\n<div class=\"RJPOee EIJn2\">\n<ul data-hveid=\"CDoQAQ\" data-ved=\"2ahUKEwiuubPY1qOPAxUOpZUCHamaNAcQm_YKegQIOhAB\">\n<li class=\"K3KsMc\">\n<div class=\"zMgcWd dSKvsb\" data-il=\"\">\n<div data-crb-p=\"\">\n<div class=\"xFTqob\">\n<div class=\"Gur8Ad\"><span data-huuid=\"5755820595666049659\"><strong>Obras:<\/strong><\/span><\/div>\n<div class=\"vM0jzc\"><span data-huuid=\"5755820595666047852\">A reconstru\u00e7\u00e3o da nova ponte est\u00e1 em andamento, com a conclus\u00e3o das funda\u00e7\u00f5es e o foco nos trabalhos da mesoestrutura (pilares e travessas).<span class=\"pjBG2e\" data-cid=\"caa51ea0-b0b4-4e7c-b37c-b7c13cd7b269\"><span class=\"UV3uM\">\u00a0<\/span><\/span><\/span><\/p>\n<div class=\"NPrrbc\" data-cid=\"caa51ea0-b0b4-4e7c-b37c-b7c13cd7b269\" data-uuids=\"5755820595666049659,5755820595666047852\">\n<div class=\"BMebGe btku5b fCrZyc LwdV0e FR7ZSc qVhvac OJeuxf\" tabindex=\"0\" role=\"button\" aria-label=\"Mostrar links relacionados\" data-hveid=\"CDIQAQ\" data-ved=\"2ahUKEwiuubPY1qOPAxUOpZUCHamaNAcQ3fYKegQIMhAB\">\n<div class=\"niO4u\">\n<div class=\"kHtcsd\"><\/div>\n<\/div>\n<\/div>\n<\/div>\n<\/div>\n<\/div>\n<\/div>\n<\/div>\n<\/li>\n<li class=\"K3KsMc\">\n<div class=\"zMgcWd dSKvsb\" data-il=\"\">\n<div data-crb-p=\"\">\n<div class=\"xFTqob\">\n<div class=\"Gur8Ad\"><span data-huuid=\"5755820595666048334\"><strong>Caracter\u00edsticas:<\/strong><\/span><\/div>\n<div class=\"vM0jzc\"><span data-huuid=\"5755820595666050623\">A nova ponte ser\u00e1 7 metros mais larga que a anterior e incluir\u00e1 acostamento, passeio e ciclovia, com um projeto mais moderno e seguro.<span class=\"pjBG2e\" data-cid=\"8918e38f-3dae-43c2-9ef4-0009e6d98c38\"><span class=\"UV3uM\">\u00a0<\/span><\/span><\/span><\/p>\n<div class=\"NPrrbc\" data-cid=\"8918e38f-3dae-43c2-9ef4-0009e6d98c38\" data-uuids=\"5755820595666048334,5755820595666050623\">\n<div class=\"BMebGe btku5b fCrZyc LwdV0e FR7ZSc qVhvac OJeuxf\" tabindex=\"0\" role=\"button\" aria-label=\"Mostrar links relacionados\" data-hveid=\"CDMQAQ\" data-ved=\"2ahUKEwiuubPY1qOPAxUOpZUCHamaNAcQ3fYKegQIMxAB\">\n<div class=\"niO4u\">\n<div class=\"kHtcsd\"><\/div>\n<\/div>\n<\/div>\n<\/div>\n<\/div>\n<\/div>\n<\/div>\n<\/div>\n<\/li>\n<li class=\"K3KsMc\">\n<div class=\"zMgcWd dSKvsb\" data-il=\"\">\n<div data-crb-p=\"\">\n<div class=\"xFTqob\">\n<div class=\"Gur8Ad\"><span data-huuid=\"5755820595666047009\"><strong>Contrata\u00e7\u00e3o:<\/strong><\/span><\/div>\n<div class=\"vM0jzc\"><span data-huuid=\"5755820595666049298\">O Minist\u00e9rio dos Transportes contratou um cons\u00f3rcio para a constru\u00e7\u00e3o da nova estrutura em um contrato de R$ 171 milh\u00f5es.<span class=\"pjBG2e\" data-cid=\"a85f54ae-5003-48bd-b021-bcc279afa8fe\"><span class=\"UV3uM\">\u00a0<\/span><\/span><\/span><\/p>\n<div class=\"NPrrbc\" data-cid=\"a85f54ae-5003-48bd-b021-bcc279afa8fe\" data-uuids=\"5755820595666047009,5755820595666049298\">\n<div class=\"BMebGe btku5b fCrZyc LwdV0e FR7ZSc qVhvac OJeuxf\" tabindex=\"0\" role=\"button\" aria-label=\"Mostrar links relacionados\" data-hveid=\"CDgQAQ\" data-ved=\"2ahUKEwiuubPY1qOPAxUOpZUCHamaNAcQ3fYKegQIOBAB\">\n<div class=\"niO4u\">\n<div class=\"kHtcsd\"><\/div>\n<\/div>\n<\/div>\n<\/div>\n<\/div>\n<\/div>\n<\/div>\n<\/div>\n<\/li>\n<li class=\"K3KsMc\">\n<div class=\"zMgcWd dSKvsb\" data-il=\"\">\n<div data-crb-p=\"\">\n<div class=\"xFTqob\">\n<div class=\"Gur8Ad\"><span data-huuid=\"5755820595666049780\"><strong>Prazo:<\/strong><\/span><\/div>\n<div class=\"vM0jzc\"><span data-huuid=\"5755820595666047973\">H\u00e1 um compromisso de entregar a obra finalizada ainda no final de 2025.<span class=\"pjBG2e\" data-cid=\"3da05b26-d725-4f68-b90c-6c377cc409cb\"><span class=\"UV3uM\">\u00a0<\/span><\/span><\/span><\/p>\n<div class=\"NPrrbc\" data-cid=\"3da05b26-d725-4f68-b90c-6c377cc409cb\" data-uuids=\"5755820595666049780,5755820595666047973\">\n<div class=\"BMebGe btku5b fCrZyc LwdV0e FR7ZSc qVhvac OJeuxf\" tabindex=\"0\" role=\"button\" aria-label=\"Mostrar links relacionados\" data-hveid=\"CCwQAQ\" data-ved=\"2ahUKEwiuubPY1qOPAxUOpZUCHamaNAcQ3fYKegQILBAB\">\n<div class=\"niO4u\">\n<div class=\"kHtcsd\"><\/div>\n<\/div>\n<\/div>\n<\/div>\n<\/div>\n<\/div>\n<\/div>\n<\/div>\n<\/li>\n<\/ul>\n<\/div>\n<\/div>\n<div class=\"WaaZC\">\n<div class=\"RJPOee EIJn2\">\n<div class=\"rPeykc uP58nb\" data-hveid=\"CD8QAQ\" data-ved=\"2ahUKEwiuubPY1qOPAxUOpZUCHamaNAcQo_EKegQIPxAB\"><span data-huuid=\"5755820595666047130\"><span role=\"heading\" aria-level=\"2\">Impactos e Investiga\u00e7\u00e3o<\/span><\/span><\/div>\n<\/div>\n<\/div>\n<div class=\"WaaZC\">\n<div class=\"RJPOee EIJn2\">\n<ul data-hveid=\"CE0QAQ\" data-ved=\"2ahUKEwiuubPY1qOPAxUOpZUCHamaNAcQm_YKegQITRAB\">\n<li class=\"K3KsMc\">\n<div class=\"zMgcWd dSKvsb\" data-il=\"\">\n<div data-crb-p=\"\">\n<div class=\"xFTqob\">\n<div class=\"Gur8Ad\"><span data-huuid=\"5755820595666049901\"><strong>Impacto local:<\/strong><\/span><\/div>\n<div class=\"vM0jzc\"><span data-huuid=\"5755820595666048094\">A queda da ponte causou impactos negativos na economia da cidade de Estreito.<span class=\"pjBG2e\" data-cid=\"0c0b7a35-c394-4405-803e-0cb87f0ca8aa\"><span class=\"UV3uM\">\u00a0<\/span><\/span><\/span><\/p>\n<div class=\"NPrrbc\" data-cid=\"0c0b7a35-c394-4405-803e-0cb87f0ca8aa\" data-uuids=\"5755820595666049901,5755820595666048094\">\n<div class=\"BMebGe btku5b fCrZyc LwdV0e FR7ZSc qVhvac OJeuxf\" tabindex=\"0\" role=\"button\" aria-label=\"Mostrar links relacionados\" data-hveid=\"CEIQAQ\" data-ved=\"2ahUKEwiuubPY1qOPAxUOpZUCHamaNAcQ3fYKegQIQhAB\">\n<div class=\"niO4u\">\n<div class=\"kHtcsd\"><\/div>\n<\/div>\n<\/div>\n<\/div>\n<\/div>\n<\/div>\n<\/div>\n<\/div>\n<\/li>\n<li class=\"K3KsMc\">\n<div class=\"zMgcWd dSKvsb\" data-il=\"\">\n<div data-crb-p=\"\">\n<div class=\"xFTqob\">\n<div class=\"Gur8Ad\"><span data-huuid=\"5755820595666048576\"><strong>Investiga\u00e7\u00e3o:<\/strong><\/span><\/div>\n<div class=\"vM0jzc\"><span data-huuid=\"5755820595666050865\">A Pol\u00edcia Federal e o Dnit abriram investiga\u00e7\u00f5es para apurar as causas e responsabilidades do desabamento.<span class=\"pjBG2e\" data-cid=\"329e7323-8d17-442a-abcb-659d599b85a9\"><span class=\"UV3uM\">\u00a0<\/span><\/span><\/span><\/p>\n<div class=\"NPrrbc\" data-cid=\"329e7323-8d17-442a-abcb-659d599b85a9\" data-uuids=\"5755820595666048576,5755820595666050865\">\n<div class=\"BMebGe btku5b fCrZyc LwdV0e FR7ZSc qVhvac OJeuxf\" tabindex=\"0\" role=\"button\" aria-label=\"Mostrar links relacionados\" data-hveid=\"CEQQAQ\" data-ved=\"2ahUKEwiuubPY1qOPAxUOpZUCHamaNAcQ3fYKegQIRBAB\">\n<div class=\"niO4u\">\n<div class=\"kHtcsd\"><\/div>\n<\/div>\n<\/div>\n<\/div>\n<\/div>\n<\/div>\n<\/div>\n<\/div>\n<\/li>\n<li class=\"K3KsMc\">\n<div class=\"zMgcWd dSKvsb\" data-il=\"\">\n<div data-crb-p=\"\">\n<div class=\"xFTqob\">\n<div class=\"Gur8Ad\"><span data-huuid=\"5755820595666047251\"><strong>Seguran\u00e7a:<\/strong><\/span><\/div>\n<div class=\"vM0jzc\"><span data-huuid=\"5755820595666049540\">O novo projeto visa garantir todos os itens de seguran\u00e7a para os usu\u00e1rios.<span class=\"pjBG2e\" data-cid=\"57b117ec-0302-493b-9c24-4f1dd23a3a12\"><span class=\"UV3uM\">\u00a0<\/span><\/span><\/span><\/p>\n<div class=\"NPrrbc\" data-cid=\"57b117ec-0302-493b-9c24-4f1dd23a3a12\" data-uuids=\"5755820595666047251,5755820595666049540\">\n<div class=\"BMebGe btku5b fCrZyc LwdV0e FR7ZSc qVhvac OJeuxf\" tabindex=\"0\" role=\"button\" aria-label=\"Mostrar links relacionados\" data-hveid=\"CEoQAQ\" data-ved=\"2ahUKEwiuubPY1qOPAxUOpZUCHamaNAcQ3fYKegQIShAB\">\n<div class=\"niO4u\">\n<div class=\"kHtcsd\"><\/div>\n<\/div>\n<\/div>\n<\/div>\n<\/div>\n<\/div>\n<\/div>\n<\/div>\n<\/li>\n<\/ul>\n<\/div>\n<\/div>\n<\/div>\n<\/div>\n<\/div>\n<div class=\"kLMmLc\">\n<div>\n<div class=\"Clk5Ib\">\n<div class=\"IGvtd\">\n<div class=\"TRXNOc\">\n<div class=\"BOThhc\">\n<div class=\"ifiyWc\">\n<div id=\"folsrch-sources-1\">\n<div data-subtree=\"msc\">\n<div class=\"fx92l\" data-hveid=\"CBkQAA\" data-ved=\"2ahUKEwiuubPY1qOPAxUOpZUCHamaNAcQ99ANegQIGRAA\">\n<div class=\"suSUf\"><\/div>\n<p>Fonte: Google<\/p>\n<\/div>\n<\/div>\n<\/div>\n<\/div>\n<\/div>\n<\/div>\n<\/div>\n<\/div>\n<\/div>\n<\/div>\n","protected":false},"excerpt":{"rendered":"<p>Agosto, 2025 &#8211; O &#8220;MPT &#8211; cons\u00f3rcio ponte de Estreito&#8221; refere-se \u00e0 constru\u00e7\u00e3o de uma nova ponte sobre o Rio Tocantins, ligando os munic\u00edpios de\u00a0Aguiarn\u00f3polis (TO)\u00a0e\u00a0Estreito (MA),\u00a0sob a supervis\u00e3o do Departamento Nacional de Infraestrutura de Transportes (DNIT) e contratada pelo Minist\u00e9rio dos Transportes ap\u00f3s o desabamento da antiga ponte.\u00a0As obras, iniciadas ap\u00f3s o colapso em [&hellip;]<\/p>\n","protected":false},"author":1,"featured_media":26009,"comment_status":"open","ping_status":"open","sticky":false,"template":"","format":"standard","meta":{"_uag_custom_page_level_css":"","footnotes":""},"categories":[31],"tags":[27753,27752,27751,3769,7232,27749,27750],"class_list":["post-26008","post","type-post","status-publish","format-standard","has-post-thumbnail","hentry","category-infraestrutura","tag-bim-revit","tag-consorcio-ponte-de-estreito","tag-desabamento-emorte","tag-dnit","tag-maquinas-pesadas","tag-obras-e-greve","tag-ponte-jk-ma-to"],"blocksy_meta":[],"spectra_blocks_featured_image_url":{"thumbnail":{"url":"https:\/\/construcaocivil.siriusmarketingedesign.com.br\/wp-content\/uploads\/2025\/08\/b67ac5fd-a455-4d27-9c68-26a0c7c81411-150x150.png","width":150,"height":150},"medium":{"url":"https:\/\/construcaocivil.siriusmarketingedesign.com.br\/wp-content\/uploads\/2025\/08\/b67ac5fd-a455-4d27-9c68-26a0c7c81411-300x169.png","width":300,"height":169},"medium_large":{"url":"https:\/\/construcaocivil.siriusmarketingedesign.com.br\/wp-content\/uploads\/2025\/08\/b67ac5fd-a455-4d27-9c68-26a0c7c81411-768x432.png","width":768,"height":432},"large":{"url":"https:\/\/construcaocivil.siriusmarketingedesign.com.br\/wp-content\/uploads\/2025\/08\/b67ac5fd-a455-4d27-9c68-26a0c7c81411-1024x576.png","width":1024,"height":576},"full":{"url":"https:\/\/construcaocivil.siriusmarketingedesign.com.br\/wp-content\/uploads\/2025\/08\/b67ac5fd-a455-4d27-9c68-26a0c7c81411-scaled.png","width":2560,"height":1440}},"spectra_blocks_author_info":{"display_name":"Jornal da Constru\u00e7\u00e3o Civil","avatar_url":"https:\/\/secure.gravatar.com\/avatar\/973c9774fd44ddaceb026973c4962faa70fc512bc4c9da68e8ebb40fecee6540?s=96&d=mm&r=g","author_link":"https:\/\/construcaocivil.siriusmarketingedesign.com.br\/?author=1","description":"Desde de 2013, levando muitas informa\u00e7\u00f5es, lan\u00e7amentos e produtos de qualidade para toda cadeia produtiva da constru\u00e7\u00e3o. O Futuro da constru\u00e7\u00e3o passa por aqui,"},"uagb_featured_image_src":{"full":["https:\/\/construcaocivil.siriusmarketingedesign.com.br\/wp-content\/uploads\/2025\/08\/b67ac5fd-a455-4d27-9c68-26a0c7c81411-scaled.png",2560,1440,false],"thumbnail":["https:\/\/construcaocivil.siriusmarketingedesign.com.br\/wp-content\/uploads\/2025\/08\/b67ac5fd-a455-4d27-9c68-26a0c7c81411-150x150.png",150,150,true],"medium":["https:\/\/construcaocivil.siriusmarketingedesign.com.br\/wp-content\/uploads\/2025\/08\/b67ac5fd-a455-4d27-9c68-26a0c7c81411-300x169.png",300,169,true],"medium_large":["https:\/\/construcaocivil.siriusmarketingedesign.com.br\/wp-content\/uploads\/2025\/08\/b67ac5fd-a455-4d27-9c68-26a0c7c81411-768x432.png",768,432,true],"large":["https:\/\/construcaocivil.siriusmarketingedesign.com.br\/wp-content\/uploads\/2025\/08\/b67ac5fd-a455-4d27-9c68-26a0c7c81411-1024x576.png",1024,576,true],"1536x1536":["https:\/\/construcaocivil.siriusmarketingedesign.com.br\/wp-content\/uploads\/2025\/08\/b67ac5fd-a455-4d27-9c68-26a0c7c81411-1536x864.png",1536,864,true],"2048x2048":["https:\/\/construcaocivil.siriusmarketingedesign.com.br\/wp-content\/uploads\/2025\/08\/b67ac5fd-a455-4d27-9c68-26a0c7c81411-2048x1152.png",2048,1152,true]},"uagb_author_info":{"display_name":"Jornal da Constru\u00e7\u00e3o Civil","author_link":"https:\/\/construcaocivil.siriusmarketingedesign.com.br\/?author=1"},"uagb_comment_info":0,"uagb_excerpt":"Agosto, 2025 &#8211; O &#8220;MPT &#8211; cons\u00f3rcio ponte de Estreito&#8221; refere-se \u00e0 constru\u00e7\u00e3o de uma nova ponte sobre o Rio Tocantins, ligando os munic\u00edpios de\u00a0Aguiarn\u00f3polis (TO)\u00a0e\u00a0Estreito (MA),\u00a0sob a supervis\u00e3o do Departamento Nacional de Infraestrutura de Transportes (DNIT) e contratada pelo Minist\u00e9rio dos Transportes ap\u00f3s o desabamento da antiga ponte.\u00a0As obras, iniciadas ap\u00f3s o colapso em&hellip;","_links":{"self":[{"href":"https:\/\/construcaocivil.siriusmarketingedesign.com.br\/index.php?rest_route=\/wp\/v2\/posts\/26008","targetHints":{"allow":["GET"]}}],"collection":[{"href":"https:\/\/construcaocivil.siriusmarketingedesign.com.br\/index.php?rest_route=\/wp\/v2\/posts"}],"about":[{"href":"https:\/\/construcaocivil.siriusmarketingedesign.com.br\/index.php?rest_route=\/wp\/v2\/types\/post"}],"author":[{"embeddable":true,"href":"https:\/\/construcaocivil.siriusmarketingedesign.com.br\/index.php?rest_route=\/wp\/v2\/users\/1"}],"replies":[{"embeddable":true,"href":"https:\/\/construcaocivil.siriusmarketingedesign.com.br\/index.php?rest_route=%2Fwp%2Fv2%2Fcomments&post=26008"}],"version-history":[{"count":0,"href":"https:\/\/construcaocivil.siriusmarketingedesign.com.br\/index.php?rest_route=\/wp\/v2\/posts\/26008\/revisions"}],"wp:featuredmedia":[{"embeddable":true,"href":"https:\/\/construcaocivil.siriusmarketingedesign.com.br\/index.php?rest_route=\/wp\/v2\/media\/26009"}],"wp:attachment":[{"href":"https:\/\/construcaocivil.siriusmarketingedesign.com.br\/index.php?rest_route=%2Fwp%2Fv2%2Fmedia&parent=26008"}],"wp:term":[{"taxonomy":"category","embeddable":true,"href":"https:\/\/construcaocivil.siriusmarketingedesign.com.br\/index.php?rest_route=%2Fwp%2Fv2%2Fcategories&post=26008"},{"taxonomy":"post_tag","embeddable":true,"href":"https:\/\/construcaocivil.siriusmarketingedesign.com.br\/index.php?rest_route=%2Fwp%2Fv2%2Ftags&post=26008"}],"curies":[{"name":"wp","href":"https:\/\/api.w.org\/{rel}","templated":true}]}}