{"id":26011,"date":"2025-08-25T00:31:27","date_gmt":"2025-08-25T03:31:27","guid":{"rendered":"https:\/\/www.jornaldaconstrucaocivil.com.br\/?p=26011"},"modified":"2025-08-25T00:31:27","modified_gmt":"2025-08-25T03:31:27","slug":"conbrava-2025-debate-mudancas-climaticas-e-os-caminhos-dos-setores-da-climatizacao-e-da-refrigeracao-para-enfrentar-os-desafios-globais","status":"publish","type":"post","link":"https:\/\/construcaocivil.siriusmarketingedesign.com.br\/?p=26011","title":{"rendered":"CONBRAVA 2025 debate mudan\u00e7as clim\u00e1ticas e os caminhos dos setores da climatiza\u00e7\u00e3o e da refrigera\u00e7\u00e3o para enfrentar os desafios globais"},"content":{"rendered":"<p style=\"text-align: justify;\"><i>Mesa-redonda in\u00e9dita abordar\u00e1 o papel da refrigera\u00e7\u00e3o e climatiza\u00e7\u00e3o\u00a0com o tema &#8220;Clima em Transforma\u00e7\u00e3o&#8221; e prop\u00f5e contribui\u00e7\u00f5es para a COP30 no Brasil As transforma\u00e7\u00f5es clim\u00e1ticas em evid\u00eancia no planeta v\u00eam exigindo aten\u00e7\u00e3o redobrada aos impactos e \u00e0s solu\u00e7\u00f5es no campo da refrigera\u00e7\u00e3o, climatiza\u00e7\u00e3o e qualidade do ar. Em resposta a esse cen\u00e1rio, a 19\u00aa edi\u00e7\u00e3o do CONBRAVA &#8211; Congresso Brasileiro de Refrigera\u00e7\u00e3o, Ar Condicionado, Ventila\u00e7\u00e3o, Aquecimento e Tratamento de Ar, que acontece de 10 a 12 de setembro de 2025, no S\u00e3o Paulo Expo (SP), promove pela primeira vez a mesa-redonda &#8220;Clima em Transforma\u00e7\u00e3o: Como o setor est\u00e1 respondendo \u00e0s mudan\u00e7as clim\u00e1ticas&#8221;.<\/i><\/p>\n<div>\n<p style=\"text-align: justify;\">Idealizada pela Comiss\u00e3o Organizadora do CONBRAVA 2025, de curadoria e organiza\u00e7\u00e3o da ABRAVA &#8211; Associa\u00e7\u00e3o Brasileira de Refrigera\u00e7\u00e3o, Ar Condicionado, Ventila\u00e7\u00e3o e Aquecimento -, e que contar\u00e1 com a participa\u00e7\u00e3o de especialistas do poder p\u00fablico, academia, mercado e setor t\u00e9cnico, a mesa &#8220;Clima em Transforma\u00e7\u00e3o&#8221; se prop\u00f5e a analisar como as multidisciplinaridades do AVACR est\u00e3o se adaptando, inovando e contribuindo para um futuro clim\u00e1tico mais seguro e sustent\u00e1vel. A discuss\u00e3o ser\u00e1 guiada por uma abordagem multissetorial e alinhada \u00e0s diretrizes do Compromisso Global de Resfriamento (Global Cooling Pledge), com o objetivo de pavimentar o caminho para a constru\u00e7\u00e3o de uma Contribui\u00e7\u00e3o Globalmente Determinada (GDC), proposta que ser\u00e1 levada \u00e0 COP30, marcada para novembro de 2025, em Bel\u00e9m (PA).<\/p>\n<p style=\"text-align: justify;\">Com modera\u00e7\u00e3o de Thiago Pietrobon, a mesa contar\u00e1 com a participa\u00e7\u00e3o de: Charles Domingues, presidente da Comiss\u00e3o Organizadora do CONBRAVA e especialista em sustentabilidade no setor AVACR; Marcia Oleskovicz, assessora s\u00eanior na Ag\u00eancia Brasileira de Desenvolvimento Industrial (ABDI); Roberto Peixoto, professor do Instituto Mau\u00e1 de Tecnologia e colaborador do IPCC; e, Pedro Nogueira, representante do Grupo Raia Drogasil, respons\u00e1vel pelo projeto de descarboniza\u00e7\u00e3o da climatiza\u00e7\u00e3o da rede<\/p>\n<p style=\"text-align: justify;\">O debate prev\u00ea exposi\u00e7\u00f5es iniciais dos painelistas seguidas de uma rodada de perguntas e respostas, alcan\u00e7ando propostas concretas, mensur\u00e1veis e alinhadas ao limite de 1,5 \u00b0C de aquecimento global. O objetivo \u00e9 que o setor AVACR brasileiro contribua efetivamente para os compromissos clim\u00e1ticos internacionais, estimulando a\u00e7\u00f5es coordenadas entre governos, empresas e sociedade civil.<\/p>\n<p style=\"text-align: justify;\">&#8220;A refrigera\u00e7\u00e3o e a climatiza\u00e7\u00e3o s\u00e3o vitais para enfrentar os extremos clim\u00e1ticos e garantir conforto, sa\u00fade e seguran\u00e7a. Mas o setor tamb\u00e9m precisa ser protagonista na redu\u00e7\u00e3o de emiss\u00f5es e na efici\u00eancia energ\u00e9tica. O CONBRAVA 2025 \u00e9 um espa\u00e7o privilegiado para esse di\u00e1logo&#8221;, afirma Thiago Pietrobon.<\/p>\n<div>\n<div>\n<p style=\"text-align: justify;\">As inscri\u00e7\u00f5es j\u00e1 est\u00e3o abertas no site oficial:\u00a0<a href=\"http:\/\/www.conbrava.com.br\/\" target=\"_blank\" rel=\"noopener noreferrer\">www.conbrava.com.br<\/a>.<\/p>\n<p style=\"text-align: justify;\">Mais informa\u00e7\u00f5es:\u00a0<a href=\"mailto:conbrava@abrava.com.br\" rel=\"noreferrer\">conbrava@abrava.com.br<\/a><\/p>\n<\/div>\n<\/div>\n<\/div>\n","protected":false},"excerpt":{"rendered":"<p>Mesa-redonda in\u00e9dita abordar\u00e1 o papel da refrigera\u00e7\u00e3o e climatiza\u00e7\u00e3o\u00a0com o tema &#8220;Clima em Transforma\u00e7\u00e3o&#8221; e prop\u00f5e contribui\u00e7\u00f5es para a COP30 no Brasil As transforma\u00e7\u00f5es clim\u00e1ticas em evid\u00eancia no planeta v\u00eam exigindo aten\u00e7\u00e3o redobrada aos impactos e \u00e0s solu\u00e7\u00f5es no campo da refrigera\u00e7\u00e3o, climatiza\u00e7\u00e3o e qualidade do ar. Em resposta a esse cen\u00e1rio, a 19\u00aa edi\u00e7\u00e3o [&hellip;]<\/p>\n","protected":false},"author":1,"featured_media":26012,"comment_status":"open","ping_status":"open","sticky":false,"template":"","format":"standard","meta":{"_uag_custom_page_level_css":"","footnotes":""},"categories":[33],"tags":[27755,837,27278,27754,10076,12339],"class_list":["post-26011","post","type-post","status-publish","format-standard","has-post-thumbnail","hentry","category-mercado","tag-aquecimento-e-tratamento-de-ar","tag-ar-condicionado","tag-clima-e-efeitos-climaticos","tag-conbrava","tag-refrigeracao","tag-ventilacao"],"blocksy_meta":[],"spectra_blocks_featured_image_url":{"thumbnail":{"url":"https:\/\/construcaocivil.siriusmarketingedesign.com.br\/wp-content\/uploads\/2025\/08\/Post-Conbrava-2025-Inscric-807a-771o-1080x1080pxls-150x150.jpg","width":150,"height":150},"medium":{"url":"https:\/\/construcaocivil.siriusmarketingedesign.com.br\/wp-content\/uploads\/2025\/08\/Post-Conbrava-2025-Inscric-807a-771o-1080x1080pxls-300x273.jpg","width":300,"height":273},"medium_large":{"url":"https:\/\/construcaocivil.siriusmarketingedesign.com.br\/wp-content\/uploads\/2025\/08\/Post-Conbrava-2025-Inscric-807a-771o-1080x1080pxls-768x698.jpg","width":768,"height":698},"large":{"url":"https:\/\/construcaocivil.siriusmarketingedesign.com.br\/wp-content\/uploads\/2025\/08\/Post-Conbrava-2025-Inscric-807a-771o-1080x1080pxls-1024x931.jpg","width":1024,"height":931},"full":{"url":"https:\/\/construcaocivil.siriusmarketingedesign.com.br\/wp-content\/uploads\/2025\/08\/Post-Conbrava-2025-Inscric-807a-771o-1080x1080pxls.jpg","width":1250,"height":1136}},"spectra_blocks_author_info":{"display_name":"Jornal da Constru\u00e7\u00e3o Civil","avatar_url":"https:\/\/secure.gravatar.com\/avatar\/973c9774fd44ddaceb026973c4962faa70fc512bc4c9da68e8ebb40fecee6540?s=96&d=mm&r=g","author_link":"https:\/\/construcaocivil.siriusmarketingedesign.com.br\/?author=1","description":"Desde de 2013, levando muitas informa\u00e7\u00f5es, lan\u00e7amentos e produtos de qualidade para toda cadeia produtiva da constru\u00e7\u00e3o. O Futuro da constru\u00e7\u00e3o passa por aqui,"},"uagb_featured_image_src":{"full":["https:\/\/construcaocivil.siriusmarketingedesign.com.br\/wp-content\/uploads\/2025\/08\/Post-Conbrava-2025-Inscric-807a-771o-1080x1080pxls.jpg",1250,1136,false],"thumbnail":["https:\/\/construcaocivil.siriusmarketingedesign.com.br\/wp-content\/uploads\/2025\/08\/Post-Conbrava-2025-Inscric-807a-771o-1080x1080pxls-150x150.jpg",150,150,true],"medium":["https:\/\/construcaocivil.siriusmarketingedesign.com.br\/wp-content\/uploads\/2025\/08\/Post-Conbrava-2025-Inscric-807a-771o-1080x1080pxls-300x273.jpg",300,273,true],"medium_large":["https:\/\/construcaocivil.siriusmarketingedesign.com.br\/wp-content\/uploads\/2025\/08\/Post-Conbrava-2025-Inscric-807a-771o-1080x1080pxls-768x698.jpg",768,698,true],"large":["https:\/\/construcaocivil.siriusmarketingedesign.com.br\/wp-content\/uploads\/2025\/08\/Post-Conbrava-2025-Inscric-807a-771o-1080x1080pxls-1024x931.jpg",1024,931,true],"1536x1536":["https:\/\/construcaocivil.siriusmarketingedesign.com.br\/wp-content\/uploads\/2025\/08\/Post-Conbrava-2025-Inscric-807a-771o-1080x1080pxls.jpg",1250,1136,false],"2048x2048":["https:\/\/construcaocivil.siriusmarketingedesign.com.br\/wp-content\/uploads\/2025\/08\/Post-Conbrava-2025-Inscric-807a-771o-1080x1080pxls.jpg",1250,1136,false]},"uagb_author_info":{"display_name":"Jornal da Constru\u00e7\u00e3o Civil","author_link":"https:\/\/construcaocivil.siriusmarketingedesign.com.br\/?author=1"},"uagb_comment_info":0,"uagb_excerpt":"Mesa-redonda in\u00e9dita abordar\u00e1 o papel da refrigera\u00e7\u00e3o e climatiza\u00e7\u00e3o\u00a0com o tema &#8220;Clima em Transforma\u00e7\u00e3o&#8221; e prop\u00f5e contribui\u00e7\u00f5es para a COP30 no Brasil As transforma\u00e7\u00f5es clim\u00e1ticas em evid\u00eancia no planeta v\u00eam exigindo aten\u00e7\u00e3o redobrada aos impactos e \u00e0s solu\u00e7\u00f5es no campo da refrigera\u00e7\u00e3o, climatiza\u00e7\u00e3o e qualidade do ar. Em resposta a esse cen\u00e1rio, a 19\u00aa edi\u00e7\u00e3o&hellip;","_links":{"self":[{"href":"https:\/\/construcaocivil.siriusmarketingedesign.com.br\/index.php?rest_route=\/wp\/v2\/posts\/26011","targetHints":{"allow":["GET"]}}],"collection":[{"href":"https:\/\/construcaocivil.siriusmarketingedesign.com.br\/index.php?rest_route=\/wp\/v2\/posts"}],"about":[{"href":"https:\/\/construcaocivil.siriusmarketingedesign.com.br\/index.php?rest_route=\/wp\/v2\/types\/post"}],"author":[{"embeddable":true,"href":"https:\/\/construcaocivil.siriusmarketingedesign.com.br\/index.php?rest_route=\/wp\/v2\/users\/1"}],"replies":[{"embeddable":true,"href":"https:\/\/construcaocivil.siriusmarketingedesign.com.br\/index.php?rest_route=%2Fwp%2Fv2%2Fcomments&post=26011"}],"version-history":[{"count":0,"href":"https:\/\/construcaocivil.siriusmarketingedesign.com.br\/index.php?rest_route=\/wp\/v2\/posts\/26011\/revisions"}],"wp:featuredmedia":[{"embeddable":true,"href":"https:\/\/construcaocivil.siriusmarketingedesign.com.br\/index.php?rest_route=\/wp\/v2\/media\/26012"}],"wp:attachment":[{"href":"https:\/\/construcaocivil.siriusmarketingedesign.com.br\/index.php?rest_route=%2Fwp%2Fv2%2Fmedia&parent=26011"}],"wp:term":[{"taxonomy":"category","embeddable":true,"href":"https:\/\/construcaocivil.siriusmarketingedesign.com.br\/index.php?rest_route=%2Fwp%2Fv2%2Fcategories&post=26011"},{"taxonomy":"post_tag","embeddable":true,"href":"https:\/\/construcaocivil.siriusmarketingedesign.com.br\/index.php?rest_route=%2Fwp%2Fv2%2Ftags&post=26011"}],"curies":[{"name":"wp","href":"https:\/\/api.w.org\/{rel}","templated":true}]}}