{"id":26040,"date":"2025-09-02T00:38:26","date_gmt":"2025-09-02T03:38:26","guid":{"rendered":"https:\/\/www.jornaldaconstrucaocivil.com.br\/?p=26040"},"modified":"2025-09-02T00:38:26","modified_gmt":"2025-09-02T03:38:26","slug":"iphan-recebe-i-seminario-brasileiro-de-museologia-de-terreiro-no-rj","status":"publish","type":"post","link":"https:\/\/construcaocivil.siriusmarketingedesign.com.br\/?p=26040","title":{"rendered":"Iphan recebe I Semin\u00e1rio Brasileiro de Museologia de Terreiro, no RJ"},"content":{"rendered":"<p style=\"text-align: justify;\"><em><strong>Entre os destaques da programa\u00e7\u00e3o est\u00e1 o lan\u00e7amento do primeiro mapeamento nacional de museus de terreiros<\/strong><\/em><\/p>\n<p style=\"text-align: justify;\">Setembro, 2025 &#8211; No dia 9 de setembro, das 9h \u00e0s 18h, a Superintend\u00eancia do Instituto do Patrim\u00f4nio Hist\u00f3rico e Art\u00edstico Nacional (Iphan) no Rio de Janeiro recebe o I Semin\u00e1rio Brasileiro de Museologia de Terreiro, encontro nacional in\u00e9dito dedicado ao tema. O evento reunir\u00e1 gestores de museus de terreiros, pesquisadores, professores e lideran\u00e7as religiosas de diferentes estados. O semin\u00e1rio \u00e9 uma realiza\u00e7\u00e3o do terreiro Il\u00ea Omolu Oxum e da Universidade Federal do Estado do Rio de Janeiro (Unirio), em parceria com o Iphan e a Defensoria P\u00fablica da Uni\u00e3o.<\/p>\n<p style=\"text-align: justify;\">A mesa de abertura contar\u00e1 com a presen\u00e7a da ministra dos Direitos Humanos e da Cidadania, Maca\u00e9 Evaristo, do reitor da Unirio, Jos\u00e9 da Costa Filho, al\u00e9m de autoridades do Iphan e representantes de museus do estado do Rio de Janeiro.<\/p>\n<p style=\"text-align: justify;\">Entre os destaques da programa\u00e7\u00e3o est\u00e3o o lan\u00e7amento do primeiro mapeamento nacional de museus de terreiros, debates sobre a preserva\u00e7\u00e3o da mem\u00f3ria e do patrim\u00f4nio cultural afro-brasileira nos terreiros, o enfrentamento ao racismo religioso e reflex\u00f5es sobre acervos tombados pelo Iphan que re\u00fanem objetos sagrados e hist\u00f3ricos de religi\u00f5es de matriz africana.<\/p>\n<p style=\"text-align: justify;\">O evento ser\u00e1 transmitido ao vivo pelos canais do Iphan e da Unirio no YouTube.<\/p>\n<p style=\"text-align: justify;\">Haver\u00e1 emiss\u00e3o de certificados para os participantes de ambas as modalidades (presencial e virtual). As inscri\u00e7\u00f5es s\u00e3o gratuitas e podem ser feitas neste link.<\/p>\n<p style=\"text-align: justify;\">Servi\u00e7o:<\/p>\n<p style=\"text-align: justify;\">Data: 9 de setembro<\/p>\n<p style=\"text-align: justify;\">Hor\u00e1rio: 9h \u00e0s 18h<\/p>\n<p style=\"text-align: justify;\">Local: Superintend\u00eancia do Iphan no Rio de Janeiro<\/p>\n<p style=\"text-align: justify;\">Endere\u00e7o: Avenida Rio Branco, 46 &#8211; Centro, Rio de Janeir<\/p>\n<p><a href=\"https:\/\/click.cse360.com.br\/Click\/AddCampaignEmailClick\/5223d9b2-b702-4131-fc11-08dde6712147\/https%253a%252f%252fdocs.google.com%252fforms%252fd%252fe%252f1FAIpQLSfSZSO5Vz_Ws4Ln3FEaeitTGshHsHZvxYmOy36jpQdt6H-hlQ%252fviewform\/b20bfdd4-a02b-41a4-eb6d-08d7c5ff26d1\/webobras@gmail.com\/True\" target=\"_blank\" rel=\"noopener noreferrer\" data-saferedirecturl=\"https:\/\/www.google.com\/url?q=https:\/\/click.cse360.com.br\/Click\/AddCampaignEmailClick\/5223d9b2-b702-4131-fc11-08dde6712147\/https%25253a%25252f%25252fdocs.google.com%25252fforms%25252fd%25252fe%25252f1FAIpQLSfSZSO5Vz_Ws4Ln3FEaeitTGshHsHZvxYmOy36jpQdt6H-hlQ%25252fviewform\/b20bfdd4-a02b-41a4-eb6d-08d7c5ff26d1\/webobras@gmail.com\/True&amp;source=gmail&amp;ust=1756862627885000&amp;usg=AOvVaw3FlRxHClz5gAh9UfqimoBu\">Clique aqui para se inscrever.<\/a><\/p>\n","protected":false},"excerpt":{"rendered":"<p>Entre os destaques da programa\u00e7\u00e3o est\u00e1 o lan\u00e7amento do primeiro mapeamento nacional de museus de terreiros Setembro, 2025 &#8211; No dia 9 de setembro, das 9h \u00e0s 18h, a Superintend\u00eancia do Instituto do Patrim\u00f4nio Hist\u00f3rico e Art\u00edstico Nacional (Iphan) no Rio de Janeiro recebe o I Semin\u00e1rio Brasileiro de Museologia de Terreiro, encontro nacional in\u00e9dito [&hellip;]<\/p>\n","protected":false},"author":1,"featured_media":26041,"comment_status":"open","ping_status":"open","sticky":false,"template":"","format":"standard","meta":{"_uag_custom_page_level_css":"","footnotes":""},"categories":[27],"tags":[27773,6391,27775,27774],"class_list":["post-26040","post","type-post","status-publish","format-standard","has-post-thumbnail","hentry","category-acontece","tag-dpu","tag-iphan","tag-predios-historicos","tag-unirio-rj"],"blocksy_meta":[],"spectra_blocks_featured_image_url":{"thumbnail":{"url":"https:\/\/construcaocivil.siriusmarketingedesign.com.br\/wp-content\/uploads\/2025\/09\/unnamed-4-150x150.png","width":150,"height":150},"medium":{"url":"https:\/\/construcaocivil.siriusmarketingedesign.com.br\/wp-content\/uploads\/2025\/09\/unnamed-4-300x158.png","width":300,"height":158},"medium_large":{"url":"https:\/\/construcaocivil.siriusmarketingedesign.com.br\/wp-content\/uploads\/2025\/09\/unnamed-4-768x405.png","width":768,"height":405},"large":{"url":"https:\/\/construcaocivil.siriusmarketingedesign.com.br\/wp-content\/uploads\/2025\/09\/unnamed-4-1024x539.png","width":1024,"height":539},"full":{"url":"https:\/\/construcaocivil.siriusmarketingedesign.com.br\/wp-content\/uploads\/2025\/09\/unnamed-4.png","width":1080,"height":569}},"spectra_blocks_author_info":{"display_name":"Jornal da Constru\u00e7\u00e3o Civil","avatar_url":"https:\/\/secure.gravatar.com\/avatar\/973c9774fd44ddaceb026973c4962faa70fc512bc4c9da68e8ebb40fecee6540?s=96&d=mm&r=g","author_link":"https:\/\/construcaocivil.siriusmarketingedesign.com.br\/?author=1","description":"Desde de 2013, levando muitas informa\u00e7\u00f5es, lan\u00e7amentos e produtos de qualidade para toda cadeia produtiva da constru\u00e7\u00e3o. O Futuro da constru\u00e7\u00e3o passa por aqui,"},"uagb_featured_image_src":{"full":["https:\/\/construcaocivil.siriusmarketingedesign.com.br\/wp-content\/uploads\/2025\/09\/unnamed-4.png",1080,569,false],"thumbnail":["https:\/\/construcaocivil.siriusmarketingedesign.com.br\/wp-content\/uploads\/2025\/09\/unnamed-4-150x150.png",150,150,true],"medium":["https:\/\/construcaocivil.siriusmarketingedesign.com.br\/wp-content\/uploads\/2025\/09\/unnamed-4-300x158.png",300,158,true],"medium_large":["https:\/\/construcaocivil.siriusmarketingedesign.com.br\/wp-content\/uploads\/2025\/09\/unnamed-4-768x405.png",768,405,true],"large":["https:\/\/construcaocivil.siriusmarketingedesign.com.br\/wp-content\/uploads\/2025\/09\/unnamed-4-1024x539.png",1024,539,true],"1536x1536":["https:\/\/construcaocivil.siriusmarketingedesign.com.br\/wp-content\/uploads\/2025\/09\/unnamed-4.png",1080,569,false],"2048x2048":["https:\/\/construcaocivil.siriusmarketingedesign.com.br\/wp-content\/uploads\/2025\/09\/unnamed-4.png",1080,569,false]},"uagb_author_info":{"display_name":"Jornal da Constru\u00e7\u00e3o Civil","author_link":"https:\/\/construcaocivil.siriusmarketingedesign.com.br\/?author=1"},"uagb_comment_info":0,"uagb_excerpt":"Entre os destaques da programa\u00e7\u00e3o est\u00e1 o lan\u00e7amento do primeiro mapeamento nacional de museus de terreiros Setembro, 2025 &#8211; No dia 9 de setembro, das 9h \u00e0s 18h, a Superintend\u00eancia do Instituto do Patrim\u00f4nio Hist\u00f3rico e Art\u00edstico Nacional (Iphan) no Rio de Janeiro recebe o I Semin\u00e1rio Brasileiro de Museologia de Terreiro, encontro nacional in\u00e9dito&hellip;","_links":{"self":[{"href":"https:\/\/construcaocivil.siriusmarketingedesign.com.br\/index.php?rest_route=\/wp\/v2\/posts\/26040","targetHints":{"allow":["GET"]}}],"collection":[{"href":"https:\/\/construcaocivil.siriusmarketingedesign.com.br\/index.php?rest_route=\/wp\/v2\/posts"}],"about":[{"href":"https:\/\/construcaocivil.siriusmarketingedesign.com.br\/index.php?rest_route=\/wp\/v2\/types\/post"}],"author":[{"embeddable":true,"href":"https:\/\/construcaocivil.siriusmarketingedesign.com.br\/index.php?rest_route=\/wp\/v2\/users\/1"}],"replies":[{"embeddable":true,"href":"https:\/\/construcaocivil.siriusmarketingedesign.com.br\/index.php?rest_route=%2Fwp%2Fv2%2Fcomments&post=26040"}],"version-history":[{"count":0,"href":"https:\/\/construcaocivil.siriusmarketingedesign.com.br\/index.php?rest_route=\/wp\/v2\/posts\/26040\/revisions"}],"wp:featuredmedia":[{"embeddable":true,"href":"https:\/\/construcaocivil.siriusmarketingedesign.com.br\/index.php?rest_route=\/wp\/v2\/media\/26041"}],"wp:attachment":[{"href":"https:\/\/construcaocivil.siriusmarketingedesign.com.br\/index.php?rest_route=%2Fwp%2Fv2%2Fmedia&parent=26040"}],"wp:term":[{"taxonomy":"category","embeddable":true,"href":"https:\/\/construcaocivil.siriusmarketingedesign.com.br\/index.php?rest_route=%2Fwp%2Fv2%2Fcategories&post=26040"},{"taxonomy":"post_tag","embeddable":true,"href":"https:\/\/construcaocivil.siriusmarketingedesign.com.br\/index.php?rest_route=%2Fwp%2Fv2%2Ftags&post=26040"}],"curies":[{"name":"wp","href":"https:\/\/api.w.org\/{rel}","templated":true}]}}