{"id":26059,"date":"2025-09-05T22:34:06","date_gmt":"2025-09-06T01:34:06","guid":{"rendered":"https:\/\/www.jornaldaconstrucaocivil.com.br\/?p=26059"},"modified":"2025-09-05T22:34:06","modified_gmt":"2025-09-06T01:34:06","slug":"casa-cor-rio-e-deca-promovem-primeiro-preview-da-34a-edicao-da-mostra-carioca","status":"publish","type":"post","link":"https:\/\/construcaocivil.siriusmarketingedesign.com.br\/?p=26059","title":{"rendered":"Casa Cor Rio e DECA promovem primeiro preview da 34\u00aa edi\u00e7\u00e3o da mostra carioca"},"content":{"rendered":"<p><em><strong>Evento apresentou, com exclusividade para convidados e jornalistas, os 43 ambientes assinados por arquitetos, designers de interiores e paisagistas<\/strong><\/em><\/p>\n<p>Setembro, 2025 &#8211; Um brunch realizado nesta sexta, dia 5, pela <strong>CASACOR Rio<\/strong>\u00a0e\u00a0<strong>Deca<\/strong>, patrocinadora master da CASACOR, deu in\u00edcio \u00e0 agenda de eventos e de visitas \u00e0 34\u00aa edi\u00e7\u00e3o da mostra carioca. Realizado na Casa Brisa Deca, ambiente criado por Paola Ribeiro para a mostra, o encontro reuniu profissionais participantes e jornalistas que foram recebidos por\u00a0<strong>Patricia Mayer<\/strong>\u00a0e\u00a0<strong>Patricia Quentel<\/strong>, s\u00f3cias que est\u00e3o \u00e0 frente da mostra carioca desde a 1\u00aa edi\u00e7\u00e3o, al\u00e9m de executivos da\u00a0<strong>Dexco<\/strong>\u00a0como o CEO Raul Guaragna; a diretora de Marketing e Design da Dexco, Marina Crocomo; a gerente de Comunica\u00e7\u00e3o e Branding da Deca, Helga Dias Junqueira; o diretor comercial da Deca, Gilmar Menegon; e a arquiteta da Deca, Herika Nakamura.<\/p>\n<figure style=\"width: 800px\" class=\"wp-caption alignnone\"><img loading=\"lazy\" decoding=\"async\" src=\"https:\/\/s2506.imxsnd01.com\/8==gZipTN3EmZ0YmOyJmLt92YuI2cmBUYj52bk5WZt5SYsxWZiF2cppTM2kzM5YTOzcjOnVGcq5ydvxmY4kTYjRTOiJzNmVmZhJTMyIjMhNTYkBTY0QGOxcjMiZkMlcjMiZkMlkzN2gTMGJTJ2IDMx8VL1ETLf9VLwITLfpTO\" alt=\"\" width=\"800\" height=\"534\" \/><figcaption class=\"wp-caption-text\">Na frente, da esquerda para a direita: Pedro Ariel, Patr\u00edcia Quentel, Cris Ferraz e Bruno Antonaccio. Ao fundo, Helga Dias Junqueira, L\u00edvia Pedreira, Marina Crocomo, Patricia Mayer, Paola Ribeiro e Raul Guaragna no brunch de abertura da CASACOR Rio, no ambiente Casa Brisa Deca. Cr\u00e9ditos: Renato Wrobel<\/figcaption><\/figure>\n<p>Os arquitetos, designers de interiores e paisagistas tamb\u00e9m passeavam por l\u00e1 mostrando pessoalmente seus ambientes. Este ano, a CASACOR Rio apresenta uma nova forma de viver o Rio, em espa\u00e7os mais compactos como est\u00fadios e lofts, e todo o conforto que uma localiza\u00e7\u00e3o privilegiada e o bom design podem proporcionar. Entre os destaques, o ambiente propriet\u00e1rio da Deca &#8211; a\u00a0<strong>Casa Brisa Deca<\/strong>, varanda integrada \u00e0 cozinha e ao living assinada por\u00a0<strong>Paola Ribeiro<\/strong>, evidencia o protagonismo que a cozinha vem assumindo como espa\u00e7o de conviv\u00eancia e express\u00e3o do morar contempor\u00e2neo. A presen\u00e7a da\u00a0<strong>Deca<\/strong>\u00a0na\u00a0<strong>CASACOR Rio<\/strong>\u00a0amplia o di\u00e1logo da marca com esse ambiente, consolidando sua participa\u00e7\u00e3o em um dos espa\u00e7os mais simb\u00f3licos da vida dom\u00e9stica atual.<i>\u00a0<\/i><br \/>\n<i>&#8220;O Brunch de abertura da CASACOR Rio \u00e9 sempre um encontro inspirador, que re\u00fane profissionais, parceiros e amigos em torno da arquitetura e do design. Para a Deca, como patrocinadora master dessa importante mostra, \u00e9 uma oportunidade especial de celebrar junto com o p\u00fablico carioca mais um ano de participa\u00e7\u00e3o com um ambiente propriet\u00e1rio e produtos que levam design e funcionalidade aos espa\u00e7os. Queremos reafirmar nosso compromisso em inspirar novas formas de viver&#8221;<\/i>, afirma\u00a0<strong>Helga Dias Junqueira, gerente de Comunica\u00e7\u00e3o e Branding da Deca.<\/strong><br \/>\nA mostra deste ano ocupa, pelo segundo ano consecutivo, parte do Fashion Mall, em S\u00e3o Conrado. S\u00e3o seis mil metros quadrados, 43 ambientes decorados por mais de 60 profissionais, entre arquitetos, designers de interiores e paisagistas. A mostra fica aberta ao p\u00fablico de 9 de setembro a 26 de outubro.<\/p>\n<p><strong>CASACOR RIO 2025<\/strong><\/p>\n<p><strong>Per\u00edodo:<\/strong>\u00a0de 9 de setembro a 26 de outubro de 2025<br \/>\n<strong>Hor\u00e1rio:<\/strong>\u00a0de ter\u00e7a a domingo, das 12h \u00e0s 21h (inclusive feriados)<br \/>\nLocal: Fashion Mall. R. Povina Cavalcanti, 120. S\u00e3o Conrado.<br \/>\n<strong>Tel:<\/strong>\u00a0(21) 96432-2494<\/p>\n<p><strong>Ingressos:<\/strong><a href=\"https:\/\/appcasacor.com.br\/events\/rio-de-janeiro-2025\" target=\"_blank\" rel=\"noopener noreferrer\"><strong>\u00a0<\/strong>Link<\/a><\/p>\n<p>R$ 120 (inteira)<br \/>\nR$ 60 (meia)<\/p>\n<p><strong>Descontos progressivos na pr\u00e9-venda:<\/strong>\u00a010%, de 26\/08 a 08\/09<br \/>\n<strong>Anu\u00e1rio:<\/strong>\u00a0R$ 60<\/p>\n<p>&nbsp;<\/p>\n<p>&nbsp;<\/p>\n","protected":false},"excerpt":{"rendered":"<p>Evento apresentou, com exclusividade para convidados e jornalistas, os 43 ambientes assinados por arquitetos, designers de interiores e paisagistas Setembro, 2025 &#8211; Um brunch realizado nesta sexta, dia 5, pela CASACOR Rio\u00a0e\u00a0Deca, patrocinadora master da CASACOR, deu in\u00edcio \u00e0 agenda de eventos e de visitas \u00e0 34\u00aa edi\u00e7\u00e3o da mostra carioca. Realizado na Casa Brisa [&hellip;]<\/p>\n","protected":false},"author":1,"featured_media":26060,"comment_status":"open","ping_status":"open","sticky":false,"template":"","format":"standard","meta":{"_uag_custom_page_level_css":"","footnotes":""},"categories":[28],"tags":[1933,27782,3382,27783],"class_list":["post-26059","post","type-post","status-publish","format-standard","has-post-thumbnail","hentry","category-arquitetura","tag-casa-e-decoracao","tag-casacor-rio-2025","tag-deca","tag-mostra-de-designer-e-arquitetura"],"blocksy_meta":[],"spectra_blocks_featured_image_url":{"thumbnail":{"url":"https:\/\/construcaocivil.siriusmarketingedesign.com.br\/wp-content\/uploads\/2025\/09\/DECA-ok-150x150.jpeg","width":150,"height":150},"medium":{"url":"https:\/\/construcaocivil.siriusmarketingedesign.com.br\/wp-content\/uploads\/2025\/09\/DECA-ok-300x226.jpeg","width":300,"height":226},"medium_large":{"url":"https:\/\/construcaocivil.siriusmarketingedesign.com.br\/wp-content\/uploads\/2025\/09\/DECA-ok.jpeg","width":710,"height":534},"large":{"url":"https:\/\/construcaocivil.siriusmarketingedesign.com.br\/wp-content\/uploads\/2025\/09\/DECA-ok.jpeg","width":710,"height":534},"full":{"url":"https:\/\/construcaocivil.siriusmarketingedesign.com.br\/wp-content\/uploads\/2025\/09\/DECA-ok.jpeg","width":710,"height":534}},"spectra_blocks_author_info":{"display_name":"Jornal da Constru\u00e7\u00e3o Civil","avatar_url":"https:\/\/secure.gravatar.com\/avatar\/973c9774fd44ddaceb026973c4962faa70fc512bc4c9da68e8ebb40fecee6540?s=96&d=mm&r=g","author_link":"https:\/\/construcaocivil.siriusmarketingedesign.com.br\/?author=1","description":"Desde de 2013, levando muitas informa\u00e7\u00f5es, lan\u00e7amentos e produtos de qualidade para toda cadeia produtiva da constru\u00e7\u00e3o. O Futuro da constru\u00e7\u00e3o passa por aqui,"},"uagb_featured_image_src":{"full":["https:\/\/construcaocivil.siriusmarketingedesign.com.br\/wp-content\/uploads\/2025\/09\/DECA-ok.jpeg",710,534,false],"thumbnail":["https:\/\/construcaocivil.siriusmarketingedesign.com.br\/wp-content\/uploads\/2025\/09\/DECA-ok-150x150.jpeg",150,150,true],"medium":["https:\/\/construcaocivil.siriusmarketingedesign.com.br\/wp-content\/uploads\/2025\/09\/DECA-ok-300x226.jpeg",300,226,true],"medium_large":["https:\/\/construcaocivil.siriusmarketingedesign.com.br\/wp-content\/uploads\/2025\/09\/DECA-ok.jpeg",710,534,false],"large":["https:\/\/construcaocivil.siriusmarketingedesign.com.br\/wp-content\/uploads\/2025\/09\/DECA-ok.jpeg",710,534,false],"1536x1536":["https:\/\/construcaocivil.siriusmarketingedesign.com.br\/wp-content\/uploads\/2025\/09\/DECA-ok.jpeg",710,534,false],"2048x2048":["https:\/\/construcaocivil.siriusmarketingedesign.com.br\/wp-content\/uploads\/2025\/09\/DECA-ok.jpeg",710,534,false]},"uagb_author_info":{"display_name":"Jornal da Constru\u00e7\u00e3o Civil","author_link":"https:\/\/construcaocivil.siriusmarketingedesign.com.br\/?author=1"},"uagb_comment_info":0,"uagb_excerpt":"Evento apresentou, com exclusividade para convidados e jornalistas, os 43 ambientes assinados por arquitetos, designers de interiores e paisagistas Setembro, 2025 &#8211; Um brunch realizado nesta sexta, dia 5, pela CASACOR Rio\u00a0e\u00a0Deca, patrocinadora master da CASACOR, deu in\u00edcio \u00e0 agenda de eventos e de visitas \u00e0 34\u00aa edi\u00e7\u00e3o da mostra carioca. Realizado na Casa Brisa&hellip;","_links":{"self":[{"href":"https:\/\/construcaocivil.siriusmarketingedesign.com.br\/index.php?rest_route=\/wp\/v2\/posts\/26059","targetHints":{"allow":["GET"]}}],"collection":[{"href":"https:\/\/construcaocivil.siriusmarketingedesign.com.br\/index.php?rest_route=\/wp\/v2\/posts"}],"about":[{"href":"https:\/\/construcaocivil.siriusmarketingedesign.com.br\/index.php?rest_route=\/wp\/v2\/types\/post"}],"author":[{"embeddable":true,"href":"https:\/\/construcaocivil.siriusmarketingedesign.com.br\/index.php?rest_route=\/wp\/v2\/users\/1"}],"replies":[{"embeddable":true,"href":"https:\/\/construcaocivil.siriusmarketingedesign.com.br\/index.php?rest_route=%2Fwp%2Fv2%2Fcomments&post=26059"}],"version-history":[{"count":0,"href":"https:\/\/construcaocivil.siriusmarketingedesign.com.br\/index.php?rest_route=\/wp\/v2\/posts\/26059\/revisions"}],"wp:featuredmedia":[{"embeddable":true,"href":"https:\/\/construcaocivil.siriusmarketingedesign.com.br\/index.php?rest_route=\/wp\/v2\/media\/26060"}],"wp:attachment":[{"href":"https:\/\/construcaocivil.siriusmarketingedesign.com.br\/index.php?rest_route=%2Fwp%2Fv2%2Fmedia&parent=26059"}],"wp:term":[{"taxonomy":"category","embeddable":true,"href":"https:\/\/construcaocivil.siriusmarketingedesign.com.br\/index.php?rest_route=%2Fwp%2Fv2%2Fcategories&post=26059"},{"taxonomy":"post_tag","embeddable":true,"href":"https:\/\/construcaocivil.siriusmarketingedesign.com.br\/index.php?rest_route=%2Fwp%2Fv2%2Ftags&post=26059"}],"curies":[{"name":"wp","href":"https:\/\/api.w.org\/{rel}","templated":true}]}}