{"id":26065,"date":"2025-09-06T20:20:23","date_gmt":"2025-09-06T23:20:23","guid":{"rendered":"https:\/\/www.jornaldaconstrucaocivil.com.br\/?p=26065"},"modified":"2025-09-06T20:20:23","modified_gmt":"2025-09-06T23:20:23","slug":"mais-de-4-mil-profissionais-marcam-presenca-na-conferencia-internacional-cau-2025-em-brasilia","status":"publish","type":"post","link":"https:\/\/construcaocivil.siriusmarketingedesign.com.br\/?p=26065","title":{"rendered":"Mais de 4 mil profissionais marcam presen\u00e7a na Confer\u00eancia Internacional CAU 2025 em Bras\u00edlia"},"content":{"rendered":"<p style=\"text-align: justify;\"><em><strong>Evento re\u00fane profissionais em 120 palestras sobre habita\u00e7\u00e3o, meio ambiente, inova\u00e7\u00e3o, sustentabilidade e acessibilidade durante os dias 4,5 e 6 de setembro<\/strong><\/em><\/p>\n<p style=\"text-align: justify;\">Setembro, 2025 &#8211; Bras\u00edlia foi, nesta semana, palco da Confer\u00eancia Internacional CAU 2025. O evento, que registrou mais de 4.500 inscri\u00e7\u00f5es de participantes vindos de diferentes pa\u00edses em palestras sobre diversidade, inova\u00e7\u00e3o e reflex\u00e3o sobre o papel social da arquitetura, contou com palestras repletas de profissionais da arquitetura e urbanismo.<\/p>\n<p style=\"text-align: justify;\">A abertura foi nesta quarta-feira, 4\/9, conduzida pela presidente do Conselho de Arquitetura e Urbanismo do Brasil (CAU\/BR), Patr\u00edcia Sarquis Herden, que destacou a import\u00e2ncia de Bras\u00edlia como palco para discuss\u00f5es que dialogam com os desafios globais da profiss\u00e3o. Em seguida, a pauta magna trouxe o renomado arquiteto chin\u00eas\u00a0<strong>Kongjian Yu<\/strong>, refer\u00eancia mundial no conceito de &#8220;cidades esponja&#8221;, que defende solu\u00e7\u00f5es sustent\u00e1veis para enfrentar as mudan\u00e7as clim\u00e1ticas e os impactos urbanos.<\/p>\n<p style=\"text-align: justify;\">Ao longo do dia, os debates contemplaram temas que conectam a arquitetura \u00e0 vida em sociedade, como\u00a0<strong>&#8220;Direito \u00e0 cidade para pessoas LGBTQIAPN+&#8221;<\/strong>\u00a0e\u00a0<strong>&#8220;Justi\u00e7a ambiental e povos origin\u00e1rios&#8221;<\/strong>, que refor\u00e7am a dimens\u00e3o inclusiva e social da confer\u00eancia.<\/p>\n<p style=\"text-align: justify;\">Bras\u00edlia tamb\u00e9m esteve em evid\u00eancia na programa\u00e7\u00e3o com o painel\u00a0<strong>&#8220;65 anos de Bras\u00edlia&#8221;<\/strong>, conduzida por Flavio Carsalade, Carlos Andrade e Andrey Schlee. Os palestrantes ressaltaram a capital federal como patrim\u00f4nio hist\u00f3rico tombado pela UNESCO e refer\u00eancia de estudo para a arquitetura mundial.<\/p>\n<p style=\"text-align: justify;\">Inova\u00e7\u00e3o e futuro tamb\u00e9m ganharam espa\u00e7o com pain\u00e9is como\u00a0<strong>&#8220;Retrofit&#8221;<\/strong>, que reuniu os especialistas Miguel Saraiva, Marcelo Falc\u00e3o, Adriana Levisky, Gustavo Garrido e Jos\u00e9 Carlos Martins, al\u00e9m da palestra\u00a0<strong>&#8220;Arquitetura como solu\u00e7\u00e3o&#8221;<\/strong>, com Avelino Jos\u00e9 e Pinto de Oliveira.<\/p>\n<p style=\"text-align: justify;\">A Confer\u00eancia Internacional CAU 2025 deixa sua marca na intensidade das discuss\u00f5es e por um p\u00fablico motivado a entender mais sobre as estruturas urbanas e habita\u00e7\u00f5es. O sucesso do evento ressalta a relev\u00e2ncia do encontro como um espa\u00e7o de troca global e de fortalecimento do di\u00e1logo entre arquitetura, urbanismo e sociedade.<\/p>\n<p><strong>Confer\u00eancia Internacional CAU 2025<\/strong><\/p>\n<p>Na Confer\u00eancia Internacional CAU 2025, mem\u00f3ria, espa\u00e7o e transforma\u00e7\u00e3o se conectam para repensar o futuro da arquitetura e do urbanismo. Realizado pelo Conselho de Arquitetura e Urbanismo do Brasil (CAU\/BR), em parceria com a AIA International e a AIA Am\u00e9rica Latina, o evento contar\u00e1 com 120 palestrantes nacionais e internacionais e espera receber mais de 3 mil participantes.<\/p>\n<p>&nbsp;<\/p>\n<p>A confer\u00eancia conta com apoio institucional das entidades do Colegiado das Entidades Nacionais de Arquitetura e Urbanismo (CEAU-CAU\/BR): Associa\u00e7\u00e3o Brasileira de Arquitetos Paisagistas (ABAP), Associa\u00e7\u00e3o Brasileira de Ensino de Arquitetura e Urbanismo (ABEA), Associa\u00e7\u00e3o Brasileira de Escrit\u00f3rios de Arquitetura (AsBEA), Federa\u00e7\u00e3o Nacional dos Arquitetos e Urbanistas (FNA), a Federa\u00e7\u00e3o Nacional dos Estudantes de Arquitetura e Urbanismo do Brasil (FeNEA) e o Instituto de Arquitetos do Brasil (IAB).<\/p>\n<p>&nbsp;<\/p>\n<p>O evento tem patroc\u00ednio Diamante da Caixa Econ\u00f4mica Federal (CAIXA) e do Servi\u00e7o Brasileiro de Apoio \u00e0s Micro e Pequenas Empresas (Sebrae); patroc\u00ednio Ouro da Graphisoft Archicad, Lenovo e Total Cad; e patroc\u00ednio Bronze da Associa\u00e7\u00e3o Brasileira de Normas T\u00e9cnicas (ABNT), BIM F\u00f3rum Brasil, Rio Books e Instituto Brasileiro de Avalia\u00e7\u00f5es e Per\u00edcias de Engenharia (Ibape). Conta tamb\u00e9m com a parceria da Ag\u00eancia Brasileira de Desenvolvimento Industrial (ABDI).<\/p>\n","protected":false},"excerpt":{"rendered":"<p>Evento re\u00fane profissionais em 120 palestras sobre habita\u00e7\u00e3o, meio ambiente, inova\u00e7\u00e3o, sustentabilidade e acessibilidade durante os dias 4,5 e 6 de setembro Setembro, 2025 &#8211; Bras\u00edlia foi, nesta semana, palco da Confer\u00eancia Internacional CAU 2025. O evento, que registrou mais de 4.500 inscri\u00e7\u00f5es de participantes vindos de diferentes pa\u00edses em palestras sobre diversidade, inova\u00e7\u00e3o e [&hellip;]<\/p>\n","protected":false},"author":1,"featured_media":26066,"comment_status":"open","ping_status":"open","sticky":false,"template":"","format":"standard","meta":{"_uag_custom_page_level_css":"","footnotes":""},"categories":[27],"tags":[923,1569,2015,27787],"class_list":["post-26065","post","type-post","status-publish","format-standard","has-post-thumbnail","hentry","category-acontece","tag-arquitetura-e-urbanismo","tag-brasilia","tag-cau-br","tag-conferencia-internacional-cau-2025"],"blocksy_meta":[],"spectra_blocks_featured_image_url":{"thumbnail":{"url":"https:\/\/construcaocivil.siriusmarketingedesign.com.br\/wp-content\/uploads\/2025\/09\/handler-11-150x150.jpeg","width":150,"height":150},"medium":{"url":"https:\/\/construcaocivil.siriusmarketingedesign.com.br\/wp-content\/uploads\/2025\/09\/handler-11-300x200.jpeg","width":300,"height":200},"medium_large":{"url":"https:\/\/construcaocivil.siriusmarketingedesign.com.br\/wp-content\/uploads\/2025\/09\/handler-11-768x512.jpeg","width":768,"height":512},"large":{"url":"https:\/\/construcaocivil.siriusmarketingedesign.com.br\/wp-content\/uploads\/2025\/09\/handler-11.jpeg","width":800,"height":533},"full":{"url":"https:\/\/construcaocivil.siriusmarketingedesign.com.br\/wp-content\/uploads\/2025\/09\/handler-11.jpeg","width":800,"height":533}},"spectra_blocks_author_info":{"display_name":"Jornal da Constru\u00e7\u00e3o Civil","avatar_url":"https:\/\/secure.gravatar.com\/avatar\/973c9774fd44ddaceb026973c4962faa70fc512bc4c9da68e8ebb40fecee6540?s=96&d=mm&r=g","author_link":"https:\/\/construcaocivil.siriusmarketingedesign.com.br\/?author=1","description":"Desde de 2013, levando muitas informa\u00e7\u00f5es, lan\u00e7amentos e produtos de qualidade para toda cadeia produtiva da constru\u00e7\u00e3o. O Futuro da constru\u00e7\u00e3o passa por aqui,"},"uagb_featured_image_src":{"full":["https:\/\/construcaocivil.siriusmarketingedesign.com.br\/wp-content\/uploads\/2025\/09\/handler-11.jpeg",800,533,false],"thumbnail":["https:\/\/construcaocivil.siriusmarketingedesign.com.br\/wp-content\/uploads\/2025\/09\/handler-11-150x150.jpeg",150,150,true],"medium":["https:\/\/construcaocivil.siriusmarketingedesign.com.br\/wp-content\/uploads\/2025\/09\/handler-11-300x200.jpeg",300,200,true],"medium_large":["https:\/\/construcaocivil.siriusmarketingedesign.com.br\/wp-content\/uploads\/2025\/09\/handler-11-768x512.jpeg",768,512,true],"large":["https:\/\/construcaocivil.siriusmarketingedesign.com.br\/wp-content\/uploads\/2025\/09\/handler-11.jpeg",800,533,false],"1536x1536":["https:\/\/construcaocivil.siriusmarketingedesign.com.br\/wp-content\/uploads\/2025\/09\/handler-11.jpeg",800,533,false],"2048x2048":["https:\/\/construcaocivil.siriusmarketingedesign.com.br\/wp-content\/uploads\/2025\/09\/handler-11.jpeg",800,533,false]},"uagb_author_info":{"display_name":"Jornal da Constru\u00e7\u00e3o Civil","author_link":"https:\/\/construcaocivil.siriusmarketingedesign.com.br\/?author=1"},"uagb_comment_info":0,"uagb_excerpt":"Evento re\u00fane profissionais em 120 palestras sobre habita\u00e7\u00e3o, meio ambiente, inova\u00e7\u00e3o, sustentabilidade e acessibilidade durante os dias 4,5 e 6 de setembro Setembro, 2025 &#8211; Bras\u00edlia foi, nesta semana, palco da Confer\u00eancia Internacional CAU 2025. O evento, que registrou mais de 4.500 inscri\u00e7\u00f5es de participantes vindos de diferentes pa\u00edses em palestras sobre diversidade, inova\u00e7\u00e3o e&hellip;","_links":{"self":[{"href":"https:\/\/construcaocivil.siriusmarketingedesign.com.br\/index.php?rest_route=\/wp\/v2\/posts\/26065","targetHints":{"allow":["GET"]}}],"collection":[{"href":"https:\/\/construcaocivil.siriusmarketingedesign.com.br\/index.php?rest_route=\/wp\/v2\/posts"}],"about":[{"href":"https:\/\/construcaocivil.siriusmarketingedesign.com.br\/index.php?rest_route=\/wp\/v2\/types\/post"}],"author":[{"embeddable":true,"href":"https:\/\/construcaocivil.siriusmarketingedesign.com.br\/index.php?rest_route=\/wp\/v2\/users\/1"}],"replies":[{"embeddable":true,"href":"https:\/\/construcaocivil.siriusmarketingedesign.com.br\/index.php?rest_route=%2Fwp%2Fv2%2Fcomments&post=26065"}],"version-history":[{"count":0,"href":"https:\/\/construcaocivil.siriusmarketingedesign.com.br\/index.php?rest_route=\/wp\/v2\/posts\/26065\/revisions"}],"wp:featuredmedia":[{"embeddable":true,"href":"https:\/\/construcaocivil.siriusmarketingedesign.com.br\/index.php?rest_route=\/wp\/v2\/media\/26066"}],"wp:attachment":[{"href":"https:\/\/construcaocivil.siriusmarketingedesign.com.br\/index.php?rest_route=%2Fwp%2Fv2%2Fmedia&parent=26065"}],"wp:term":[{"taxonomy":"category","embeddable":true,"href":"https:\/\/construcaocivil.siriusmarketingedesign.com.br\/index.php?rest_route=%2Fwp%2Fv2%2Fcategories&post=26065"},{"taxonomy":"post_tag","embeddable":true,"href":"https:\/\/construcaocivil.siriusmarketingedesign.com.br\/index.php?rest_route=%2Fwp%2Fv2%2Ftags&post=26065"}],"curies":[{"name":"wp","href":"https:\/\/api.w.org\/{rel}","templated":true}]}}