{"id":26068,"date":"2025-09-07T17:39:57","date_gmt":"2025-09-07T20:39:57","guid":{"rendered":"https:\/\/www.jornaldaconstrucaocivil.com.br\/?p=26068"},"modified":"2025-09-07T17:39:57","modified_gmt":"2025-09-07T20:39:57","slug":"bim-e-mais-que-tecnologia-e-estrategia-de-futuro-destaca-analista-do-sebrae-nacional-em-painel-sobre-a-estrategia-da-inovacao","status":"publish","type":"post","link":"https:\/\/construcaocivil.siriusmarketingedesign.com.br\/?p=26068","title":{"rendered":"&#8220;BIM \u00e9 mais que tecnologia, \u00e9 estrat\u00e9gia de futuro&#8221;, destaca analista do SEBRAE Nacional em painel sobre a estrat\u00e9gia da inova\u00e7\u00e3o"},"content":{"rendered":"<p style=\"text-align: justify;\"><strong><i>Modelagem da Informa\u00e7\u00e3o da Constru\u00e7\u00e3o (BIM) \u00e9 foco entre discuss\u00f5es de arquitetos e urbanistas na Confer\u00eancia Internacional CAU 2025<\/i><\/strong><\/p>\n<p style=\"text-align: justify;\">Setembro, 2025 &#8211; A aplica\u00e7\u00e3o do Building Information Modeling (BIM), ou Modelagem da Informa\u00e7\u00e3o da Constru\u00e7\u00e3o, foi tema central de dois pain\u00e9is da Confer\u00eancia Internacional CAU 2025, realizada entre os dias 4, 5 e 6 de setembro em Bras\u00edlia. A tecnologia, que moderniza processos na Arquitetura, Engenharia e Constru\u00e7\u00e3o, foi debatida tanto sob a perspectiva da atua\u00e7\u00e3o do BIM F\u00f3rum Brasil (BFB) quanto no contexto da Estrat\u00e9gia BIMBR do Governo Federal.<\/p>\n<p style=\"text-align: justify;\">\n<p style=\"text-align: justify;\">O presidente do BFB, Rodrigo Koerich, apresentou as frentes estrat\u00e9gicas da entidade, que h\u00e1 cinco anos re\u00fane organiza\u00e7\u00f5es para fomentar a ado\u00e7\u00e3o do BIM. &#8220;Estamos realizando mapeamento da transforma\u00e7\u00e3o digital, avaliando a ado\u00e7\u00e3o de BIM nas empresas e unindo os esfor\u00e7os de todos os agentes da cadeia produtiva da constru\u00e7\u00e3o para otimizar as iniciativas&#8221;, explicou.<\/p>\n<p style=\"text-align: justify;\">\n<p style=\"text-align: justify;\">Entre as a\u00e7\u00f5es, o coordenador do Grupo &#8220;Estrutura de Objetivos Educacionais e Compet\u00eancias BIM&#8221; do F\u00f3rum, Ricardo Bianca, destacou os conte\u00fados voltados \u00e0 forma\u00e7\u00e3o profissional e \u00e0s diferentes compet\u00eancias necess\u00e1rias ao setor. Ele anunciou ainda a realiza\u00e7\u00e3o de tr\u00eas oficinas para arquitetos durante a Confer\u00eancia. J\u00e1 a arquiteta e urbanista Karina Matias apresentou os guias produzidos pelo grupo de trabalho, como os de Coordena\u00e7\u00e3o de Projetos e Planejamento Pr\u00e9-projeto.\n<\/p>\n<p style=\"text-align: justify;\">A analista do Sebrae Nacional, Renata C\u00e2ndida, refor\u00e7ou o papel da entidade no acesso democratizado ao BIM para micro e pequenas empresas. &#8220;Estamos com foco no acesso democratizado de BIM para micro e pequenas empresas, realizando diagn\u00f3sticos, promovendo a maturidade digital, porque sabemos que BIM \u00e9 mais que tecnologia, \u00e9 estrat\u00e9gia de futuro, pois \u00e9 instrumento de pol\u00edtica p\u00fablica, produtividade e sustentabilidade&#8221;, disse.\n<\/p>\n<p style=\"text-align: justify;\">No \u00e2mbito do setor p\u00fablico, representantes de \u00f3rg\u00e3os federais mostraram como a Estrat\u00e9gia BIMBR vem sendo implementada, com participa\u00e7\u00e3o de nove minist\u00e9rios em um Comit\u00ea Gestor respons\u00e1vel por regulamentar e normatizar o uso da ferramenta.\n<\/p>\n<p style=\"text-align: justify;\">A coordenadora de A\u00e7\u00f5es de Desenvolvimento Industrial do MDIC, Alessandra Teixeira, apresentou a atua\u00e7\u00e3o dos cinco grupos de trabalho voltados \u00e0 gest\u00e3o de ativos e \u00e0 integra\u00e7\u00e3o em programas habitacionais. &#8220;Criamos eixos e diretrizes para supervisionar a aplica\u00e7\u00e3o da Lei n\u00ba 11.888\/2024, que moderniza o setor da constru\u00e7\u00e3o civil, e agora estamos realizando um diagn\u00f3stico do uso do BIM nos \u00f3rg\u00e3os e entidades da administra\u00e7\u00e3o p\u00fablica&#8221;, explicou.<\/p>\n<p style=\"text-align: justify;\">\n<p style=\"text-align: justify;\">J\u00e1 a coordenadora-geral de Informa\u00e7\u00f5es e Monitoramento de Obras do MGI, Giovanna Ferreira, destacou a estrutura\u00e7\u00e3o do setor p\u00fablico para utiliza\u00e7\u00e3o do BIM, com capacita\u00e7\u00f5es e uso de plataformas como Obras.gov, Transfere.gov e Rede de Parcerias. &#8220;Utilizamos essas plataformas para conseguir alcan\u00e7ar todos os estados e munic\u00edpios com mais efici\u00eancia, executando obras de maneira descentralizada e com efetividade&#8221;, afirmou.<\/p>\n<p style=\"text-align: justify;\">\n<p style=\"text-align: justify;\">Na Caixa Econ\u00f4mica Federal, os arquitetos e urbanistas Nina Farnese e Carlos Eduardo Gomes Carneiro mostraram como a institui\u00e7\u00e3o tem avan\u00e7ado na aplica\u00e7\u00e3o da modelagem em projetos de infraestrutura. &#8220;Sabemos que nosso trabalho pode transformar a vida das pessoas, como apoio \u00e0 execu\u00e7\u00e3o das pol\u00edticas do governo, por isso, quanto mais eficiente, mais alcance&#8221;, disse Nina. J\u00e1 Carlos Eduardo lembrou que a Caixa iniciou projetos pilotos com BIM em 2013, no Centro Paral\u00edmpico. &#8220;Hoje, os projetos recebidos com modelagem BIM t\u00eam sido aprovados com mais rapidez&#8221;, completou.<\/p>\n<p style=\"text-align: justify;\">\n<p style=\"text-align: justify;\"><strong>Confer\u00eancia Internacional CAU 2025<\/strong><\/p>\n<p style=\"text-align: justify;\">Na Confer\u00eancia Internacional CAU 2025, mem\u00f3ria, espa\u00e7o e transforma\u00e7\u00e3o se conectam para repensar o futuro da arquitetura e do urbanismo. Realizado pelo Conselho de Arquitetura e Urbanismo do Brasil (CAU\/BR), em parceria com a AIA International e a AIA Am\u00e9rica Latina, o evento contar\u00e1 com 120 palestrantes nacionais e internacionais e espera receber mais de 3 mil participantes.<\/p>\n<p style=\"text-align: justify;\">\n<p style=\"text-align: justify;\">A confer\u00eancia conta com apoio institucional das entidades do Colegiado das Entidades Nacionais de Arquitetura e Urbanismo (CEAU-CAU\/BR): Associa\u00e7\u00e3o Brasileira de Arquitetos Paisagistas (ABAP), Associa\u00e7\u00e3o Brasileira de Ensino de Arquitetura e Urbanismo (ABEA), Associa\u00e7\u00e3o Brasileira de Escrit\u00f3rios de Arquitetura (AsBEA), Federa\u00e7\u00e3o Nacional dos Arquitetos e Urbanistas (FNA), a Federa\u00e7\u00e3o Nacional dos Estudantes de Arquitetura e Urbanismo do Brasil (FeNEA) e o Instituto de Arquitetos do Brasil (IAB).<\/p>\n<p style=\"text-align: justify;\">\nO evento tem patroc\u00ednio Diamante da Caixa Econ\u00f4mica Federal (CAIXA) e do Servi\u00e7o Brasileiro de Apoio \u00e0s Micro e Pequenas Empresas (Sebrae); patroc\u00ednio Ouro da Graphisoft Archicad, Lenovo e Total Cad; e patroc\u00ednio Bronze da Associa\u00e7\u00e3o Brasileira de Normas T\u00e9cnicas (ABNT), BIM F\u00f3rum Brasil, Rio Books e Instituto Brasileiro de Avalia\u00e7\u00f5es e Per\u00edcias de Engenharia (Ibape). Conta tamb\u00e9m com a parceria da Ag\u00eancia Brasileira de Desenvolvimento Industrial (ABDI).<\/p>\n","protected":false},"excerpt":{"rendered":"<p>Modelagem da Informa\u00e7\u00e3o da Constru\u00e7\u00e3o (BIM) \u00e9 foco entre discuss\u00f5es de arquitetos e urbanistas na Confer\u00eancia Internacional CAU 2025 Setembro, 2025 &#8211; A aplica\u00e7\u00e3o do Building Information Modeling (BIM), ou Modelagem da Informa\u00e7\u00e3o da Constru\u00e7\u00e3o, foi tema central de dois pain\u00e9is da Confer\u00eancia Internacional CAU 2025, realizada entre os dias 4, 5 e 6 de [&hellip;]<\/p>\n","protected":false},"author":1,"featured_media":26069,"comment_status":"open","ping_status":"open","sticky":false,"template":"","format":"standard","meta":{"_uag_custom_page_level_css":"","footnotes":""},"categories":[33],"tags":[27788,923,1394,1569,2015],"class_list":["post-26068","post","type-post","status-publish","format-standard","has-post-thumbnail","hentry","category-mercado","tag-abea","tag-arquitetura-e-urbanismo","tag-bim","tag-brasilia","tag-cau-br"],"blocksy_meta":[],"spectra_blocks_featured_image_url":{"thumbnail":{"url":"https:\/\/construcaocivil.siriusmarketingedesign.com.br\/wp-content\/uploads\/2025\/09\/54769511088_e6019abfd8_c-150x150.jpg","width":150,"height":150},"medium":{"url":"https:\/\/construcaocivil.siriusmarketingedesign.com.br\/wp-content\/uploads\/2025\/09\/54769511088_e6019abfd8_c-300x200.jpg","width":300,"height":200},"medium_large":{"url":"https:\/\/construcaocivil.siriusmarketingedesign.com.br\/wp-content\/uploads\/2025\/09\/54769511088_e6019abfd8_c-768x512.jpg","width":768,"height":512},"large":{"url":"https:\/\/construcaocivil.siriusmarketingedesign.com.br\/wp-content\/uploads\/2025\/09\/54769511088_e6019abfd8_c.jpg","width":799,"height":533},"full":{"url":"https:\/\/construcaocivil.siriusmarketingedesign.com.br\/wp-content\/uploads\/2025\/09\/54769511088_e6019abfd8_c.jpg","width":799,"height":533}},"spectra_blocks_author_info":{"display_name":"Jornal da Constru\u00e7\u00e3o Civil","avatar_url":"https:\/\/secure.gravatar.com\/avatar\/973c9774fd44ddaceb026973c4962faa70fc512bc4c9da68e8ebb40fecee6540?s=96&d=mm&r=g","author_link":"https:\/\/construcaocivil.siriusmarketingedesign.com.br\/?author=1","description":"Desde de 2013, levando muitas informa\u00e7\u00f5es, lan\u00e7amentos e produtos de qualidade para toda cadeia produtiva da constru\u00e7\u00e3o. O Futuro da constru\u00e7\u00e3o passa por aqui,"},"uagb_featured_image_src":{"full":["https:\/\/construcaocivil.siriusmarketingedesign.com.br\/wp-content\/uploads\/2025\/09\/54769511088_e6019abfd8_c.jpg",799,533,false],"thumbnail":["https:\/\/construcaocivil.siriusmarketingedesign.com.br\/wp-content\/uploads\/2025\/09\/54769511088_e6019abfd8_c-150x150.jpg",150,150,true],"medium":["https:\/\/construcaocivil.siriusmarketingedesign.com.br\/wp-content\/uploads\/2025\/09\/54769511088_e6019abfd8_c-300x200.jpg",300,200,true],"medium_large":["https:\/\/construcaocivil.siriusmarketingedesign.com.br\/wp-content\/uploads\/2025\/09\/54769511088_e6019abfd8_c-768x512.jpg",768,512,true],"large":["https:\/\/construcaocivil.siriusmarketingedesign.com.br\/wp-content\/uploads\/2025\/09\/54769511088_e6019abfd8_c.jpg",799,533,false],"1536x1536":["https:\/\/construcaocivil.siriusmarketingedesign.com.br\/wp-content\/uploads\/2025\/09\/54769511088_e6019abfd8_c.jpg",799,533,false],"2048x2048":["https:\/\/construcaocivil.siriusmarketingedesign.com.br\/wp-content\/uploads\/2025\/09\/54769511088_e6019abfd8_c.jpg",799,533,false]},"uagb_author_info":{"display_name":"Jornal da Constru\u00e7\u00e3o Civil","author_link":"https:\/\/construcaocivil.siriusmarketingedesign.com.br\/?author=1"},"uagb_comment_info":0,"uagb_excerpt":"Modelagem da Informa\u00e7\u00e3o da Constru\u00e7\u00e3o (BIM) \u00e9 foco entre discuss\u00f5es de arquitetos e urbanistas na Confer\u00eancia Internacional CAU 2025 Setembro, 2025 &#8211; A aplica\u00e7\u00e3o do Building Information Modeling (BIM), ou Modelagem da Informa\u00e7\u00e3o da Constru\u00e7\u00e3o, foi tema central de dois pain\u00e9is da Confer\u00eancia Internacional CAU 2025, realizada entre os dias 4, 5 e 6 de&hellip;","_links":{"self":[{"href":"https:\/\/construcaocivil.siriusmarketingedesign.com.br\/index.php?rest_route=\/wp\/v2\/posts\/26068","targetHints":{"allow":["GET"]}}],"collection":[{"href":"https:\/\/construcaocivil.siriusmarketingedesign.com.br\/index.php?rest_route=\/wp\/v2\/posts"}],"about":[{"href":"https:\/\/construcaocivil.siriusmarketingedesign.com.br\/index.php?rest_route=\/wp\/v2\/types\/post"}],"author":[{"embeddable":true,"href":"https:\/\/construcaocivil.siriusmarketingedesign.com.br\/index.php?rest_route=\/wp\/v2\/users\/1"}],"replies":[{"embeddable":true,"href":"https:\/\/construcaocivil.siriusmarketingedesign.com.br\/index.php?rest_route=%2Fwp%2Fv2%2Fcomments&post=26068"}],"version-history":[{"count":0,"href":"https:\/\/construcaocivil.siriusmarketingedesign.com.br\/index.php?rest_route=\/wp\/v2\/posts\/26068\/revisions"}],"wp:featuredmedia":[{"embeddable":true,"href":"https:\/\/construcaocivil.siriusmarketingedesign.com.br\/index.php?rest_route=\/wp\/v2\/media\/26069"}],"wp:attachment":[{"href":"https:\/\/construcaocivil.siriusmarketingedesign.com.br\/index.php?rest_route=%2Fwp%2Fv2%2Fmedia&parent=26068"}],"wp:term":[{"taxonomy":"category","embeddable":true,"href":"https:\/\/construcaocivil.siriusmarketingedesign.com.br\/index.php?rest_route=%2Fwp%2Fv2%2Fcategories&post=26068"},{"taxonomy":"post_tag","embeddable":true,"href":"https:\/\/construcaocivil.siriusmarketingedesign.com.br\/index.php?rest_route=%2Fwp%2Fv2%2Ftags&post=26068"}],"curies":[{"name":"wp","href":"https:\/\/api.w.org\/{rel}","templated":true}]}}