{"id":26095,"date":"2025-09-15T23:59:51","date_gmt":"2025-09-16T02:59:51","guid":{"rendered":"https:\/\/www.jornaldaconstrucaocivil.com.br\/?p=26095"},"modified":"2025-09-15T23:59:51","modified_gmt":"2025-09-16T02:59:51","slug":"mercado-de-trabalho-empresas-sao-responsaveis-por-atos-de-terceirizadas","status":"publish","type":"post","link":"https:\/\/construcaocivil.siriusmarketingedesign.com.br\/?p=26095","title":{"rendered":"Mercado de Trabalho: Empresas s\u00e3o respons\u00e1veis por atos de terceirizadas?"},"content":{"rendered":"<p style=\"font-weight: 400; text-align: justify;\"><em><strong>Especialista alerta: \u201comiss\u00e3o na escolha ou no controle de terceirizadas pode gerar danos milion\u00e1rios e crise de imagem&#8221;<\/strong><\/em><\/p>\n<p style=\"font-weight: 400; text-align: justify;\"><strong>\u00a0<\/strong><\/p>\n<p style=\"font-weight: 400; text-align: justify;\">Setembro, 2025 &#8211; A terceiriza\u00e7\u00e3o de servi\u00e7os cresceu no Brasil nos \u00faltimos anos, impulsionada por mudan\u00e7as legislativas e pelo ganho de efici\u00eancia operacional. No entanto, com essa expans\u00e3o, tamb\u00e9m se intensificaram os riscos legais e reputacionais enfrentados pelas empresas contratantes. Quando uma empresa terceirizada comete erros ou viola direitos, quem responde? O prestador do servi\u00e7o ou a marca contratante?<\/p>\n<p style=\"font-weight: 400; text-align: justify;\">\n<p style=\"font-weight: 400; text-align: justify;\">O advogado Assis Neto, especialista em direito empresarial, explica que, embora a terceiriza\u00e7\u00e3o seja pr\u00e1tica comum e permitida inclusive para atividades-fim, a contratante n\u00e3o est\u00e1 isenta de responsabilidade caso haja falhas ou abusos cometidos por seus parceiros. \u201cA empresa tomadora pode ser responsabilizada, sim, tanto civil quanto trabalhista e, em alguns casos, at\u00e9 criminalmente se ficar comprovado que houve omiss\u00e3o na escolha ou na fiscaliza\u00e7\u00e3o da terceirizada. Isso \u00e9 o que chamamos de\u00a0<em>culpa in eligendo e culpa in vigilando<\/em>\u201d, afirma o advogado.<\/p>\n<p style=\"font-weight: 400; text-align: justify;\">\n<p style=\"font-weight: 400; text-align: justify;\">A reforma trabalhista de 2017 (Lei 13.429\/2017) ampliou o escopo da terceiriza\u00e7\u00e3o no Brasil, permitindo que empresas contratassem prestadores externos at\u00e9 para fun\u00e7\u00f5es estrat\u00e9gicas e atividades-fim. Apesar disso, a responsabiliza\u00e7\u00e3o subsidi\u00e1ria \u2014 e, em alguns casos, solid\u00e1ria \u2014 continua sendo uma realidade, especialmente em casos envolvendo direitos trabalhistas ou danos a consumidores e terceiros.<\/p>\n<p style=\"font-weight: 400; text-align: justify;\">\n<p style=\"font-weight: 400; text-align: justify;\">\u201cA contratante tem o dever de diligenciar a regularidade da prestadora de servi\u00e7os. Isso inclui checar licen\u00e7as, capacita\u00e7\u00e3o dos profissionais, regularidade fiscal e trabalhista e, sobretudo, monitorar como esses servi\u00e7os est\u00e3o sendo executados. \u00c9 uma obriga\u00e7\u00e3o permanente\u201d, completa o especialista da GMP | G&amp;C.<\/p>\n<p style=\"font-weight: 400; text-align: justify;\">\n<p style=\"font-weight: 400; text-align: justify;\">Al\u00e9m dos custos judiciais, a exposi\u00e7\u00e3o p\u00fablica pode afetar de maneira duradoura a imagem da empresa. Em todos os casos citados, as marcas contratantes sofreram boicotes, protestos e impactos financeiros, mesmo quando n\u00e3o houve dolo direto. A percep\u00e7\u00e3o da sociedade \u00e9 clara: a responsabilidade n\u00e3o pode ser terceirizada.<\/p>\n<p style=\"font-weight: 400; text-align: justify;\">\n<p style=\"font-weight: 400; text-align: justify;\">\u201cNo cen\u00e1rio atual, a gest\u00e3o de riscos com terceirizados deve ser parte da governan\u00e7a corporativa. N\u00e3o basta assinar contrato: \u00e9 preciso acompanhar, auditar e corrigir rotas constantemente\u201d, orienta Assis.<\/p>\n<p style=\"font-weight: 400; text-align: justify;\">\n<p style=\"font-weight: 400; text-align: justify;\"><strong>Casos recentes reacendem o debate<\/strong><\/p>\n<p style=\"font-weight: 400; text-align: justify;\">\n<p style=\"font-weight: 400; text-align: justify;\">Diversos epis\u00f3dios chamaram aten\u00e7\u00e3o da opini\u00e3o p\u00fablica para a responsabilidade das empresas em rela\u00e7\u00e3o a seus prestadores de servi\u00e7o terceirizados:<\/p>\n<p style=\"font-weight: 400; text-align: justify;\">\n<ul style=\"text-align: justify;\">\n<li style=\"font-weight: 400;\">Caso Muffato (2025, Curitiba): um seguran\u00e7a de empresa terceirizada aplicou uma t\u00e9cnica de conten\u00e7\u00e3o proibida (mata-le\u00e3o), resultando na morte de um jovem acusado de furto. A contratante foi pressionada social e judicialmente a responder pelo caso, ainda que a a\u00e7\u00e3o tenha ocorrido fora da loja.<\/li>\n<\/ul>\n<p style=\"font-weight: 400; text-align: justify;\">\n<ul style=\"text-align: justify;\">\n<li style=\"font-weight: 400;\">Caso Carrefour (2020, Porto Alegre): um cliente negro foi espancado e morto por seguran\u00e7as terceirizados. O epis\u00f3dio gerou repercuss\u00e3o internacional e levou o Carrefour a firmar um acordo de R$ 120 milh\u00f5es com o Minist\u00e9rio P\u00fablico para medidas de repara\u00e7\u00e3o e inclus\u00e3o racial.<\/li>\n<\/ul>\n<p style=\"font-weight: 400; text-align: justify;\">\n<ul>\n<li style=\"font-weight: 400; text-align: justify;\">Setor hospitalar e condominial: a\u00e7\u00f5es judiciais envolvendo falhas de enfermeiros e porteiros terceirizados tamb\u00e9m v\u00eam aumentando. Em muitos casos, as empresas contratantes foram condenadas por n\u00e3o fiscalizarem adequadamente a execu\u00e7\u00e3o dos servi\u00e7os.<\/li>\n<\/ul>\n","protected":false},"excerpt":{"rendered":"<p>Especialista alerta: \u201comiss\u00e3o na escolha ou no controle de terceirizadas pode gerar danos milion\u00e1rios e crise de imagem&#8221; \u00a0 Setembro, 2025 &#8211; A terceiriza\u00e7\u00e3o de servi\u00e7os cresceu no Brasil nos \u00faltimos anos, impulsionada por mudan\u00e7as legislativas e pelo ganho de efici\u00eancia operacional. No entanto, com essa expans\u00e3o, tamb\u00e9m se intensificaram os riscos legais e reputacionais [&hellip;]<\/p>\n","protected":false},"author":1,"featured_media":26096,"comment_status":"open","ping_status":"open","sticky":false,"template":"","format":"standard","meta":{"_uag_custom_page_level_css":"","footnotes":""},"categories":[27],"tags":[3269,27804,27803],"class_list":["post-26095","post","type-post","status-publish","format-standard","has-post-thumbnail","hentry","category-acontece","tag-curitiba-pr","tag-empreiteiras-e-subempreiteiras","tag-reforma-trabalhista-de-2017-lei-13-429-2017"],"blocksy_meta":[],"spectra_blocks_featured_image_url":{"thumbnail":{"url":"https:\/\/construcaocivil.siriusmarketingedesign.com.br\/wp-content\/uploads\/2025\/09\/Imagem-divulgacao-1-150x150.jpg","width":150,"height":150},"medium":{"url":"https:\/\/construcaocivil.siriusmarketingedesign.com.br\/wp-content\/uploads\/2025\/09\/Imagem-divulgacao-1-300x200.jpg","width":300,"height":200},"medium_large":{"url":"https:\/\/construcaocivil.siriusmarketingedesign.com.br\/wp-content\/uploads\/2025\/09\/Imagem-divulgacao-1-768x512.jpg","width":768,"height":512},"large":{"url":"https:\/\/construcaocivil.siriusmarketingedesign.com.br\/wp-content\/uploads\/2025\/09\/Imagem-divulgacao-1-1024x683.jpg","width":1024,"height":683},"full":{"url":"https:\/\/construcaocivil.siriusmarketingedesign.com.br\/wp-content\/uploads\/2025\/09\/Imagem-divulgacao-1-scaled.jpg","width":2560,"height":1706}},"spectra_blocks_author_info":{"display_name":"Jornal da Constru\u00e7\u00e3o Civil","avatar_url":"https:\/\/secure.gravatar.com\/avatar\/973c9774fd44ddaceb026973c4962faa70fc512bc4c9da68e8ebb40fecee6540?s=96&d=mm&r=g","author_link":"https:\/\/construcaocivil.siriusmarketingedesign.com.br\/?author=1","description":"Desde de 2013, levando muitas informa\u00e7\u00f5es, lan\u00e7amentos e produtos de qualidade para toda cadeia produtiva da constru\u00e7\u00e3o. O Futuro da constru\u00e7\u00e3o passa por aqui,"},"uagb_featured_image_src":{"full":["https:\/\/construcaocivil.siriusmarketingedesign.com.br\/wp-content\/uploads\/2025\/09\/Imagem-divulgacao-1-scaled.jpg",2560,1706,false],"thumbnail":["https:\/\/construcaocivil.siriusmarketingedesign.com.br\/wp-content\/uploads\/2025\/09\/Imagem-divulgacao-1-150x150.jpg",150,150,true],"medium":["https:\/\/construcaocivil.siriusmarketingedesign.com.br\/wp-content\/uploads\/2025\/09\/Imagem-divulgacao-1-300x200.jpg",300,200,true],"medium_large":["https:\/\/construcaocivil.siriusmarketingedesign.com.br\/wp-content\/uploads\/2025\/09\/Imagem-divulgacao-1-768x512.jpg",768,512,true],"large":["https:\/\/construcaocivil.siriusmarketingedesign.com.br\/wp-content\/uploads\/2025\/09\/Imagem-divulgacao-1-1024x683.jpg",1024,683,true],"1536x1536":["https:\/\/construcaocivil.siriusmarketingedesign.com.br\/wp-content\/uploads\/2025\/09\/Imagem-divulgacao-1-1536x1024.jpg",1536,1024,true],"2048x2048":["https:\/\/construcaocivil.siriusmarketingedesign.com.br\/wp-content\/uploads\/2025\/09\/Imagem-divulgacao-1-2048x1365.jpg",2048,1365,true]},"uagb_author_info":{"display_name":"Jornal da Constru\u00e7\u00e3o Civil","author_link":"https:\/\/construcaocivil.siriusmarketingedesign.com.br\/?author=1"},"uagb_comment_info":0,"uagb_excerpt":"Especialista alerta: \u201comiss\u00e3o na escolha ou no controle de terceirizadas pode gerar danos milion\u00e1rios e crise de imagem&#8221; \u00a0 Setembro, 2025 &#8211; A terceiriza\u00e7\u00e3o de servi\u00e7os cresceu no Brasil nos \u00faltimos anos, impulsionada por mudan\u00e7as legislativas e pelo ganho de efici\u00eancia operacional. No entanto, com essa expans\u00e3o, tamb\u00e9m se intensificaram os riscos legais e reputacionais&hellip;","_links":{"self":[{"href":"https:\/\/construcaocivil.siriusmarketingedesign.com.br\/index.php?rest_route=\/wp\/v2\/posts\/26095","targetHints":{"allow":["GET"]}}],"collection":[{"href":"https:\/\/construcaocivil.siriusmarketingedesign.com.br\/index.php?rest_route=\/wp\/v2\/posts"}],"about":[{"href":"https:\/\/construcaocivil.siriusmarketingedesign.com.br\/index.php?rest_route=\/wp\/v2\/types\/post"}],"author":[{"embeddable":true,"href":"https:\/\/construcaocivil.siriusmarketingedesign.com.br\/index.php?rest_route=\/wp\/v2\/users\/1"}],"replies":[{"embeddable":true,"href":"https:\/\/construcaocivil.siriusmarketingedesign.com.br\/index.php?rest_route=%2Fwp%2Fv2%2Fcomments&post=26095"}],"version-history":[{"count":0,"href":"https:\/\/construcaocivil.siriusmarketingedesign.com.br\/index.php?rest_route=\/wp\/v2\/posts\/26095\/revisions"}],"wp:featuredmedia":[{"embeddable":true,"href":"https:\/\/construcaocivil.siriusmarketingedesign.com.br\/index.php?rest_route=\/wp\/v2\/media\/26096"}],"wp:attachment":[{"href":"https:\/\/construcaocivil.siriusmarketingedesign.com.br\/index.php?rest_route=%2Fwp%2Fv2%2Fmedia&parent=26095"}],"wp:term":[{"taxonomy":"category","embeddable":true,"href":"https:\/\/construcaocivil.siriusmarketingedesign.com.br\/index.php?rest_route=%2Fwp%2Fv2%2Fcategories&post=26095"},{"taxonomy":"post_tag","embeddable":true,"href":"https:\/\/construcaocivil.siriusmarketingedesign.com.br\/index.php?rest_route=%2Fwp%2Fv2%2Ftags&post=26095"}],"curies":[{"name":"wp","href":"https:\/\/api.w.org\/{rel}","templated":true}]}}