{"id":26101,"date":"2025-09-18T00:15:56","date_gmt":"2025-09-18T03:15:56","guid":{"rendered":"https:\/\/www.jornaldaconstrucaocivil.com.br\/?p=26101"},"modified":"2025-09-18T00:15:56","modified_gmt":"2025-09-18T03:15:56","slug":"inteligencia-artificial-transformacao-digital-gestao-e-fiscalizacao-de-obras-publicas-estarao-em-pauta-no-12o-enop","status":"publish","type":"post","link":"https:\/\/construcaocivil.siriusmarketingedesign.com.br\/?p=26101","title":{"rendered":"Intelig\u00eancia artificial, transforma\u00e7\u00e3o digital, gest\u00e3o e fiscaliza\u00e7\u00e3o de obras p\u00fablicas estar\u00e3o em pauta no 12\u00ba Enop"},"content":{"rendered":"<p class=\"v1MsoNormal\" style=\"text-align: justify;\" align=\"center\"><strong>Encontro ir\u00e1 reunir em Bras\u00edlia especialistas e profissionais de obras para discutir os desafios e solu\u00e7\u00f5es das contrata\u00e7\u00f5es governamentais<\/strong><\/p>\n<p class=\"v1MsoNormal\" style=\"text-align: justify;\">Bras\u00edlia recebe de 22 a 25 de setembro gestores p\u00fablicos e profissionais de engenharia de todo o pa\u00eds para a 12\u00aa edi\u00e7\u00e3o do Encontro Nacional de Obras P\u00fablicas (Enop).<\/p>\n<p class=\"v1MsoNormal\" style=\"text-align: justify;\">Setembro, 2025 &#8211; O evento, que ser\u00e1 realizado no Centro de Conven\u00e7\u00f5es Brasil 21, ir\u00e1 discutir os temas mais atuais e as melhores pr\u00e1ticas para aprimorar a gest\u00e3o e a execu\u00e7\u00e3o de obras p\u00fablicas, entre eles a contrata\u00e7\u00e3o integrada; o uso da Intelig\u00eancia Artificial na elabora\u00e7\u00e3o do plano de manuten\u00e7\u00e3o predial; check-list para a contrata\u00e7\u00e3o de obras p\u00fablicas e servi\u00e7os de engenharia; o papel do consultor no apoio \u00e0s equipes da administra\u00e7\u00e3o p\u00fablica no planejamento e execu\u00e7\u00e3o de obras p\u00fablicas; estrutura\u00e7\u00e3o de um modelo de gest\u00e3o contratual para servi\u00e7os de manuten\u00e7\u00e3o predial; a gest\u00e3o e fiscaliza\u00e7\u00e3o de obras e servi\u00e7os de engenharia originados de atas de registro de pre\u00e7os; a transforma\u00e7\u00e3o digital e as obras p\u00fablicas, entre outros assuntos.<\/p>\n<p class=\"v1MsoNormal\" style=\"text-align: justify;\"><b>Oficinas simult\u00e2neas \u2013\u00a0<\/b>Os profissionais tamb\u00e9m poder\u00e3o participar de oficinas simult\u00e2neas que colocar\u00e3o em discuss\u00e3o a avalia\u00e7\u00e3o de im\u00f3veis; as novas fronteiras importantes da engenharia de constru\u00e7\u00e3o e diagn\u00f3stica; a inspe\u00e7\u00e3o de qualidade nos pavimentos e obras de infraestrutura; e os procedimentos para detec\u00e7\u00e3o de sobrepre\u00e7o e superfaturamento nas obras p\u00fablicas.<\/p>\n<p class=\"v1MsoNormal\" style=\"text-align: justify;\">Seguindo a programa\u00e7\u00e3o, ser\u00e1 realizado tamb\u00e9m um\u00a0<i>talk show<\/i>\u00a0exclusivo sobre a intelig\u00eancia artificial a servi\u00e7o das obras p\u00fablicas, com a participa\u00e7\u00e3o dos engenheiros Andr\u00e9 Baeta, Rafael Jardim e Washington Luke.<\/p>\n<p class=\"v1MsoNormal\" style=\"text-align: justify;\">O Enop \u00e9 voltado para gestores e fiscais de contratos, servidores encarregados de licita\u00e7\u00e3o, contrata\u00e7\u00e3o, recebimento e aprova\u00e7\u00e3o de projetos, procuradores, pregoeiros, gerentes de contratos de obras, projetistas e empresas de engenharia consultiva, advogados, engenheiros, arquitetos, construtores, auditores e servidores de \u00f3rg\u00e3os de controle interno e externo, peritos judiciais, or\u00e7amentistas, concession\u00e1rias de servi\u00e7os p\u00fablicos, servidores p\u00fablicos e profissionais que trabalham com manuten\u00e7\u00e3o e conserva\u00e7\u00e3o predial, contrata\u00e7\u00e3o e execu\u00e7\u00e3o de empreendimentos de infraestrutura.<\/p>\n<p class=\"v1MsoNormal\" style=\"text-align: justify;\">&#8220;O 12\u00ba Enop \u00e9 um marco na evolu\u00e7\u00e3o da gest\u00e3o p\u00fablica de obras e servi\u00e7os de engenharia, reafirmando o compromisso do setor com a excel\u00eancia, a inova\u00e7\u00e3o e a responsabilidade social. O Encontro \u00e9 um movimento pela transforma\u00e7\u00e3o das contrata\u00e7\u00f5es p\u00fablicas, preparando gestores e profissionais para enfrentar os desafios contempor\u00e2neos e construir um futuro mais eficiente, \u00e9tico e sustent\u00e1vel&#8221;, afirma o coordenador t\u00e9cnico do evento, Andr\u00e9 Baeta.<\/p>\n<p class=\"v1MsoNormal\" style=\"text-align: justify;\">Entre os palestrantes est\u00e3o Benjamin Zymler, ministro do TCU, o engenheiro e advogado D\u00f3rea Mattos, o procurador do estado do Paran\u00e1, Hamilton Bonatto, o engenheiro Elci Pessoa Jr., o advogado Jonas Lima, e o engenheiro Dickran Berberian.<\/p>\n<p class=\"v1MsoNormal\" style=\"text-align: justify;\">O Encontro conta com o patroc\u00ednio da Softplan e o apoio da Brasinfra, Crea-GO, Sinicesp e Sinduscon-DF.<\/p>\n<p class=\"v1MsoNormal\" style=\"text-align: justify;\">Mais informa\u00e7\u00f5es ou inscri\u00e7\u00f5es podem ser obtidas pelo site\u00a0<a href=\"http:\/\/contreinamentos.com.br\/\" target=\"_blank\" rel=\"noopener noreferrer\">contreinamentos.com.br<\/a><\/p>\n","protected":false},"excerpt":{"rendered":"<p>Encontro ir\u00e1 reunir em Bras\u00edlia especialistas e profissionais de obras para discutir os desafios e solu\u00e7\u00f5es das contrata\u00e7\u00f5es governamentais Bras\u00edlia recebe de 22 a 25 de setembro gestores p\u00fablicos e profissionais de engenharia de todo o pa\u00eds para a 12\u00aa edi\u00e7\u00e3o do Encontro Nacional de Obras P\u00fablicas (Enop). Setembro, 2025 &#8211; O evento, que ser\u00e1 [&hellip;]<\/p>\n","protected":false},"author":1,"featured_media":26102,"comment_status":"open","ping_status":"open","sticky":false,"template":"","format":"standard","meta":{"_uag_custom_page_level_css":"","footnotes":""},"categories":[31],"tags":[26163,1569,27808,27809],"class_list":["post-26101","post","type-post","status-publish","format-standard","has-post-thumbnail","hentry","category-infraestrutura","tag-bim-nas-obras","tag-brasilia","tag-encontro-nacional-de-obras-publicas-enop","tag-enop-2025"],"blocksy_meta":[],"spectra_blocks_featured_image_url":{"thumbnail":{"url":"https:\/\/construcaocivil.siriusmarketingedesign.com.br\/wp-content\/uploads\/2025\/09\/Foto-min.-Transportes-Foto-Michel-Corvello-150x150.jpg","width":150,"height":150},"medium":{"url":"https:\/\/construcaocivil.siriusmarketingedesign.com.br\/wp-content\/uploads\/2025\/09\/Foto-min.-Transportes-Foto-Michel-Corvello-300x200.jpg","width":300,"height":200},"medium_large":{"url":"https:\/\/construcaocivil.siriusmarketingedesign.com.br\/wp-content\/uploads\/2025\/09\/Foto-min.-Transportes-Foto-Michel-Corvello-768x512.jpg","width":768,"height":512},"large":{"url":"https:\/\/construcaocivil.siriusmarketingedesign.com.br\/wp-content\/uploads\/2025\/09\/Foto-min.-Transportes-Foto-Michel-Corvello.jpg","width":799,"height":533},"full":{"url":"https:\/\/construcaocivil.siriusmarketingedesign.com.br\/wp-content\/uploads\/2025\/09\/Foto-min.-Transportes-Foto-Michel-Corvello.jpg","width":799,"height":533}},"spectra_blocks_author_info":{"display_name":"Jornal da Constru\u00e7\u00e3o Civil","avatar_url":"https:\/\/secure.gravatar.com\/avatar\/973c9774fd44ddaceb026973c4962faa70fc512bc4c9da68e8ebb40fecee6540?s=96&d=mm&r=g","author_link":"https:\/\/construcaocivil.siriusmarketingedesign.com.br\/?author=1","description":"Desde de 2013, levando muitas informa\u00e7\u00f5es, lan\u00e7amentos e produtos de qualidade para toda cadeia produtiva da constru\u00e7\u00e3o. O Futuro da constru\u00e7\u00e3o passa por aqui,"},"uagb_featured_image_src":{"full":["https:\/\/construcaocivil.siriusmarketingedesign.com.br\/wp-content\/uploads\/2025\/09\/Foto-min.-Transportes-Foto-Michel-Corvello.jpg",799,533,false],"thumbnail":["https:\/\/construcaocivil.siriusmarketingedesign.com.br\/wp-content\/uploads\/2025\/09\/Foto-min.-Transportes-Foto-Michel-Corvello-150x150.jpg",150,150,true],"medium":["https:\/\/construcaocivil.siriusmarketingedesign.com.br\/wp-content\/uploads\/2025\/09\/Foto-min.-Transportes-Foto-Michel-Corvello-300x200.jpg",300,200,true],"medium_large":["https:\/\/construcaocivil.siriusmarketingedesign.com.br\/wp-content\/uploads\/2025\/09\/Foto-min.-Transportes-Foto-Michel-Corvello-768x512.jpg",768,512,true],"large":["https:\/\/construcaocivil.siriusmarketingedesign.com.br\/wp-content\/uploads\/2025\/09\/Foto-min.-Transportes-Foto-Michel-Corvello.jpg",799,533,false],"1536x1536":["https:\/\/construcaocivil.siriusmarketingedesign.com.br\/wp-content\/uploads\/2025\/09\/Foto-min.-Transportes-Foto-Michel-Corvello.jpg",799,533,false],"2048x2048":["https:\/\/construcaocivil.siriusmarketingedesign.com.br\/wp-content\/uploads\/2025\/09\/Foto-min.-Transportes-Foto-Michel-Corvello.jpg",799,533,false]},"uagb_author_info":{"display_name":"Jornal da Constru\u00e7\u00e3o Civil","author_link":"https:\/\/construcaocivil.siriusmarketingedesign.com.br\/?author=1"},"uagb_comment_info":0,"uagb_excerpt":"Encontro ir\u00e1 reunir em Bras\u00edlia especialistas e profissionais de obras para discutir os desafios e solu\u00e7\u00f5es das contrata\u00e7\u00f5es governamentais Bras\u00edlia recebe de 22 a 25 de setembro gestores p\u00fablicos e profissionais de engenharia de todo o pa\u00eds para a 12\u00aa edi\u00e7\u00e3o do Encontro Nacional de Obras P\u00fablicas (Enop). Setembro, 2025 &#8211; O evento, que ser\u00e1&hellip;","_links":{"self":[{"href":"https:\/\/construcaocivil.siriusmarketingedesign.com.br\/index.php?rest_route=\/wp\/v2\/posts\/26101","targetHints":{"allow":["GET"]}}],"collection":[{"href":"https:\/\/construcaocivil.siriusmarketingedesign.com.br\/index.php?rest_route=\/wp\/v2\/posts"}],"about":[{"href":"https:\/\/construcaocivil.siriusmarketingedesign.com.br\/index.php?rest_route=\/wp\/v2\/types\/post"}],"author":[{"embeddable":true,"href":"https:\/\/construcaocivil.siriusmarketingedesign.com.br\/index.php?rest_route=\/wp\/v2\/users\/1"}],"replies":[{"embeddable":true,"href":"https:\/\/construcaocivil.siriusmarketingedesign.com.br\/index.php?rest_route=%2Fwp%2Fv2%2Fcomments&post=26101"}],"version-history":[{"count":0,"href":"https:\/\/construcaocivil.siriusmarketingedesign.com.br\/index.php?rest_route=\/wp\/v2\/posts\/26101\/revisions"}],"wp:featuredmedia":[{"embeddable":true,"href":"https:\/\/construcaocivil.siriusmarketingedesign.com.br\/index.php?rest_route=\/wp\/v2\/media\/26102"}],"wp:attachment":[{"href":"https:\/\/construcaocivil.siriusmarketingedesign.com.br\/index.php?rest_route=%2Fwp%2Fv2%2Fmedia&parent=26101"}],"wp:term":[{"taxonomy":"category","embeddable":true,"href":"https:\/\/construcaocivil.siriusmarketingedesign.com.br\/index.php?rest_route=%2Fwp%2Fv2%2Fcategories&post=26101"},{"taxonomy":"post_tag","embeddable":true,"href":"https:\/\/construcaocivil.siriusmarketingedesign.com.br\/index.php?rest_route=%2Fwp%2Fv2%2Ftags&post=26101"}],"curies":[{"name":"wp","href":"https:\/\/api.w.org\/{rel}","templated":true}]}}