{"id":26104,"date":"2025-09-18T00:18:03","date_gmt":"2025-09-18T03:18:03","guid":{"rendered":"https:\/\/www.jornaldaconstrucaocivil.com.br\/?p=26104"},"modified":"2025-09-18T00:18:03","modified_gmt":"2025-09-18T03:18:03","slug":"chegada-da-brz-a-jaguariuna-vai-gerar-mais-de-500-empregos-e-r-125-milhoes-em-vgv","status":"publish","type":"post","link":"https:\/\/construcaocivil.siriusmarketingedesign.com.br\/?p=26104","title":{"rendered":"Chegada da BRZ a Jaguari\u00fana vai gerar mais de 500 empregos e R$ 125 milh\u00f5es em VGV"},"content":{"rendered":"<p style=\"text-align: justify;\"><em><strong>Construtora aposta no potencial de crescimento da cidade\u00a0\u00a0<\/strong><\/em><\/p>\n<p style=\"text-align: justify;\">Setembro, 2025 &#8211; A BRZ prepara para o fim de setembro sua estreia no mercado imobili\u00e1rio de Jaguari\u00fana, no interior de S\u00e3o Paulo, em um movimento que consolida a expans\u00e3o estrat\u00e9gica da empresa no eixo regional de Campinas. Presente em cidades vizinhas como Mogi Gua\u00e7u e Mogi Mirim, a construtora aposta no potencial de crescimento da nova pra\u00e7a, que apresenta \u00edndices acima da m\u00e9dia nacional em popula\u00e7\u00e3o e n\u00famero de domic\u00edlios. A cidade deve atingir 69,6 mil habitantes at\u00e9 2030, e sua baixa taxa de verticaliza\u00e7\u00e3o, de apenas 6,5%, evidencia a oportunidade para empreendimentos modernos e acess\u00edveis.<\/p>\n<p style=\"text-align: justify;\">O lan\u00e7amento ter\u00e1 Valor Geral de Vendas (VGV) de R$125,4 milh\u00f5es e deve gerar mais de 500 empregos diretos e indiretos. O projeto, localizado no Jardim S\u00e3o Sebasti\u00e3o, contar\u00e1 com unidades de um e dois dormit\u00f3rios, voltadas a diferentes faixas de renda. Contar\u00e1 com infraestrutura de lazer completa, com piscina, pet place, espa\u00e7o gourmet, quadra e \u00e1reas de conviv\u00eancia. A localiza\u00e7\u00e3o estrat\u00e9gica, pr\u00f3xima ao centro, com\u00e9rcios, universidades e servi\u00e7os essenciais, amplia ainda mais o potencial de valoriza\u00e7\u00e3o.<\/p>\n<p style=\"text-align: justify;\">Com esse cen\u00e1rio, a chegada da BRZ \u00e9 vista como um impulso para o desenvolvimento ordenado de Jaguari\u00fana, unindo gera\u00e7\u00e3o de empregos, valoriza\u00e7\u00e3o imobili\u00e1ria e novas oportunidades de moradia de qualidade. A previs\u00e3o de VGV para a cidade nos pr\u00f3ximos\u00a0<strong>cinco<\/strong>\u00a0anos \u00e9 de\u00a0<strong>R$ 335 milh\u00f5es<\/strong>.<\/p>\n","protected":false},"excerpt":{"rendered":"<p>Construtora aposta no potencial de crescimento da cidade\u00a0\u00a0 Setembro, 2025 &#8211; A BRZ prepara para o fim de setembro sua estreia no mercado imobili\u00e1rio de Jaguari\u00fana, no interior de S\u00e3o Paulo, em um movimento que consolida a expans\u00e3o estrat\u00e9gica da empresa no eixo regional de Campinas. Presente em cidades vizinhas como Mogi Gua\u00e7u e Mogi [&hellip;]<\/p>\n","protected":false},"author":1,"featured_media":26110,"comment_status":"open","ping_status":"open","sticky":false,"template":"","format":"standard","meta":{"_uag_custom_page_level_css":"","footnotes":""},"categories":[33],"tags":[15114,27479],"class_list":["post-26104","post","type-post","status-publish","format-standard","has-post-thumbnail","hentry","category-mercado","tag-empregos-na-construcao","tag-jaguariuna-sp"],"blocksy_meta":[],"spectra_blocks_featured_image_url":{"thumbnail":{"url":"https:\/\/construcaocivil.siriusmarketingedesign.com.br\/wp-content\/uploads\/2025\/09\/Eduarda-Tolentino-CEO-da-BRZ-Empreendimentos-1-BLZ-150x150.jpg","width":150,"height":150},"medium":{"url":"https:\/\/construcaocivil.siriusmarketingedesign.com.br\/wp-content\/uploads\/2025\/09\/Eduarda-Tolentino-CEO-da-BRZ-Empreendimentos-1-BLZ-300x210.jpg","width":300,"height":210},"medium_large":{"url":"https:\/\/construcaocivil.siriusmarketingedesign.com.br\/wp-content\/uploads\/2025\/09\/Eduarda-Tolentino-CEO-da-BRZ-Empreendimentos-1-BLZ-768x539.jpg","width":768,"height":539},"large":{"url":"https:\/\/construcaocivil.siriusmarketingedesign.com.br\/wp-content\/uploads\/2025\/09\/Eduarda-Tolentino-CEO-da-BRZ-Empreendimentos-1-BLZ-1024x718.jpg","width":1024,"height":718},"full":{"url":"https:\/\/construcaocivil.siriusmarketingedesign.com.br\/wp-content\/uploads\/2025\/09\/Eduarda-Tolentino-CEO-da-BRZ-Empreendimentos-1-BLZ.jpg","width":1612,"height":1131}},"spectra_blocks_author_info":{"display_name":"Jornal da Constru\u00e7\u00e3o Civil","avatar_url":"https:\/\/secure.gravatar.com\/avatar\/973c9774fd44ddaceb026973c4962faa70fc512bc4c9da68e8ebb40fecee6540?s=96&d=mm&r=g","author_link":"https:\/\/construcaocivil.siriusmarketingedesign.com.br\/?author=1","description":"Desde de 2013, levando muitas informa\u00e7\u00f5es, lan\u00e7amentos e produtos de qualidade para toda cadeia produtiva da constru\u00e7\u00e3o. O Futuro da constru\u00e7\u00e3o passa por aqui,"},"uagb_featured_image_src":{"full":["https:\/\/construcaocivil.siriusmarketingedesign.com.br\/wp-content\/uploads\/2025\/09\/Eduarda-Tolentino-CEO-da-BRZ-Empreendimentos-1-BLZ.jpg",1612,1131,false],"thumbnail":["https:\/\/construcaocivil.siriusmarketingedesign.com.br\/wp-content\/uploads\/2025\/09\/Eduarda-Tolentino-CEO-da-BRZ-Empreendimentos-1-BLZ-150x150.jpg",150,150,true],"medium":["https:\/\/construcaocivil.siriusmarketingedesign.com.br\/wp-content\/uploads\/2025\/09\/Eduarda-Tolentino-CEO-da-BRZ-Empreendimentos-1-BLZ-300x210.jpg",300,210,true],"medium_large":["https:\/\/construcaocivil.siriusmarketingedesign.com.br\/wp-content\/uploads\/2025\/09\/Eduarda-Tolentino-CEO-da-BRZ-Empreendimentos-1-BLZ-768x539.jpg",768,539,true],"large":["https:\/\/construcaocivil.siriusmarketingedesign.com.br\/wp-content\/uploads\/2025\/09\/Eduarda-Tolentino-CEO-da-BRZ-Empreendimentos-1-BLZ-1024x718.jpg",1024,718,true],"1536x1536":["https:\/\/construcaocivil.siriusmarketingedesign.com.br\/wp-content\/uploads\/2025\/09\/Eduarda-Tolentino-CEO-da-BRZ-Empreendimentos-1-BLZ-1536x1078.jpg",1536,1078,true],"2048x2048":["https:\/\/construcaocivil.siriusmarketingedesign.com.br\/wp-content\/uploads\/2025\/09\/Eduarda-Tolentino-CEO-da-BRZ-Empreendimentos-1-BLZ.jpg",1612,1131,false]},"uagb_author_info":{"display_name":"Jornal da Constru\u00e7\u00e3o Civil","author_link":"https:\/\/construcaocivil.siriusmarketingedesign.com.br\/?author=1"},"uagb_comment_info":0,"uagb_excerpt":"Construtora aposta no potencial de crescimento da cidade\u00a0\u00a0 Setembro, 2025 &#8211; A BRZ prepara para o fim de setembro sua estreia no mercado imobili\u00e1rio de Jaguari\u00fana, no interior de S\u00e3o Paulo, em um movimento que consolida a expans\u00e3o estrat\u00e9gica da empresa no eixo regional de Campinas. Presente em cidades vizinhas como Mogi Gua\u00e7u e Mogi&hellip;","_links":{"self":[{"href":"https:\/\/construcaocivil.siriusmarketingedesign.com.br\/index.php?rest_route=\/wp\/v2\/posts\/26104","targetHints":{"allow":["GET"]}}],"collection":[{"href":"https:\/\/construcaocivil.siriusmarketingedesign.com.br\/index.php?rest_route=\/wp\/v2\/posts"}],"about":[{"href":"https:\/\/construcaocivil.siriusmarketingedesign.com.br\/index.php?rest_route=\/wp\/v2\/types\/post"}],"author":[{"embeddable":true,"href":"https:\/\/construcaocivil.siriusmarketingedesign.com.br\/index.php?rest_route=\/wp\/v2\/users\/1"}],"replies":[{"embeddable":true,"href":"https:\/\/construcaocivil.siriusmarketingedesign.com.br\/index.php?rest_route=%2Fwp%2Fv2%2Fcomments&post=26104"}],"version-history":[{"count":0,"href":"https:\/\/construcaocivil.siriusmarketingedesign.com.br\/index.php?rest_route=\/wp\/v2\/posts\/26104\/revisions"}],"wp:featuredmedia":[{"embeddable":true,"href":"https:\/\/construcaocivil.siriusmarketingedesign.com.br\/index.php?rest_route=\/wp\/v2\/media\/26110"}],"wp:attachment":[{"href":"https:\/\/construcaocivil.siriusmarketingedesign.com.br\/index.php?rest_route=%2Fwp%2Fv2%2Fmedia&parent=26104"}],"wp:term":[{"taxonomy":"category","embeddable":true,"href":"https:\/\/construcaocivil.siriusmarketingedesign.com.br\/index.php?rest_route=%2Fwp%2Fv2%2Fcategories&post=26104"},{"taxonomy":"post_tag","embeddable":true,"href":"https:\/\/construcaocivil.siriusmarketingedesign.com.br\/index.php?rest_route=%2Fwp%2Fv2%2Ftags&post=26104"}],"curies":[{"name":"wp","href":"https:\/\/api.w.org\/{rel}","templated":true}]}}