{"id":26119,"date":"2025-09-22T00:35:11","date_gmt":"2025-09-22T03:35:11","guid":{"rendered":"https:\/\/www.jornaldaconstrucaocivil.com.br\/?p=26119"},"modified":"2025-11-06T13:15:30","modified_gmt":"2025-11-06T16:15:30","slug":"ambipar-amplia-a-transicao-para-o-mercado-livre-de-energia-em-parceria-com-a-tyr-energia","status":"publish","type":"post","link":"https:\/\/construcaocivil.siriusmarketingedesign.com.br\/?p=26119","title":{"rendered":"Ambipar amplia a transi\u00e7\u00e3o para o mercado livre de energia em parceria com a TYR Energia"},"content":{"rendered":"<p style=\"text-align: justify;\"><em><strong>Inicialmente, mais de 20 empreendimentos da multinacional brasileira v\u00e3o compor o projeto<\/strong><\/em><\/p>\n<p style=\"text-align: justify;\"><span style=\"color: #993300;\">Setembro de 2025<\/span> &#8211; A Ambipar, l\u00edder global em solu\u00e7\u00f5es ambientais, continua a liderar o caminho rumo a um mundo mais sustent\u00e1vel e firmou uma parceria estrat\u00e9gica com a energytech TYR Energia, com o objetivo de ampliar sua efici\u00eancia energ\u00e9tica, reduzir custos operacionais e fortalecer sua agenda de descarboniza\u00e7\u00e3o.<\/p>\n<div>\n<p>&nbsp;<\/p>\n<p style=\"text-align: justify;\">A Ambipar iniciou a compra de energia renov\u00e1vel utilizando certificados I-REC, mecanismo que garante a origem renov\u00e1vel e permite a rastreabilidade da energia consumida, em 2023, como parte das suas iniciativas de redu\u00e7\u00e3o de emiss\u00f5es. Nesta nova etapa, a migra\u00e7\u00e3o para o novo modelo ocorrer\u00e1 na sede da empresa, localizada em Nova Odessa, no interior de S\u00e3o Paulo, al\u00e9m de outras unidades, abrangendo opera\u00e7\u00f5es nos estados do Amazonas, Alagoas, Bahia, Cear\u00e1, Pernambuco, Mato Grosso, Esp\u00edrito Santo, Paran\u00e1, Santa Catarina e S\u00e3o Paulo.<\/p>\n<p style=\"text-align: justify;\">As migra\u00e7\u00f5es das unidades podem levar at\u00e9 180 dias, conforme o prazo estabelecido pelas regras de transi\u00e7\u00e3o para o mercado livre de energia. \u201cEstamos iniciando a migra\u00e7\u00e3o das nossas principais plantas e opera\u00e7\u00f5es. Nosso objetivo \u00e9 ampliar o projeto at\u00e9 o final do ano, consolidando uma gest\u00e3o otimizada e unificada, promovendo efici\u00eancia energ\u00e9tica e reduzindo custos operacionais\u201d, explica Fernanda Sossai, diretora de Sustentabilidade da Ambipar.<\/p>\n<p style=\"text-align: justify;\">Com essa parceria, a Ambipar projeta uma economia m\u00e9dia que pode chegar a at\u00e9 35%, dependendo da bandeira tarif\u00e1ria e da regi\u00e3o. Al\u00e9m disso, a empresa ter\u00e1 maior autonomia na gest\u00e3o de contratos, acesso a fontes renov\u00e1veis, monitoramento inteligente via celular e previsibilidade or\u00e7ament\u00e1ria. Ao ingressar nesse mercado, a Ambipar poder\u00e1 contratar energia proveniente de fontes como a e\u00f3lica e a solar, refor\u00e7ando nosso seu compromisso com as metas de descarboniza\u00e7\u00e3o e redu\u00e7\u00e3o da pegada de carbono operacional.<\/p>\n<p style=\"text-align: justify;\">Al\u00e9m da economia obtida com a migra\u00e7\u00e3o para o mercado livre de energia, a Ambipar vai poder reduzir seus custos por meio de a\u00e7\u00f5es que aumentem a efici\u00eancia energ\u00e9tica. Ao monitorar os dados de consumo da empresa em tempo real, a plataforma TYR+ vai sugerir uma s\u00e9rie de a\u00e7\u00f5es para tornar este consumo mais eficiente, como substitui\u00e7\u00e3o de aparelhos antigos por novos.<\/p>\n<p style=\"text-align: justify;\">\u201cEssa iniciativa contribui diretamente para as metas de descarboniza\u00e7\u00e3o da Companhia e a expectativa \u00e9 que os primeiros resultados sejam percebidos logo ap\u00f3s a conclus\u00e3o do processo de migra\u00e7\u00e3o, j\u00e1 com o acompanhamento t\u00e9cnico da TYR\u201d, completa Fernanda.<\/p>\n<p style=\"text-align: justify;\">\u201cA Ambipar \u00e9 uma refer\u00eancia internacional em sustentabilidade. Estamos muito honrados de poder oferecer \u00e0 empresa um amplo leque de solu\u00e7\u00f5es que v\u00e3o desde medidas de efici\u00eancia energ\u00e9tica, ao fornecimento de energia limpa e a certifica\u00e7\u00e3o, com o i-REC\u201d, comentou o CEO da TYR Eduardo Miranda.<\/p>\n<p style=\"text-align: justify;\">\u201cA energia mais limpa que existe \u00e9 aquela que n\u00e3o \u00e9 consumida. O Brasil tem um longo caminho a percorrer no que diz respeito \u00e0 efici\u00eancia energ\u00e9tica e a Ambipar se coloca, mais uma vez, na vanguarda da transi\u00e7\u00e3o ecol\u00f3gica. A empresa, al\u00e9m de optar por fontes renov\u00e1veis, est\u00e1 fazendo um esfor\u00e7o concreto para reduzir o consumo de energia. Isso \u00e9 louv\u00e1vel. Espero que sirva de exemplo para outras empresas brasileiras\u201d, finaliza Miranda.<\/p>\n<p style=\"text-align: left;\">Para mais informa\u00e7\u00f5es, acesse:\u00a0<a href=\"https:\/\/ambipar.com\/\" target=\"_blank\" rel=\"noopener noreferrer\">https:\/\/ambipar.com<\/a><\/p>\n<p>&nbsp;<\/p>\n<\/div>\n","protected":false},"excerpt":{"rendered":"<p>Inicialmente, mais de 20 empreendimentos da multinacional brasileira v\u00e3o compor o projeto Setembro de 2025 &#8211; A Ambipar, l\u00edder global em solu\u00e7\u00f5es ambientais, continua a liderar o caminho rumo a um mundo mais sustent\u00e1vel e firmou uma parceria estrat\u00e9gica com a energytech TYR Energia, com o objetivo de ampliar sua efici\u00eancia energ\u00e9tica, reduzir custos operacionais [&hellip;]<\/p>\n","protected":false},"author":1,"featured_media":26120,"comment_status":"open","ping_status":"open","sticky":false,"template":"","format":"standard","meta":{"_uag_custom_page_level_css":"","footnotes":""},"categories":[29],"tags":[27817,7581,27816],"class_list":["post-26119","post","type-post","status-publish","format-standard","has-post-thumbnail","hentry","category-energia","tag-ambipar","tag-mercado-livre-de-energia","tag-tyr-energia"],"blocksy_meta":[],"spectra_blocks_featured_image_url":{"thumbnail":{"url":"https:\/\/construcaocivil.siriusmarketingedesign.com.br\/wp-content\/uploads\/2025\/09\/Banco-de-Imagens-10--150x150.jpg","width":150,"height":150},"medium":{"url":"https:\/\/construcaocivil.siriusmarketingedesign.com.br\/wp-content\/uploads\/2025\/09\/Banco-de-Imagens-10--300x169.jpg","width":300,"height":169},"medium_large":{"url":"https:\/\/construcaocivil.siriusmarketingedesign.com.br\/wp-content\/uploads\/2025\/09\/Banco-de-Imagens-10-.jpg","width":768,"height":432},"large":{"url":"https:\/\/construcaocivil.siriusmarketingedesign.com.br\/wp-content\/uploads\/2025\/09\/Banco-de-Imagens-10-.jpg","width":768,"height":432},"full":{"url":"https:\/\/construcaocivil.siriusmarketingedesign.com.br\/wp-content\/uploads\/2025\/09\/Banco-de-Imagens-10-.jpg","width":768,"height":432}},"spectra_blocks_author_info":{"display_name":"Jornal da Constru\u00e7\u00e3o Civil","avatar_url":"https:\/\/secure.gravatar.com\/avatar\/973c9774fd44ddaceb026973c4962faa70fc512bc4c9da68e8ebb40fecee6540?s=96&d=mm&r=g","author_link":"https:\/\/construcaocivil.siriusmarketingedesign.com.br\/?author=1","description":"Desde de 2013, levando muitas informa\u00e7\u00f5es, lan\u00e7amentos e produtos de qualidade para toda cadeia produtiva da constru\u00e7\u00e3o. O Futuro da constru\u00e7\u00e3o passa por aqui,"},"uagb_featured_image_src":{"full":["https:\/\/construcaocivil.siriusmarketingedesign.com.br\/wp-content\/uploads\/2025\/09\/Banco-de-Imagens-10-.jpg",768,432,false],"thumbnail":["https:\/\/construcaocivil.siriusmarketingedesign.com.br\/wp-content\/uploads\/2025\/09\/Banco-de-Imagens-10--150x150.jpg",150,150,true],"medium":["https:\/\/construcaocivil.siriusmarketingedesign.com.br\/wp-content\/uploads\/2025\/09\/Banco-de-Imagens-10--300x169.jpg",300,169,true],"medium_large":["https:\/\/construcaocivil.siriusmarketingedesign.com.br\/wp-content\/uploads\/2025\/09\/Banco-de-Imagens-10-.jpg",768,432,false],"large":["https:\/\/construcaocivil.siriusmarketingedesign.com.br\/wp-content\/uploads\/2025\/09\/Banco-de-Imagens-10-.jpg",768,432,false],"1536x1536":["https:\/\/construcaocivil.siriusmarketingedesign.com.br\/wp-content\/uploads\/2025\/09\/Banco-de-Imagens-10-.jpg",768,432,false],"2048x2048":["https:\/\/construcaocivil.siriusmarketingedesign.com.br\/wp-content\/uploads\/2025\/09\/Banco-de-Imagens-10-.jpg",768,432,false]},"uagb_author_info":{"display_name":"Jornal da Constru\u00e7\u00e3o Civil","author_link":"https:\/\/construcaocivil.siriusmarketingedesign.com.br\/?author=1"},"uagb_comment_info":0,"uagb_excerpt":"Inicialmente, mais de 20 empreendimentos da multinacional brasileira v\u00e3o compor o projeto Setembro de 2025 &#8211; A Ambipar, l\u00edder global em solu\u00e7\u00f5es ambientais, continua a liderar o caminho rumo a um mundo mais sustent\u00e1vel e firmou uma parceria estrat\u00e9gica com a energytech TYR Energia, com o objetivo de ampliar sua efici\u00eancia energ\u00e9tica, reduzir custos operacionais&hellip;","_links":{"self":[{"href":"https:\/\/construcaocivil.siriusmarketingedesign.com.br\/index.php?rest_route=\/wp\/v2\/posts\/26119","targetHints":{"allow":["GET"]}}],"collection":[{"href":"https:\/\/construcaocivil.siriusmarketingedesign.com.br\/index.php?rest_route=\/wp\/v2\/posts"}],"about":[{"href":"https:\/\/construcaocivil.siriusmarketingedesign.com.br\/index.php?rest_route=\/wp\/v2\/types\/post"}],"author":[{"embeddable":true,"href":"https:\/\/construcaocivil.siriusmarketingedesign.com.br\/index.php?rest_route=\/wp\/v2\/users\/1"}],"replies":[{"embeddable":true,"href":"https:\/\/construcaocivil.siriusmarketingedesign.com.br\/index.php?rest_route=%2Fwp%2Fv2%2Fcomments&post=26119"}],"version-history":[{"count":0,"href":"https:\/\/construcaocivil.siriusmarketingedesign.com.br\/index.php?rest_route=\/wp\/v2\/posts\/26119\/revisions"}],"wp:featuredmedia":[{"embeddable":true,"href":"https:\/\/construcaocivil.siriusmarketingedesign.com.br\/index.php?rest_route=\/wp\/v2\/media\/26120"}],"wp:attachment":[{"href":"https:\/\/construcaocivil.siriusmarketingedesign.com.br\/index.php?rest_route=%2Fwp%2Fv2%2Fmedia&parent=26119"}],"wp:term":[{"taxonomy":"category","embeddable":true,"href":"https:\/\/construcaocivil.siriusmarketingedesign.com.br\/index.php?rest_route=%2Fwp%2Fv2%2Fcategories&post=26119"},{"taxonomy":"post_tag","embeddable":true,"href":"https:\/\/construcaocivil.siriusmarketingedesign.com.br\/index.php?rest_route=%2Fwp%2Fv2%2Ftags&post=26119"}],"curies":[{"name":"wp","href":"https:\/\/api.w.org\/{rel}","templated":true}]}}