{"id":26122,"date":"2025-09-22T00:47:41","date_gmt":"2025-09-22T03:47:41","guid":{"rendered":"https:\/\/www.jornaldaconstrucaocivil.com.br\/?p=26122"},"modified":"2025-11-06T13:14:07","modified_gmt":"2025-11-06T16:14:07","slug":"exposicao-em-vitoria-es-celebra-a-heranca-africana-na-linguagem-do-brasileiro","status":"publish","type":"post","link":"https:\/\/construcaocivil.siriusmarketingedesign.com.br\/?p=26122","title":{"rendered":"Exposi\u00e7\u00e3o em Vit\u00f3ria (ES) celebra a heran\u00e7a africana na linguagem do brasileiro"},"content":{"rendered":"<p style=\"text-align: justify;\"><i>Mostra &#8220;L\u00ednguas africanas que fazem o Brasil&#8221; \u00e9 a primeira itiner\u00e2ncia do Museu da L\u00edngua Portuguesa de S\u00e3o Paulo e fica em cartaz no Espa\u00e7o Cultural Pal\u00e1cio Anchieta de 10 setembro a 14 de dezembro de 2025, com curadoria do m\u00fasico e fil\u00f3sofo Tigan\u00e1 Santana e enriquecida com artistas locais<\/i><\/p>\n<p style=\"text-align: justify;\">Setembro, 2025 &#8211; A heran\u00e7a africana na linguagem do brasileiro se revela nas palavras que usamos sem perceber, nos sons que atravessam as can\u00e7\u00f5es, nos gestos que estruturam nossa vida cotidiana. \u00c9 exatamente essa presen\u00e7a que a exposi\u00e7\u00e3o <strong>\u201cL\u00ednguas africanas que fazem o Brasil\u201d<\/strong>, com curadoria do m\u00fasico e fil\u00f3sofo\u00a0<strong>Tigan\u00e1 Santana<\/strong>, coloca em evid\u00eancia, dessa vez, na\u00a0<strong>Espa\u00e7o Cultural Pal\u00e1cio Anchieta, em Vit\u00f3ria (ES)<\/strong>, depois do sucesso premiado e com mais de 330 mil visitantes em S\u00e3o Paulo. Mostra permanece aberta \u00e0 visita\u00e7\u00e3o na capital capixaba de 10 setembro a 14 de dezembro de 2025.<\/p>\n<figure id=\"attachment_26124\" aria-describedby=\"caption-attachment-26124\" style=\"width: 231px\" class=\"wp-caption alignleft\"><img loading=\"lazy\" decoding=\"async\" class=\"size-medium wp-image-26124\" src=\"https:\/\/www.jornaldaconstrucaocivil.com.br\/wp-content\/uploads\/2025\/09\/Obra-Castiel-Vitorino-Credito-Feliipe-Amarelo-231x300.jpg\" alt=\"\" width=\"231\" height=\"300\" srcset=\"https:\/\/construcaocivil.siriusmarketingedesign.com.br\/wp-content\/uploads\/2025\/09\/Obra-Castiel-Vitorino-Credito-Feliipe-Amarelo-231x300.jpg 231w, https:\/\/construcaocivil.siriusmarketingedesign.com.br\/wp-content\/uploads\/2025\/09\/Obra-Castiel-Vitorino-Credito-Feliipe-Amarelo-788x1024.jpg 788w, https:\/\/construcaocivil.siriusmarketingedesign.com.br\/wp-content\/uploads\/2025\/09\/Obra-Castiel-Vitorino-Credito-Feliipe-Amarelo-768x998.jpg 768w, https:\/\/construcaocivil.siriusmarketingedesign.com.br\/wp-content\/uploads\/2025\/09\/Obra-Castiel-Vitorino-Credito-Feliipe-Amarelo-1182x1536.jpg 1182w, https:\/\/construcaocivil.siriusmarketingedesign.com.br\/wp-content\/uploads\/2025\/09\/Obra-Castiel-Vitorino-Credito-Feliipe-Amarelo-1575x2048.jpg 1575w, https:\/\/construcaocivil.siriusmarketingedesign.com.br\/wp-content\/uploads\/2025\/09\/Obra-Castiel-Vitorino-Credito-Feliipe-Amarelo-200x260.jpg 200w, https:\/\/construcaocivil.siriusmarketingedesign.com.br\/wp-content\/uploads\/2025\/09\/Obra-Castiel-Vitorino-Credito-Feliipe-Amarelo-scaled.jpg 1969w\" sizes=\"auto, (max-width: 231px) 100vw, 231px\" \/><figcaption id=\"caption-attachment-26124\" class=\"wp-caption-text\">Obra da artista capixaba Castiel Vitorino Brasileiro<br \/>Foto: Felipe Amarelo<\/figcaption><\/figure>\n<p style=\"text-align: justify;\">Mais do que uma mostra, trata-se de uma viagem est\u00e9tica e po\u00e9tica pela influ\u00eancia das l\u00ednguas africanas no portugu\u00eas falado no Brasil. Iorub\u00e1, eve-fom e bantu se materializam em palavras, sons, s\u00edmbolos e obras de arte, criando um espa\u00e7o onde mem\u00f3ria e cria\u00e7\u00e3o se encontram.<\/p>\n<p style=\"text-align: justify;\">Os visitantes j\u00e1 s\u00e3o recebidos por palavras de origem africana, como \u201cbunda\u201d, \u201cdend\u00ea\u201d, \u201cmarimbondo\u201d e \u201cca\u00e7ula\u201d. Elas surgem impressas em grandes estruturas de madeira ganhando status e a possibilidade de reflex\u00e3o e contempla\u00e7\u00e3o da linguagem como uma verdadeira obra de arte.<\/p>\n<p style=\"text-align: justify;\"><strong>Itiner\u00e2ncia e enriquecimento com artistas locais<\/strong><\/p>\n<p style=\"text-align: justify;\">\u201cL\u00ednguas africanas que fazem o Brasil\u201d \u00e9 a primeira exposi\u00e7\u00e3o realizada pelo Museu da L\u00edngua Portuguesa, institui\u00e7\u00e3o da Secretaria da Cultura, Economia e Ind\u00fastria Criativas do Estado de S\u00e3o Paulo, a seguir para outro estado e ainda ser enriquecida com artistas locais. A itiner\u00e2ncia no Esp\u00edrito Santo amplia o alcance da mostra e incorpora a produ\u00e7\u00e3o dos artistas capixabas Castiel Vitorino Brasileiro, Natan Dias e Ja\u00edne Muniz, refor\u00e7ando o di\u00e1logo entre heran\u00e7a africana e contemporaneidade.<\/p>\n<p style=\"text-align: justify;\">Entre os destaques que j\u00e1 faziam parte da mostra composta por instala\u00e7\u00f5es interativas, esculturas, filmes e registros hist\u00f3ricos, est\u00e3o a monumental obra de J. Cunha, tecido que vestiu o bloco afro Il\u00ea Aiy\u00ea no carnaval de 1996; as instala\u00e7\u00f5es audiovisuais de Aline Motta, que exploram grafias centro-africanas; e as esculturas met\u00e1licas de Rebeca Carapi\u00e1, inspiradas em frequ\u00eancias afrocentradas. Complementam a experi\u00eancia obras de Goya Lopes, proje\u00e7\u00f5es sobre o conceito de \u201cpretugu\u00eas\u201d de L\u00e9lia Gonzalez, al\u00e9m de b\u00fazios, turbantes, tambores e adinkras (s\u00edmbolos visuais do povo Ashanti que tamb\u00e9m atravessaram o Atl\u00e2ntico).<\/p>\n<p style=\"text-align: justify;\">\u201cA arte \u00e9 um idioma que conecta o que foi silenciado ao que insiste em sobreviver. Essa exposi\u00e7\u00e3o \u00e9, ao mesmo tempo, celebra\u00e7\u00e3o e tradu\u00e7\u00e3o de um Brasil profundamente negro, de um povo que t\u00eam participa\u00e7\u00e3o decisiva na configura\u00e7\u00e3o do portugu\u00eas que falamos, seja\u00a0no vocabul\u00e1rio ou na maneira de pronunciar as palavras e de entoar as frases. Um legado de cerca de 4,8 milh\u00f5es de pessoas africanas trazidas de forma violenta ao pa\u00eds entre os s\u00e9culos 16 e 19, durante o per\u00edodo do regime escravocrata. Presen\u00e7a que pode ser sentida em outras manifesta\u00e7\u00f5es culturais, como a m\u00fasica, a arquitetura, as festas populares e rituais religiosos\u201d, afirma Tigan\u00e1 Santana.<\/p>\n<p style=\"text-align: justify;\">Em sua temporada paulista, a exposi\u00e7\u00e3o foi reconhecida pela cr\u00edtica com o Pr\u00eamio IABsp de Expografia, concedido pelo Instituto de Arquitetos do Brasil em S\u00e3o Paulo. A nova temporada, \u00e9 uma iniciativa do Instituto Cultural Vale e do Museu Vale, com concep\u00e7\u00e3o do Museu da L\u00edngua Portuguesa, institui\u00e7\u00e3o da Secretaria da Cultura, Economia e Ind\u00fastria Criativas do Governo do Estado de S\u00e3o Paulo, apoio do Governo do Estado do Esp\u00edrito Santo, por meio da Secretaria de Cultura, com patroc\u00ednio da Vale, e realiza\u00e7\u00e3o do Minist\u00e9rio da Cultura, via Lei de Incentivo \u00e0 Cultura.<\/p>\n<p style=\"text-align: justify;\"><strong>Servi\u00e7o<\/strong><\/p>\n<p style=\"text-align: justify;\"><strong>L\u00ednguas africanas que fazem o Brasil<\/strong><\/p>\n<p style=\"text-align: justify;\">Abertura: 9 de setembro de 2025, \u00e0s 19h<\/p>\n<p style=\"text-align: justify;\">Visita\u00e7\u00e3o: 10 de setembro a 14 de dezembro de 2025<\/p>\n<p style=\"text-align: justify;\">Hor\u00e1rios: Ter\u00e7a a sexta, das 8h \u00e0s 18h; S\u00e1bados, domingos e feriados, das 9h \u00e0s 16h<\/p>\n<p style=\"text-align: justify;\">Local: Pal\u00e1cio Anchieta &#8211; Pra\u00e7a Jo\u00e3o Cl\u00edmaco, s\/n Centro, Vit\u00f3ria &#8211; ES<\/p>\n<p style=\"text-align: justify;\">Curadoria: Tigan\u00e1 Santana<\/p>\n<p style=\"text-align: justify;\">Artistas Capixabas convidados: Castiel Vitorino Brasileiro, Natan Dias e Ja\u00edne Muniz<\/p>\n<p style=\"text-align: justify;\">Classifica\u00e7\u00e3o: Livre<\/p>\n<p style=\"text-align: justify;\">Mais informa\u00e7\u00f5es:\u00a0<a href=\"mailto:educativo.mv@institutoculturalvale.or\" rel=\"noreferrer\">educativo.mv@institutoculturalvale.org<\/a>\u00a0ou museuvale.org<\/p>\n<p style=\"text-align: justify;\">Iniciativa: Museu Vale + Instituto Cultural Vale via Lei de Incentivo \u00e0 Cultura<\/p>\n<div style=\"text-align: justify;\"><\/div>\n","protected":false},"excerpt":{"rendered":"<p>Mostra &#8220;L\u00ednguas africanas que fazem o Brasil&#8221; \u00e9 a primeira itiner\u00e2ncia do Museu da L\u00edngua Portuguesa de S\u00e3o Paulo e fica em cartaz no Espa\u00e7o Cultural Pal\u00e1cio Anchieta de 10 setembro a 14 de dezembro de 2025, com curadoria do m\u00fasico e fil\u00f3sofo Tigan\u00e1 Santana e enriquecida com artistas locais Setembro, 2025 &#8211; A heran\u00e7a [&hellip;]<\/p>\n","protected":false},"author":1,"featured_media":26123,"comment_status":"open","ping_status":"open","sticky":false,"template":"","format":"standard","meta":{"_uag_custom_page_level_css":"","footnotes":""},"categories":[27],"tags":[27818,27819,27820,12441],"class_list":["post-26122","post","type-post","status-publish","format-standard","has-post-thumbnail","hentry","category-acontece","tag-espaco-cultural-palacio-anchieta","tag-heranca-africana-na-linguagem-brasileira","tag-literatura-afro-brasileira","tag-vitoria-es"],"blocksy_meta":[],"spectra_blocks_featured_image_url":{"thumbnail":{"url":"https:\/\/construcaocivil.siriusmarketingedesign.com.br\/wp-content\/uploads\/2025\/09\/ARTE-1-150x150.jpg","width":150,"height":150},"medium":{"url":"https:\/\/construcaocivil.siriusmarketingedesign.com.br\/wp-content\/uploads\/2025\/09\/ARTE-1-300x208.jpg","width":300,"height":208},"medium_large":{"url":"https:\/\/construcaocivil.siriusmarketingedesign.com.br\/wp-content\/uploads\/2025\/09\/ARTE-1-768x533.jpg","width":768,"height":533},"large":{"url":"https:\/\/construcaocivil.siriusmarketingedesign.com.br\/wp-content\/uploads\/2025\/09\/ARTE-1-1024x711.jpg","width":1024,"height":711},"full":{"url":"https:\/\/construcaocivil.siriusmarketingedesign.com.br\/wp-content\/uploads\/2025\/09\/ARTE-1-scaled.jpg","width":2560,"height":1778}},"spectra_blocks_author_info":{"display_name":"Jornal da Constru\u00e7\u00e3o Civil","avatar_url":"https:\/\/secure.gravatar.com\/avatar\/973c9774fd44ddaceb026973c4962faa70fc512bc4c9da68e8ebb40fecee6540?s=96&d=mm&r=g","author_link":"https:\/\/construcaocivil.siriusmarketingedesign.com.br\/?author=1","description":"Desde de 2013, levando muitas informa\u00e7\u00f5es, lan\u00e7amentos e produtos de qualidade para toda cadeia produtiva da constru\u00e7\u00e3o. O Futuro da constru\u00e7\u00e3o passa por aqui,"},"uagb_featured_image_src":{"full":["https:\/\/construcaocivil.siriusmarketingedesign.com.br\/wp-content\/uploads\/2025\/09\/ARTE-1-scaled.jpg",2560,1778,false],"thumbnail":["https:\/\/construcaocivil.siriusmarketingedesign.com.br\/wp-content\/uploads\/2025\/09\/ARTE-1-150x150.jpg",150,150,true],"medium":["https:\/\/construcaocivil.siriusmarketingedesign.com.br\/wp-content\/uploads\/2025\/09\/ARTE-1-300x208.jpg",300,208,true],"medium_large":["https:\/\/construcaocivil.siriusmarketingedesign.com.br\/wp-content\/uploads\/2025\/09\/ARTE-1-768x533.jpg",768,533,true],"large":["https:\/\/construcaocivil.siriusmarketingedesign.com.br\/wp-content\/uploads\/2025\/09\/ARTE-1-1024x711.jpg",1024,711,true],"1536x1536":["https:\/\/construcaocivil.siriusmarketingedesign.com.br\/wp-content\/uploads\/2025\/09\/ARTE-1-1536x1067.jpg",1536,1067,true],"2048x2048":["https:\/\/construcaocivil.siriusmarketingedesign.com.br\/wp-content\/uploads\/2025\/09\/ARTE-1-2048x1422.jpg",2048,1422,true]},"uagb_author_info":{"display_name":"Jornal da Constru\u00e7\u00e3o Civil","author_link":"https:\/\/construcaocivil.siriusmarketingedesign.com.br\/?author=1"},"uagb_comment_info":0,"uagb_excerpt":"Mostra &#8220;L\u00ednguas africanas que fazem o Brasil&#8221; \u00e9 a primeira itiner\u00e2ncia do Museu da L\u00edngua Portuguesa de S\u00e3o Paulo e fica em cartaz no Espa\u00e7o Cultural Pal\u00e1cio Anchieta de 10 setembro a 14 de dezembro de 2025, com curadoria do m\u00fasico e fil\u00f3sofo Tigan\u00e1 Santana e enriquecida com artistas locais Setembro, 2025 &#8211; A heran\u00e7a&hellip;","_links":{"self":[{"href":"https:\/\/construcaocivil.siriusmarketingedesign.com.br\/index.php?rest_route=\/wp\/v2\/posts\/26122","targetHints":{"allow":["GET"]}}],"collection":[{"href":"https:\/\/construcaocivil.siriusmarketingedesign.com.br\/index.php?rest_route=\/wp\/v2\/posts"}],"about":[{"href":"https:\/\/construcaocivil.siriusmarketingedesign.com.br\/index.php?rest_route=\/wp\/v2\/types\/post"}],"author":[{"embeddable":true,"href":"https:\/\/construcaocivil.siriusmarketingedesign.com.br\/index.php?rest_route=\/wp\/v2\/users\/1"}],"replies":[{"embeddable":true,"href":"https:\/\/construcaocivil.siriusmarketingedesign.com.br\/index.php?rest_route=%2Fwp%2Fv2%2Fcomments&post=26122"}],"version-history":[{"count":0,"href":"https:\/\/construcaocivil.siriusmarketingedesign.com.br\/index.php?rest_route=\/wp\/v2\/posts\/26122\/revisions"}],"wp:featuredmedia":[{"embeddable":true,"href":"https:\/\/construcaocivil.siriusmarketingedesign.com.br\/index.php?rest_route=\/wp\/v2\/media\/26123"}],"wp:attachment":[{"href":"https:\/\/construcaocivil.siriusmarketingedesign.com.br\/index.php?rest_route=%2Fwp%2Fv2%2Fmedia&parent=26122"}],"wp:term":[{"taxonomy":"category","embeddable":true,"href":"https:\/\/construcaocivil.siriusmarketingedesign.com.br\/index.php?rest_route=%2Fwp%2Fv2%2Fcategories&post=26122"},{"taxonomy":"post_tag","embeddable":true,"href":"https:\/\/construcaocivil.siriusmarketingedesign.com.br\/index.php?rest_route=%2Fwp%2Fv2%2Ftags&post=26122"}],"curies":[{"name":"wp","href":"https:\/\/api.w.org\/{rel}","templated":true}]}}