{"id":26134,"date":"2025-09-29T00:16:15","date_gmt":"2025-09-29T03:16:15","guid":{"rendered":"https:\/\/www.jornaldaconstrucaocivil.com.br\/?p=26134"},"modified":"2025-09-29T00:16:15","modified_gmt":"2025-09-29T03:16:15","slug":"rio-construcao-summit-chega-ao-fim-com-debates-sobre-data-centers-grandes-obras-e-novo-pac","status":"publish","type":"post","link":"https:\/\/construcaocivil.siriusmarketingedesign.com.br\/?p=26134","title":{"rendered":"Rio Constru\u00e7\u00e3o Summit chega ao fim com debates sobre data centers, grandes obras e Novo PAC"},"content":{"rendered":"<p style=\"text-align: justify;\"><em><strong>Terceiro dia do evento teve tamb\u00e9m a entrega do Pr\u00eamio Firjan de Sustentabilidade 2025 e marcou o encerramento da 2\u00aa edi\u00e7\u00e3o do maior encontro da constru\u00e7\u00e3o na Am\u00e9rica Latina<\/strong><\/em><\/p>\n<p style=\"text-align: justify;\">Setembro, 2025 &#8211; Depois de tr\u00eas dias de atividades, chegou ao fim na \u00faltima sexta-feira (26), no P\u00eder Mau\u00e1, a 2\u00aa edi\u00e7\u00e3o do Rio Constru\u00e7\u00e3o Summit 2025, o maior encontro da constru\u00e7\u00e3o na Am\u00e9rica Latina, que reuniu ao todo cerca de 10 mil participantes. Promovido pelo Sinduscon-Rio, o evento reuniu 270 especialistas em 72 atividades, somando 100 horas de debates gratuitos sobre inova\u00e7\u00e3o, desafios e o futuro da ind\u00fastria da constru\u00e7\u00e3o \u2014 que deve receber R$ 189,1 bilh\u00f5es em investimentos at\u00e9 2026. Produtividade, d\u00e9ficit habitacional, financiamento, licenciamento, qualifica\u00e7\u00e3o de m\u00e3o de obra e solu\u00e7\u00f5es ESG estiveram entre os principais temas em destaque.\n<\/p>\n<p style=\"text-align: justify;\">O \u00faltimo dia trouxe debates sobre os impactos da transforma\u00e7\u00e3o digital com a expans\u00e3o dos data centers, os avan\u00e7os e desafios das grandes obras de infraestrutura, as perspectivas do Novo Programa de Acelera\u00e7\u00e3o do Crescimento (PAC), a moderniza\u00e7\u00e3o do setor de minera\u00e7\u00e3o e o papel do saneamento como vetor de desenvolvimento urbano e imobili\u00e1rio.\n<\/p>\n<p style=\"text-align: justify;\"><strong>Pr\u00eamio Firjan de Sustentabilidade<\/strong><\/p>\n<p style=\"text-align: justify;\">O encerramento da programa\u00e7\u00e3o foi marcado pela entrega do Pr\u00eamio Firjan de Sustentabilidade 2025, realizada no Audit\u00f3rio Invest.Rio. Dez empresas fluminenses foram reconhecidas em sete categorias por conciliar atividades produtivas com prote\u00e7\u00e3o ambiental, equil\u00edbrio econ\u00f4mico e responsabilidade social: Merck (\u00c1gua e Efluentes), Vast Infraestrutura (Biodiversidade e Servi\u00e7os Ecossist\u00eamicos), Porto Sudeste (Engajamento e Agenda 2030 dos ODS), Reserva (Gest\u00e3o de Impacto e Investimento Social), SBM Offshore (Governan\u00e7a Corporativa), G\u00e1s Verde \u2013 Biometano (Mudan\u00e7as Clim\u00e1ticas e Transi\u00e7\u00e3o Energ\u00e9tica) e Casa da Moeda do Brasil (Res\u00edduos S\u00f3lidos). Receberam men\u00e7\u00f5es honrosas B. Braun, Petrobras e Iconic.\n<\/p>\n<p style=\"text-align: justify;\">O fundador e CEO da Carbon Zero, Carlos Alberto Tavares Ferreira, fez a palestra magna da cerim\u00f4nia de entrega. &#8220;Esse pr\u00eamio mostra que sustentabilidade, inova\u00e7\u00e3o e competitividade podem caminhar juntas, inspirando empresas de todos os setores a se comprometerem com o futuro&#8221;, afirmou. Os projetos reconhecidos envolvem desde reuso de \u00e1gua e prote\u00e7\u00e3o de esp\u00e9cies amea\u00e7adas at\u00e9 programas de compliance, iniciativas de transi\u00e7\u00e3o energ\u00e9tica e combate ao desperd\u00edcio de alimentos, todos alinhados \u00e0 Agenda 2030 da ONU.\n<\/p>\n<p style=\"text-align: justify;\"><strong>Data centers: nova fronteira de oportunidades<\/strong><\/p>\n<p style=\"text-align: justify;\">Na mesa-redonda &#8220;Data Centers no Brasil: vantagens competitivas, incentivos e oportunidades para a constru\u00e7\u00e3o&#8221;, o secret\u00e1rio municipal de Desenvolvimento Econ\u00f4mico, Osmar Lima, destacou que o Rio de Janeiro re\u00fane caracter\u00edsticas \u00fanicas para competir globalmente na atra\u00e7\u00e3o de grandes empreendimentos tecnol\u00f3gicos. &#8220;Est\u00e1vamos em busca de algo que colocasse o Rio disputando a primeira posi\u00e7\u00e3o com as maiores cidades do mundo. O projeto apresentado pela Elea Data Centers materializou nossas caracter\u00edsticas e diferenciais e, a partir da\u00ed, vimos um interesse gigante das grandes empresas de tecnologia&#8221;, afirmou.\n<\/p>\n<p style=\"text-align: justify;\">O chairman da Elea Data Centers, Alessandro Lombardi, ressaltou que a intelig\u00eancia artificial e a computa\u00e7\u00e3o em nuvem impulsionam uma onda global de investimentos trilion\u00e1rios em infraestrutura digital. &#8220;Somente 5% dos data centers planejados para atender \u00e0 IA foram constru\u00eddos at\u00e9 agora. O Rio pode ser um motor global dessa mudan\u00e7a, uma das poucas cidades de grande porte preparadas para hospedar esse tipo de infraestrutura&#8221;, disse.<\/p>\n<p style=\"text-align: justify;\">A superintendente de Experi\u00eancia da Light, La\u00eds Tovar, refor\u00e7ou que o setor el\u00e9trico ser\u00e1 determinante para viabilizar os projetos. &#8220;Hoje a Light tem mais de 6 mil quil\u00f4metros de rede subterr\u00e2nea, a maior da Am\u00e9rica Latina. Temos carga dispon\u00edvel e redund\u00e2ncia no sistema, mas projetos dessa escala exigem pensar a distribui\u00e7\u00e3o de energia desde a concep\u00e7\u00e3o&#8221;.\n<\/p>\n<p style=\"text-align: justify;\"><strong>Grandes obras e regula\u00e7\u00e3o<\/strong><\/p>\n<p style=\"text-align: justify;\">A mesa &#8220;Grandes Obras de Infraestrutura: Inova\u00e7\u00e3o, Aspectos Regulat\u00f3rios, Financiamento e Parcerias Nacionais e Internacionais&#8221; destacou os avan\u00e7os do setor. O diretor-presidente da Infra S.A, Jorge Bastos, ressaltou que o modelo de concess\u00f5es brasileiro completa 30 anos consolidado como refer\u00eancia mundial, mais transparente e equilibrado, e vive um momento de atratividade internacional, com recordes em leil\u00f5es. Ele citou como exemplo o projeto do trem Rio\u2013S\u00e3o Paulo.\n<\/p>\n<p style=\"text-align: justify;\">O presidente da Associa\u00e7\u00e3o Brasileira de Normas T\u00e9cnicas (ABNT), Mario William Esper, refor\u00e7ou a import\u00e2ncia da padroniza\u00e7\u00e3o regulat\u00f3ria para atrair investimentos e anunciou duas iniciativas: a cria\u00e7\u00e3o de uma norma nacional \u00fanica para c\u00e1lculo de emiss\u00f5es de carbono e o lan\u00e7amento, na COP-30, de um projeto de certifica\u00e7\u00e3o em ESG para micro e pequenas empresas, com meta de alcan\u00e7ar mais de 10 mil companhias em dois anos.\n<\/p>\n<p style=\"text-align: justify;\"><strong>Novo PAC: integra\u00e7\u00e3o p\u00fablico-privada<\/strong><\/p>\n<p style=\"text-align: justify;\">Na mesa &#8220;Novo PAC: Planejamento, Implementa\u00e7\u00e3o, Status e Perspectivas&#8221;, o secret\u00e1rio especial do programa na Casa Civil, Maur\u00edcio Muniz, afirmou que o PAC &#8220;\u00e9 um programa que combina o planejamento privado e p\u00fablico do pa\u00eds nos diversos setores de infraestrutura, sendo mais amplo que a infraestrutura econ\u00f4mica, pois inclui tamb\u00e9m aspectos sociais como educa\u00e7\u00e3o e sa\u00fade&#8221;.\n<\/p>\n<p style=\"text-align: justify;\">O diretor de Planejamento e Rela\u00e7\u00f5es Institucionais do BNDES, Nelson Barbosa, destacou que os investimentos seguem um movimento de &#8220;ondas setoriais&#8221;. Ele citou a atual fase de expans\u00e3o da transmiss\u00e3o de energia e da infraestrutura de armazenamento com baterias, al\u00e9m dos avan\u00e7os em saneamento no Norte e Nordeste. Barbosa tamb\u00e9m ressaltou o papel do Fundo Clima, que contar\u00e1 com R$ 25 bilh\u00f5es em 2026 para projetos de adapta\u00e7\u00e3o e cidades mais resilientes.<\/p>\n<p style=\"text-align: justify;\">A mesa contou ainda com a participa\u00e7\u00e3o de Roberto Figueiredo Guimar\u00e3es, diretor de Economia e Planejamento da ABDIB, sob a modera\u00e7\u00e3o de Claudio Medeiros, presidente do Sindicato Nacional da Ind\u00fastria da Constru\u00e7\u00e3o Pesada-Infraestrutura (Sinicon).\n<\/p>\n<p style=\"text-align: justify;\"><strong>Moderniza\u00e7\u00e3o do setor de minera\u00e7\u00e3o<\/strong><\/p>\n<p style=\"text-align: justify;\">O debate sobre o novo C\u00f3digo de Minera\u00e7\u00e3o reuniu o 2\u00ba vice-presidente da Firjan e presidente do F\u00f3rum Setorial de Minera\u00e7\u00e3o da federa\u00e7\u00e3o, Henrique Nora Junior; o diretor-geral da Ag\u00eancia Nacional de Minera\u00e7\u00e3o (ANM), Mauro Henrique Moreira Sousa; o deputado federal (SP) e vice-presidente da Frente Parlamentar da Minera\u00e7\u00e3o, Arnaldo Jardim; e o vice-presidente do Instituto Brasileiro de Minera\u00e7\u00e3o (Ibram), Fernando Azevedo e Silva. Nora destacou a especificidade da minera\u00e7\u00e3o no Rio de Janeiro, voltada \u00e0 constru\u00e7\u00e3o civil, e a necessidade de conciliar expans\u00e3o urbana e pedreiras. &#8220;Se n\u00e3o estruturarmos pol\u00edticas claras, a sociedade perde uma riqueza fundamental. Precisamos conciliar planejamento urbano e minera\u00e7\u00e3o&#8221;, afirmou.\n<\/p>\n<p style=\"text-align: justify;\">O vice-presidente do Ibram, Fernando Azevedo, ressaltou a import\u00e2ncia da previsibilidade regulat\u00f3ria e da ado\u00e7\u00e3o de padr\u00f5es ESG para garantir competitividade e atrair novas tecnologias. &#8220;A minera\u00e7\u00e3o \u00e9 uma atividade de longo prazo. N\u00e3o pode estar sujeita a mudan\u00e7as constantes&#8221;, disse. O deputado federal Arnaldo Jardim defendeu regras federais claras para evitar sobreposi\u00e7\u00e3o de legisla\u00e7\u00f5es e combater o garimpo ilegal. &#8220;A minera\u00e7\u00e3o de agregados responde pelo maior volume extra\u00eddo no pa\u00eds e \u00e9 o que constr\u00f3i nossas cidades&#8221;, afirmou. J\u00e1 o diretor-geral da ANM, Mauro Sousa, destacou os avan\u00e7os da ag\u00eancia na coopera\u00e7\u00e3o com estados e munic\u00edpios e lembrou que cerca de 65% da Compensa\u00e7\u00e3o Financeira pela Explora\u00e7\u00e3o de Recursos Minerais (CFEM) \u00e9 destinada a munic\u00edpios mineradores. &#8220;Esse recurso deve ser revertido em educa\u00e7\u00e3o, sa\u00fade e gera\u00e7\u00e3o de empregos locais&#8221;, frisou.<\/p>\n","protected":false},"excerpt":{"rendered":"<p>Terceiro dia do evento teve tamb\u00e9m a entrega do Pr\u00eamio Firjan de Sustentabilidade 2025 e marcou o encerramento da 2\u00aa edi\u00e7\u00e3o do maior encontro da constru\u00e7\u00e3o na Am\u00e9rica Latina Setembro, 2025 &#8211; Depois de tr\u00eas dias de atividades, chegou ao fim na \u00faltima sexta-feira (26), no P\u00eder Mau\u00e1, a 2\u00aa edi\u00e7\u00e3o do Rio Constru\u00e7\u00e3o Summit [&hellip;]<\/p>\n","protected":false},"author":1,"featured_media":26135,"comment_status":"open","ping_status":"open","sticky":false,"template":"","format":"standard","meta":{"_uag_custom_page_level_css":"","footnotes":""},"categories":[33],"tags":[24586,2826,9149,27821],"class_list":["post-26134","post","type-post","status-publish","format-standard","has-post-thumbnail","hentry","category-mercado","tag-cef","tag-construcao-civil","tag-porto-maravilha","tag-rio-construcao-summit-2025"],"blocksy_meta":[],"spectra_blocks_featured_image_url":{"thumbnail":{"url":"https:\/\/construcaocivil.siriusmarketingedesign.com.br\/wp-content\/uploads\/2025\/09\/handler-8-150x150.png","width":150,"height":150},"medium":{"url":"https:\/\/construcaocivil.siriusmarketingedesign.com.br\/wp-content\/uploads\/2025\/09\/handler-8-300x225.png","width":300,"height":225},"medium_large":{"url":"https:\/\/construcaocivil.siriusmarketingedesign.com.br\/wp-content\/uploads\/2025\/09\/handler-8-768x576.png","width":768,"height":576},"large":{"url":"https:\/\/construcaocivil.siriusmarketingedesign.com.br\/wp-content\/uploads\/2025\/09\/handler-8-1024x768.png","width":1024,"height":768},"full":{"url":"https:\/\/construcaocivil.siriusmarketingedesign.com.br\/wp-content\/uploads\/2025\/09\/handler-8.png","width":1600,"height":1200}},"spectra_blocks_author_info":{"display_name":"Jornal da Constru\u00e7\u00e3o Civil","avatar_url":"https:\/\/secure.gravatar.com\/avatar\/973c9774fd44ddaceb026973c4962faa70fc512bc4c9da68e8ebb40fecee6540?s=96&d=mm&r=g","author_link":"https:\/\/construcaocivil.siriusmarketingedesign.com.br\/?author=1","description":"Desde de 2013, levando muitas informa\u00e7\u00f5es, lan\u00e7amentos e produtos de qualidade para toda cadeia produtiva da constru\u00e7\u00e3o. O Futuro da constru\u00e7\u00e3o passa por aqui,"},"uagb_featured_image_src":{"full":["https:\/\/construcaocivil.siriusmarketingedesign.com.br\/wp-content\/uploads\/2025\/09\/handler-8.png",1600,1200,false],"thumbnail":["https:\/\/construcaocivil.siriusmarketingedesign.com.br\/wp-content\/uploads\/2025\/09\/handler-8-150x150.png",150,150,true],"medium":["https:\/\/construcaocivil.siriusmarketingedesign.com.br\/wp-content\/uploads\/2025\/09\/handler-8-300x225.png",300,225,true],"medium_large":["https:\/\/construcaocivil.siriusmarketingedesign.com.br\/wp-content\/uploads\/2025\/09\/handler-8-768x576.png",768,576,true],"large":["https:\/\/construcaocivil.siriusmarketingedesign.com.br\/wp-content\/uploads\/2025\/09\/handler-8-1024x768.png",1024,768,true],"1536x1536":["https:\/\/construcaocivil.siriusmarketingedesign.com.br\/wp-content\/uploads\/2025\/09\/handler-8-1536x1152.png",1536,1152,true],"2048x2048":["https:\/\/construcaocivil.siriusmarketingedesign.com.br\/wp-content\/uploads\/2025\/09\/handler-8.png",1600,1200,false]},"uagb_author_info":{"display_name":"Jornal da Constru\u00e7\u00e3o Civil","author_link":"https:\/\/construcaocivil.siriusmarketingedesign.com.br\/?author=1"},"uagb_comment_info":0,"uagb_excerpt":"Terceiro dia do evento teve tamb\u00e9m a entrega do Pr\u00eamio Firjan de Sustentabilidade 2025 e marcou o encerramento da 2\u00aa edi\u00e7\u00e3o do maior encontro da constru\u00e7\u00e3o na Am\u00e9rica Latina Setembro, 2025 &#8211; Depois de tr\u00eas dias de atividades, chegou ao fim na \u00faltima sexta-feira (26), no P\u00eder Mau\u00e1, a 2\u00aa edi\u00e7\u00e3o do Rio Constru\u00e7\u00e3o Summit&hellip;","_links":{"self":[{"href":"https:\/\/construcaocivil.siriusmarketingedesign.com.br\/index.php?rest_route=\/wp\/v2\/posts\/26134","targetHints":{"allow":["GET"]}}],"collection":[{"href":"https:\/\/construcaocivil.siriusmarketingedesign.com.br\/index.php?rest_route=\/wp\/v2\/posts"}],"about":[{"href":"https:\/\/construcaocivil.siriusmarketingedesign.com.br\/index.php?rest_route=\/wp\/v2\/types\/post"}],"author":[{"embeddable":true,"href":"https:\/\/construcaocivil.siriusmarketingedesign.com.br\/index.php?rest_route=\/wp\/v2\/users\/1"}],"replies":[{"embeddable":true,"href":"https:\/\/construcaocivil.siriusmarketingedesign.com.br\/index.php?rest_route=%2Fwp%2Fv2%2Fcomments&post=26134"}],"version-history":[{"count":0,"href":"https:\/\/construcaocivil.siriusmarketingedesign.com.br\/index.php?rest_route=\/wp\/v2\/posts\/26134\/revisions"}],"wp:featuredmedia":[{"embeddable":true,"href":"https:\/\/construcaocivil.siriusmarketingedesign.com.br\/index.php?rest_route=\/wp\/v2\/media\/26135"}],"wp:attachment":[{"href":"https:\/\/construcaocivil.siriusmarketingedesign.com.br\/index.php?rest_route=%2Fwp%2Fv2%2Fmedia&parent=26134"}],"wp:term":[{"taxonomy":"category","embeddable":true,"href":"https:\/\/construcaocivil.siriusmarketingedesign.com.br\/index.php?rest_route=%2Fwp%2Fv2%2Fcategories&post=26134"},{"taxonomy":"post_tag","embeddable":true,"href":"https:\/\/construcaocivil.siriusmarketingedesign.com.br\/index.php?rest_route=%2Fwp%2Fv2%2Ftags&post=26134"}],"curies":[{"name":"wp","href":"https:\/\/api.w.org\/{rel}","templated":true}]}}