{"id":26145,"date":"2025-09-30T15:50:42","date_gmt":"2025-09-30T18:50:42","guid":{"rendered":"https:\/\/www.jornaldaconstrucaocivil.com.br\/?p=26145"},"modified":"2025-09-30T15:50:42","modified_gmt":"2025-09-30T18:50:42","slug":"moradia-saudavel-padre-julio-lancellotti-e-ong-fundo-fica-falam-sobre-moradia-digna-na-bienal-de-arquitetura","status":"publish","type":"post","link":"https:\/\/construcaocivil.siriusmarketingedesign.com.br\/?p=26145","title":{"rendered":"Moradia saud\u00e1vel: Padre J\u00falio Lancellotti e ONG Fundo FICA falam sobre moradia digna na Bienal de Arquitetura"},"content":{"rendered":"<p id=\"v1release_linhafina\" style=\"text-align: justify;\">Sacerdote, que realiza com a entidade projeto para oferecer casas a moradores de rua, participa de confer\u00eancia nesta sexta ao lado de representantes dos minist\u00e9rios da Justi\u00e7a e dos Direitos Humanos<\/p>\n<div class=\"v1release_texto\"><center><\/p>\n<p style=\"text-align: justify;\">Setembro, 2025 &#8211; A confer\u00eancia \u201cPol\u00edtica de Moradia para a Popula\u00e7\u00e3o em Situa\u00e7\u00e3o de Rua: Urg\u00eancias e Desafios a Partir da Experi\u00eancia do Fundo FICA\u201d est\u00e1 marcada para sexta-feira, 3 de outubro, a partir das 10h, no F\u00f3rum de Debates da Bienal Internacional de Arquitetura de S\u00e3o Paulo\u201d. Na mesa, o Padre J\u00falio Lancellotti e Simone Gatti, diretora do Fundo FICA, v\u00e3o apresentar o programa Morar Primeiro, que a ONG realiza na par\u00f3quia de S\u00e3o Miguel Arcanjo, em S\u00e3o Paulo. O evento contar\u00e1 ainda com a participa\u00e7\u00e3o de representantes dos minist\u00e9rios da Justi\u00e7a e dos Direitos Humanos. A confer\u00eancia ser\u00e1 realizada no Pavilh\u00e3o da Oca, no Parque Ibirapuera, com entrada franca &#8211; mediante inscri\u00e7\u00f5es, que podem ser realizadas neste <a href=\"https:\/\/www.sympla.com.br\/evento\/politicas-de-moradia-para-a-populacao-em-situacao-de-rua-e-a-experiencia-do-fundo-fica\/3142576?referrer=bienaldearquitetura.org.br\" target=\"_blank\" rel=\"noopener noreferrer\">link<\/a>.<\/p>\n<p style=\"text-align: justify;\">O debate integra a participa\u00e7\u00e3o da Fundo FICA na Bienal, em que os visitantes podem ainda conhecer uma r\u00e9plica das moradias do programa habitacional e a hist\u00f3ria da institui\u00e7\u00e3o. O espa\u00e7o do FICA integra o eixo \u201cJusti\u00e7a Clim\u00e1tica e Habita\u00e7\u00e3o Social\u201d do evento.<\/p>\n<p style=\"text-align: justify;\"><strong>Sobre o Fundo FICA<\/strong><\/p>\n<p style=\"text-align: justify;\">O FICA \u00e9 uma organiza\u00e7\u00e3o sem fins lucrativos que atua pelo direito \u00e0 moradia, incidindo sobre pol\u00edticas p\u00fablicas e adquirindo e gerindo im\u00f3veis em S\u00e3o Paulo, com o objetivo de viabilizar Servi\u00e7o de Moradia Social para fam\u00edlias em situa\u00e7\u00e3o de vulnerabilidade.<\/p>\n<p style=\"text-align: justify;\"><strong>Confer\u00eancia \u201cPol\u00edtica de Moradia para a Popula\u00e7\u00e3o em Situa\u00e7\u00e3o de Rua: Urg\u00eancias e Desafios a Partir da Experi\u00eancia do Fundo FICA\u201d &#8211; 14\u00aa Bienal Internacional de Arquitetura de S\u00e3o Paulo<\/strong><\/p>\n<p style=\"text-align: justify;\">Pavilh\u00e3o da Oca, Parque do Ibirapuera<\/p>\n<p style=\"text-align: justify;\">Av. Pedro \u00c1lvares Cabral, s\/n\u00ba &#8211; Port\u00e3o 2 \u2013 Moema, S\u00e3o Paulo SP<\/p>\n<p style=\"text-align: justify;\">3 de outubro de 2025, das 10h \u00e0s 13h<\/p>\n<p style=\"text-align: justify;\">Inscri\u00e7\u00f5es\u00a0<a href=\"https:\/\/www.sympla.com.br\/evento\/politicas-de-moradia-para-a-populacao-em-situacao-de-rua-e-a-experiencia-do-fundo-fica\/3142576?referrer=bienaldearquitetura.org.br\" target=\"_blank\" rel=\"noopener noreferrer\">aqui<\/a>.<\/p>\n<p><\/center><\/div>\n","protected":false},"excerpt":{"rendered":"<p>Sacerdote, que realiza com a entidade projeto para oferecer casas a moradores de rua, participa de confer\u00eancia nesta sexta ao lado de representantes dos minist\u00e9rios da Justi\u00e7a e dos Direitos Humanos Setembro, 2025 &#8211; A confer\u00eancia \u201cPol\u00edtica de Moradia para a Popula\u00e7\u00e3o em Situa\u00e7\u00e3o de Rua: Urg\u00eancias e Desafios a Partir da Experi\u00eancia do Fundo [&hellip;]<\/p>\n","protected":false},"author":1,"featured_media":26146,"comment_status":"open","ping_status":"open","sticky":false,"template":"","format":"standard","meta":{"_uag_custom_page_level_css":"","footnotes":""},"categories":[28],"tags":[27824,27825,27823],"class_list":["post-26145","post","type-post","status-publish","format-standard","has-post-thumbnail","hentry","category-arquitetura","tag-14a-bienal-internacional-de-arquitetura-de-sao-paulo","tag-bienal-de-arquitetura","tag-fundo-fica"],"blocksy_meta":[],"spectra_blocks_featured_image_url":{"thumbnail":{"url":"https:\/\/construcaocivil.siriusmarketingedesign.com.br\/wp-content\/uploads\/2025\/09\/Viaduto-Tatuape-Arquivo-FICA3-Maycon-Amoroso-2--150x150.jpg","width":150,"height":150},"medium":{"url":"https:\/\/construcaocivil.siriusmarketingedesign.com.br\/wp-content\/uploads\/2025\/09\/Viaduto-Tatuape-Arquivo-FICA3-Maycon-Amoroso-2--300x225.jpg","width":300,"height":225},"medium_large":{"url":"https:\/\/construcaocivil.siriusmarketingedesign.com.br\/wp-content\/uploads\/2025\/09\/Viaduto-Tatuape-Arquivo-FICA3-Maycon-Amoroso-2--768x576.jpg","width":768,"height":576},"large":{"url":"https:\/\/construcaocivil.siriusmarketingedesign.com.br\/wp-content\/uploads\/2025\/09\/Viaduto-Tatuape-Arquivo-FICA3-Maycon-Amoroso-2--1024x768.jpg","width":1024,"height":768},"full":{"url":"https:\/\/construcaocivil.siriusmarketingedesign.com.br\/wp-content\/uploads\/2025\/09\/Viaduto-Tatuape-Arquivo-FICA3-Maycon-Amoroso-2-.jpg","width":1600,"height":1200}},"spectra_blocks_author_info":{"display_name":"Jornal da Constru\u00e7\u00e3o Civil","avatar_url":"https:\/\/secure.gravatar.com\/avatar\/973c9774fd44ddaceb026973c4962faa70fc512bc4c9da68e8ebb40fecee6540?s=96&d=mm&r=g","author_link":"https:\/\/construcaocivil.siriusmarketingedesign.com.br\/?author=1","description":"Desde de 2013, levando muitas informa\u00e7\u00f5es, lan\u00e7amentos e produtos de qualidade para toda cadeia produtiva da constru\u00e7\u00e3o. O Futuro da constru\u00e7\u00e3o passa por aqui,"},"uagb_featured_image_src":{"full":["https:\/\/construcaocivil.siriusmarketingedesign.com.br\/wp-content\/uploads\/2025\/09\/Viaduto-Tatuape-Arquivo-FICA3-Maycon-Amoroso-2-.jpg",1600,1200,false],"thumbnail":["https:\/\/construcaocivil.siriusmarketingedesign.com.br\/wp-content\/uploads\/2025\/09\/Viaduto-Tatuape-Arquivo-FICA3-Maycon-Amoroso-2--150x150.jpg",150,150,true],"medium":["https:\/\/construcaocivil.siriusmarketingedesign.com.br\/wp-content\/uploads\/2025\/09\/Viaduto-Tatuape-Arquivo-FICA3-Maycon-Amoroso-2--300x225.jpg",300,225,true],"medium_large":["https:\/\/construcaocivil.siriusmarketingedesign.com.br\/wp-content\/uploads\/2025\/09\/Viaduto-Tatuape-Arquivo-FICA3-Maycon-Amoroso-2--768x576.jpg",768,576,true],"large":["https:\/\/construcaocivil.siriusmarketingedesign.com.br\/wp-content\/uploads\/2025\/09\/Viaduto-Tatuape-Arquivo-FICA3-Maycon-Amoroso-2--1024x768.jpg",1024,768,true],"1536x1536":["https:\/\/construcaocivil.siriusmarketingedesign.com.br\/wp-content\/uploads\/2025\/09\/Viaduto-Tatuape-Arquivo-FICA3-Maycon-Amoroso-2--1536x1152.jpg",1536,1152,true],"2048x2048":["https:\/\/construcaocivil.siriusmarketingedesign.com.br\/wp-content\/uploads\/2025\/09\/Viaduto-Tatuape-Arquivo-FICA3-Maycon-Amoroso-2-.jpg",1600,1200,false]},"uagb_author_info":{"display_name":"Jornal da Constru\u00e7\u00e3o Civil","author_link":"https:\/\/construcaocivil.siriusmarketingedesign.com.br\/?author=1"},"uagb_comment_info":0,"uagb_excerpt":"Sacerdote, que realiza com a entidade projeto para oferecer casas a moradores de rua, participa de confer\u00eancia nesta sexta ao lado de representantes dos minist\u00e9rios da Justi\u00e7a e dos Direitos Humanos Setembro, 2025 &#8211; A confer\u00eancia \u201cPol\u00edtica de Moradia para a Popula\u00e7\u00e3o em Situa\u00e7\u00e3o de Rua: Urg\u00eancias e Desafios a Partir da Experi\u00eancia do Fundo&hellip;","_links":{"self":[{"href":"https:\/\/construcaocivil.siriusmarketingedesign.com.br\/index.php?rest_route=\/wp\/v2\/posts\/26145","targetHints":{"allow":["GET"]}}],"collection":[{"href":"https:\/\/construcaocivil.siriusmarketingedesign.com.br\/index.php?rest_route=\/wp\/v2\/posts"}],"about":[{"href":"https:\/\/construcaocivil.siriusmarketingedesign.com.br\/index.php?rest_route=\/wp\/v2\/types\/post"}],"author":[{"embeddable":true,"href":"https:\/\/construcaocivil.siriusmarketingedesign.com.br\/index.php?rest_route=\/wp\/v2\/users\/1"}],"replies":[{"embeddable":true,"href":"https:\/\/construcaocivil.siriusmarketingedesign.com.br\/index.php?rest_route=%2Fwp%2Fv2%2Fcomments&post=26145"}],"version-history":[{"count":0,"href":"https:\/\/construcaocivil.siriusmarketingedesign.com.br\/index.php?rest_route=\/wp\/v2\/posts\/26145\/revisions"}],"wp:featuredmedia":[{"embeddable":true,"href":"https:\/\/construcaocivil.siriusmarketingedesign.com.br\/index.php?rest_route=\/wp\/v2\/media\/26146"}],"wp:attachment":[{"href":"https:\/\/construcaocivil.siriusmarketingedesign.com.br\/index.php?rest_route=%2Fwp%2Fv2%2Fmedia&parent=26145"}],"wp:term":[{"taxonomy":"category","embeddable":true,"href":"https:\/\/construcaocivil.siriusmarketingedesign.com.br\/index.php?rest_route=%2Fwp%2Fv2%2Fcategories&post=26145"},{"taxonomy":"post_tag","embeddable":true,"href":"https:\/\/construcaocivil.siriusmarketingedesign.com.br\/index.php?rest_route=%2Fwp%2Fv2%2Ftags&post=26145"}],"curies":[{"name":"wp","href":"https:\/\/api.w.org\/{rel}","templated":true}]}}