{"id":26151,"date":"2025-10-02T00:29:51","date_gmt":"2025-10-02T03:29:51","guid":{"rendered":"https:\/\/www.jornaldaconstrucaocivil.com.br\/?p=26151"},"modified":"2025-10-02T00:29:51","modified_gmt":"2025-10-02T03:29:51","slug":"coral-apresenta-a-nova-linha-decora-com-tecnologia-ceramic-exclusivo-acabamento-extra-fosco-e-identidade-visual-renovada","status":"publish","type":"post","link":"https:\/\/construcaocivil.siriusmarketingedesign.com.br\/?p=26151","title":{"rendered":"Coral apresenta a nova linha Decora com Tecnologia Ceramic, exclusivo acabamento Extra Fosco e identidade visual renovada"},"content":{"rendered":"<p style=\"text-align: justify;\">Outubro, 2025 &#8211; A Coral, marca de tintas decorativas da AkzoNobel, anuncia o relan\u00e7amento da linha <strong>Decora<\/strong>, que chega ao mercado com novo posicionamento, acabamento perfeito e identidade visual renovada. Sua nova imagem est\u00e1 ainda mais premium, oferecendo maior destaque e visibilidade no ponto de venda. As novas embalagens foram testadas com consumidores, que confirmaram sua percep\u00e7\u00e3o de qualidade superior e visual mais premium e sofisticado, com maior destaque para a marca Decora.<\/p>\n<p style=\"text-align: justify;\">Gra\u00e7as \u00e0 exclusiva\u00a0<strong>Tecnologia Ceramic<\/strong>, a tinta proporciona um filme mais liso e uniforme, originado da combina\u00e7\u00e3o de mat\u00e9rias-primas selecionadas e aditivos especiais. A Linha Decora conta com o sistema tintom\u00e9trico Acotone\u2122, que utiliza pigmentos da mais alta qualidade para oferecer cores mais vivas e intensas e com maior resist\u00eancia ao desbotamento, refor\u00e7ando a tradi\u00e7\u00e3o da marca no segmento premium e ampliando as possibilidades criativas para projetos de alto padr\u00e3o. Como resultado, as paredes ganham um acabamento perfeito, com toque suave e sofisticado.<\/p>\n<p><img decoding=\"async\" class=\"alignleft\" src=\"https:\/\/files.pressmanager.net\/clientes\/1eb7193cfa7ee805733e7aea8524d59d\/imagens\/2025\/10\/01\/5001d1c20dc44118a6baa024921f3150_medium.jpg\" \/><\/p>\n<p style=\"text-align: justify;\">Al\u00e9m da mudan\u00e7a das embalagens, o posicionamento da linha tamb\u00e9m foi atualizado, para refor\u00e7ar seus diferenciais e convidar os consumidores que buscam uma tinta premium de alta qualidade a\u00a0<strong>viver uma experi\u00eancia de alta decora\u00e7\u00e3o,<\/strong>\u00a0transformando seus ambientes em espa\u00e7os \u00fanicos e personalizados com Coral Decora.<\/p>\n<p style=\"text-align: justify;\">Dispon\u00edvel em tr\u00eas acabamentos: Matte, o exclusivo acabamento extra fosco, que possui o menor n\u00edvel de brilho do nosso portf\u00f3lio de tintas Premium e disfar\u00e7a as imperfei\u00e7\u00f5es da parede, um benef\u00edcio adicional importante a consumidores e pintores; Seda, o acabamento acetinado com toque suave e f\u00e1cil de limpar; e Diamante, acabamento semibrilho, de alta resist\u00eancia, a linha tamb\u00e9m conta com os efeitos especiais Cimento Queimado, M\u00e1rmore e Velvet\/Nuage, que tiveram suas paletas de cores ampliadas.<\/p>\n<p style=\"text-align: justify;\">O Decora Matte e Decora Seda tiveram suas bases reformuladas e sua oferta de cores renovada, com a inclus\u00e3o das cores\u00a0<strong>Papel Picado, Cr\u00f4mio e Branco Gatinho para Decora Matte<\/strong>, e\u00a0<strong>Papel Picado para Decora Seda<\/strong>. Al\u00e9m destas, ambos seguem dispon\u00edveis tamb\u00e9m nas cores Branco e Branco Gelo, al\u00e9m das 2.079 cores do leque Coral.<\/p>\n<p style=\"text-align: justify;\">A novidade no Decora Diamante, o acabamento semibrilho da linha, fica por conta da nova\u00a0<strong>embalagem promocional de 20L\u00a0<\/strong>na cor Branca.<\/p>\n<p style=\"text-align: justify;\">\u201cCoral Decora \u00e9 a nossa principal linha no segmento premium, e a solu\u00e7\u00e3o ideal para quem busca o acabamento perfeito na hora de transformar e personalizar seus ambientes. Aliamos alta tecnologia, qualidade superior e excelente acabamento para garantir a melhor experi\u00eancia tanto para consumidores quanto para pintores\u201d, afirma Renato Panzuto, gerente de Produtos de Tintas Decorativas LATAM da AkzoNobel.<\/p>\n<p style=\"text-align: justify;\"><strong>Decora na novela das 9<\/strong><\/p>\n<p style=\"text-align: justify;\">Em parceria com a ag\u00eancia VML Brasil, a marca realizou duas inser\u00e7\u00f5es de merchandising na novela\u00a0<strong>\u201cVale Tudo\u201d<\/strong>, da TV Globo, com foco em promover seu principal diferencial para produtos premium, como Decora: a Garantia Coral, que permite ao consumidor apostar sem medo na cor desejada, j\u00e1 que, se n\u00e3o gostar, pode trocar os produtos da categoria premium.<\/p>\n<p style=\"text-align: justify;\">A primeira ativa\u00e7\u00e3o foi ao ar em 8 de setembro, com a personagem Alde\u00edde, reconhecida por seus looks monocrom\u00e1ticos, se jogando de vez na cor e pintando todo o quarto de rosa, com a\u00a0<strong>linha Decora<\/strong>, usando a cor<strong>\u00a0Tarde em Veneza<\/strong>. A cena refor\u00e7ou a tranquilidade de escolher qualquer cor com a seguran\u00e7a da Garantia Coral: se n\u00e3o gostar, a troca \u00e9 garantida. Afinal, como afirma a personagem, \u201cCerteza, certeza mesmo, s\u00f3 Coral\u201d.<\/p>\n<p style=\"text-align: justify;\">J\u00e1 no cap\u00edtulo 158, exibido ontem, 30 de setembro, Solange e Afonso vivem o momento de escolher as cores para o quarto dos beb\u00eas, utilizando o leque de op\u00e7\u00f5es da Coral. Mais uma vez, a narrativa destacou a liberdade de experimentar e a confian\u00e7a proporcionada pela Garantia Coral, aproximando o benef\u00edcio do cotidiano do consumidor, em um momento de indecis\u00e3o na jornada de pintura.<\/p>\n<p style=\"text-align: justify;\"><strong>Portf\u00f3lio atualizado<\/strong><\/p>\n<p style=\"text-align: justify;\">Ainda no\u00a0<strong>segmento premium<\/strong>, a marca passa a disponibilizar a<strong>\u00a0Coral Master \u2013 A Tinta do Pintor Profissional tamb\u00e9m na cor Branco Gelo em sua embalagem promocional de 20L<\/strong>, com rendimento de at\u00e9 155 m\u00b2 \u2014 mantendo o mesmo pre\u00e7o da vers\u00e3o anterior de 18L. Agora, al\u00e9m da op\u00e7\u00e3o na cor Branca, a tinta tamb\u00e9m poder\u00e1 ser encontrada em pronta entrega nos pontos de venda no tom Branco Gelo nessa embalagem.<\/p>\n<p style=\"text-align: justify;\">J\u00e1 nas categorias de\u00a0<strong>massas e texturas<\/strong>, a partir de setembro, a Coral adotar\u00e1 baldes pl\u00e1sticos mais sustent\u00e1veis para a\u00a0<strong>Massa Corrida, Massa Acr\u00edlica e Textura Acr\u00edlica.<\/strong>\u00a0Com capacidade de 25Kg, as novas embalagens, que s\u00e3o feitas com conte\u00fado 60% reciclado e possuem melhor ergonomia, passam a integrar o portf\u00f3lio da marca juntamente com as tradicionais embalagens met\u00e1licas, agora tamb\u00e9m para regi\u00f5es atendidas pela f\u00e1brica de Mau\u00e1 (Sul, Sudeste e Centro-Oeste).<\/p>\n<p style=\"text-align: justify;\">As regi\u00f5es Norte e Nordeste, atendidas pela f\u00e1brica de Recife, que j\u00e1 contavam com as massas e texturas em embalagens pl\u00e1sticas de 25Kg desde 2023, passam agora a contar com a\u00a0<strong>Massa Corrida em balde pl\u00e1stico 20Kg<\/strong>, que possui pre\u00e7o mais competitivo.<\/p>\n<p style=\"text-align: justify;\">\u201cCom essas atualiza\u00e7\u00f5es, atendemos \u00e0s diferentes necessidades do mercado \u2013 desde o consumidor que valoriza acabamento sofisticado e de qualidade superior, at\u00e9 os parceiros varejistas que buscam mais agilidade e competitividade nos pontos de venda\u201d, completa o Panzuto. As novidades refor\u00e7am o compromisso da Coral em criar valor para toda a cadeia, oferecendo solu\u00e7\u00f5es que combinam inova\u00e7\u00e3o, sustentabilidade e estrat\u00e9gia comercial alinhada \u00e0s necessidades do mercado brasileiro.<\/p>\n","protected":false},"excerpt":{"rendered":"<p>Outubro, 2025 &#8211; A Coral, marca de tintas decorativas da AkzoNobel, anuncia o relan\u00e7amento da linha Decora, que chega ao mercado com novo posicionamento, acabamento perfeito e identidade visual renovada. Sua nova imagem est\u00e1 ainda mais premium, oferecendo maior destaque e visibilidade no ponto de venda. As novas embalagens foram testadas com consumidores, que confirmaram [&hellip;]<\/p>\n","protected":false},"author":1,"featured_media":26152,"comment_status":"open","ping_status":"open","sticky":false,"template":"","format":"standard","meta":{"_uag_custom_page_level_css":"","footnotes":""},"categories":[12591],"tags":[27829,574,1933,24577],"class_list":["post-26151","post","type-post","status-publish","format-standard","has-post-thumbnail","hentry","category-produtos","tag-acabamento-extra-fosco","tag-akzonobel","tag-casa-e-decoracao","tag-tintas-coral"],"blocksy_meta":[],"spectra_blocks_featured_image_url":{"thumbnail":{"url":"https:\/\/construcaocivil.siriusmarketingedesign.com.br\/wp-content\/uploads\/2025\/10\/CoralValeTudo1-1-150x150.jpg","width":150,"height":150},"medium":{"url":"https:\/\/construcaocivil.siriusmarketingedesign.com.br\/wp-content\/uploads\/2025\/10\/CoralValeTudo1-1-300x167.jpg","width":300,"height":167},"medium_large":{"url":"https:\/\/construcaocivil.siriusmarketingedesign.com.br\/wp-content\/uploads\/2025\/10\/CoralValeTudo1-1-768x428.jpg","width":768,"height":428},"large":{"url":"https:\/\/construcaocivil.siriusmarketingedesign.com.br\/wp-content\/uploads\/2025\/10\/CoralValeTudo1-1-1024x570.jpg","width":1024,"height":570},"full":{"url":"https:\/\/construcaocivil.siriusmarketingedesign.com.br\/wp-content\/uploads\/2025\/10\/CoralValeTudo1-1-scaled.jpg","width":2560,"height":1426}},"spectra_blocks_author_info":{"display_name":"Jornal da Constru\u00e7\u00e3o Civil","avatar_url":"https:\/\/secure.gravatar.com\/avatar\/973c9774fd44ddaceb026973c4962faa70fc512bc4c9da68e8ebb40fecee6540?s=96&d=mm&r=g","author_link":"https:\/\/construcaocivil.siriusmarketingedesign.com.br\/?author=1","description":"Desde de 2013, levando muitas informa\u00e7\u00f5es, lan\u00e7amentos e produtos de qualidade para toda cadeia produtiva da constru\u00e7\u00e3o. O Futuro da constru\u00e7\u00e3o passa por aqui,"},"uagb_featured_image_src":{"full":["https:\/\/construcaocivil.siriusmarketingedesign.com.br\/wp-content\/uploads\/2025\/10\/CoralValeTudo1-1-scaled.jpg",2560,1426,false],"thumbnail":["https:\/\/construcaocivil.siriusmarketingedesign.com.br\/wp-content\/uploads\/2025\/10\/CoralValeTudo1-1-150x150.jpg",150,150,true],"medium":["https:\/\/construcaocivil.siriusmarketingedesign.com.br\/wp-content\/uploads\/2025\/10\/CoralValeTudo1-1-300x167.jpg",300,167,true],"medium_large":["https:\/\/construcaocivil.siriusmarketingedesign.com.br\/wp-content\/uploads\/2025\/10\/CoralValeTudo1-1-768x428.jpg",768,428,true],"large":["https:\/\/construcaocivil.siriusmarketingedesign.com.br\/wp-content\/uploads\/2025\/10\/CoralValeTudo1-1-1024x570.jpg",1024,570,true],"1536x1536":["https:\/\/construcaocivil.siriusmarketingedesign.com.br\/wp-content\/uploads\/2025\/10\/CoralValeTudo1-1-1536x855.jpg",1536,855,true],"2048x2048":["https:\/\/construcaocivil.siriusmarketingedesign.com.br\/wp-content\/uploads\/2025\/10\/CoralValeTudo1-1-2048x1141.jpg",2048,1141,true]},"uagb_author_info":{"display_name":"Jornal da Constru\u00e7\u00e3o Civil","author_link":"https:\/\/construcaocivil.siriusmarketingedesign.com.br\/?author=1"},"uagb_comment_info":0,"uagb_excerpt":"Outubro, 2025 &#8211; A Coral, marca de tintas decorativas da AkzoNobel, anuncia o relan\u00e7amento da linha Decora, que chega ao mercado com novo posicionamento, acabamento perfeito e identidade visual renovada. Sua nova imagem est\u00e1 ainda mais premium, oferecendo maior destaque e visibilidade no ponto de venda. As novas embalagens foram testadas com consumidores, que confirmaram&hellip;","_links":{"self":[{"href":"https:\/\/construcaocivil.siriusmarketingedesign.com.br\/index.php?rest_route=\/wp\/v2\/posts\/26151","targetHints":{"allow":["GET"]}}],"collection":[{"href":"https:\/\/construcaocivil.siriusmarketingedesign.com.br\/index.php?rest_route=\/wp\/v2\/posts"}],"about":[{"href":"https:\/\/construcaocivil.siriusmarketingedesign.com.br\/index.php?rest_route=\/wp\/v2\/types\/post"}],"author":[{"embeddable":true,"href":"https:\/\/construcaocivil.siriusmarketingedesign.com.br\/index.php?rest_route=\/wp\/v2\/users\/1"}],"replies":[{"embeddable":true,"href":"https:\/\/construcaocivil.siriusmarketingedesign.com.br\/index.php?rest_route=%2Fwp%2Fv2%2Fcomments&post=26151"}],"version-history":[{"count":0,"href":"https:\/\/construcaocivil.siriusmarketingedesign.com.br\/index.php?rest_route=\/wp\/v2\/posts\/26151\/revisions"}],"wp:featuredmedia":[{"embeddable":true,"href":"https:\/\/construcaocivil.siriusmarketingedesign.com.br\/index.php?rest_route=\/wp\/v2\/media\/26152"}],"wp:attachment":[{"href":"https:\/\/construcaocivil.siriusmarketingedesign.com.br\/index.php?rest_route=%2Fwp%2Fv2%2Fmedia&parent=26151"}],"wp:term":[{"taxonomy":"category","embeddable":true,"href":"https:\/\/construcaocivil.siriusmarketingedesign.com.br\/index.php?rest_route=%2Fwp%2Fv2%2Fcategories&post=26151"},{"taxonomy":"post_tag","embeddable":true,"href":"https:\/\/construcaocivil.siriusmarketingedesign.com.br\/index.php?rest_route=%2Fwp%2Fv2%2Ftags&post=26151"}],"curies":[{"name":"wp","href":"https:\/\/api.w.org\/{rel}","templated":true}]}}