{"id":26161,"date":"2025-10-06T00:10:04","date_gmt":"2025-10-06T03:10:04","guid":{"rendered":"https:\/\/www.jornaldaconstrucaocivil.com.br\/?p=26161"},"modified":"2025-10-06T00:10:04","modified_gmt":"2025-10-06T03:10:04","slug":"municipios-de-sp-e-rs-sao-pre-selecionados-para-obras-de-pavimentacao","status":"publish","type":"post","link":"https:\/\/construcaocivil.siriusmarketingedesign.com.br\/?p=26161","title":{"rendered":"Munic\u00edpios de SP e RS s\u00e3o pr\u00e9-selecionados para obras de pavimenta\u00e7\u00e3o"},"content":{"rendered":"<div class=\"documentDescription\" style=\"text-align: justify;\">Sert\u00e3ozinho, Mogi das Cruzes e Piracicaba (SP) e Pelotas (RS) est\u00e3o na nova lista do Avan\u00e7ar Cidades &#8211; Mobilidade Urbana<\/div>\n<div id=\"viewlet-above-content-body\">\n<div id=\"content-core\">\n<div id=\"parent-fieldname-text\" class=\"\">\n<div>\n<p style=\"text-align: justify;\">Bras\u00edlia (DF) &#8211; O Minist\u00e9rio das Cidades divulgou a 34\u00aa lista atualizada de projetos pr\u00e9-selecionados no \u00e2mbito do Programa Avan\u00e7ar Cidades &#8211; Mobilidade Urbana. Os munic\u00edpios de Sert\u00e3ozinho, Mogi das Cruzes e Piracicaba (SP) e Pelotas (RS) foram contemplados e poder\u00e3o receber at\u00e9 R$ 230 milh\u00f5es para obras de qualifica\u00e7\u00e3o vi\u00e1ria e pavimenta\u00e7\u00e3o.<\/p>\n<p style=\"text-align: justify;\">Confira a\u00a0<a class=\"internal-link\" title=\"\" href=\"https:\/\/www.gov.br\/cidades\/pt-br\/assuntos\/noticias-1\/noticia-mcid-n-1618\/34listaprseleo.pdf\" target=\"_blank\" rel=\"noopener\" data-tippreview-image=\"\" data-tippreview-title=\"\" data-tippreview-enabled=\"false\">rela\u00e7\u00e3o<\/a>\u00a0completa dos munic\u00edpios que j\u00e1 tiveram suas propostas pr\u00e9-selecionadas.<\/p>\n<p style=\"text-align: justify;\"><strong>Quais s\u00e3o as etapas?<\/strong><\/p>\n<p style=\"text-align: justify;\">A publica\u00e7\u00e3o da lista \u00e9 a terceira etapa do processo de sele\u00e7\u00e3o. N\u00e3o h\u00e1 prazo limite para a inscri\u00e7\u00e3o das propostas e, \u00e0 medida que novas cartas consulta s\u00e3o encaminhadas pelos munic\u00edpios e enquadradas pelos agentes financeiros, elas ser\u00e3o publicadas no site do Minist\u00e9rio das Cidades.<\/p>\n<p style=\"text-align: justify;\">Os munic\u00edpios, cujas propostas constarem na lista de pr\u00e9-sele\u00e7\u00e3o, dever\u00e3o apresentar ao agente financeiro o projeto b\u00e1sico do empreendimento e as documenta\u00e7\u00f5es necess\u00e1rias \u00e0 an\u00e1lise de risco e de engenharia. As declara\u00e7\u00f5es que forem aprovadas ser\u00e3o validadas pelos agentes financeiros para o recebimento do financiamento.<\/p>\n<p style=\"text-align: justify;\">Ap\u00f3s a valida\u00e7\u00e3o das propostas pelo agente financeiro, os munic\u00edpios passam para a etapa de sele\u00e7\u00e3o final, na qual a portaria de escolha dos projetos \u00e9 divulgada no Di\u00e1rio Oficial da Uni\u00e3o.<\/p>\n<p style=\"text-align: justify;\"><strong>Condi\u00e7\u00f5es de financiamento<\/strong><\/p>\n<p style=\"text-align: justify;\">Os recursos disponibilizados para o Programa Avan\u00e7ar Cidades &#8211; Mobilidade Urbana s\u00e3o de financiamento, oriundos do Fundo de Garantia por Tempo de Servi\u00e7o (FGTS), conforme o previsto no Programa de Infraestrutura de Transporte e da Mobilidade Urbana (Pr\u00f3-Transporte).<\/p>\n<p style=\"text-align: justify;\">A taxa nominal de juros das opera\u00e7\u00f5es de empr\u00e9stimo do Pr\u00f3-Transporte \u00e9 de 6% ao ano, podendo ser acrescida taxa diferencial de at\u00e9 2% e taxa de risco de cr\u00e9dito de at\u00e9 1%. O prazo para pagamento \u00e9 de at\u00e9 20 anos.<\/p>\n<p style=\"text-align: justify;\">O cadastramento de propostas para o Programa Avan\u00e7ar Cidades \u2013 Mobilidade Urbana est\u00e1 dispon\u00edvel no site do Minist\u00e9rio das Cidades. D\u00favidas e informa\u00e7\u00f5es adicionais devem ser direcionadas ao e-mail:\u00a0<a class=\"email-link\" title=\"\" href=\"mailto:avancar.mobilidade@cidades.gov.br\" target=\"_blank\" rel=\"noopener\" data-tippreview-enabled=\"false\" data-tippreview-image=\"\" data-tippreview-title=\"\">avancar.mobilidade@cidades.gov.br.<\/a><\/p>\n<\/div>\n<\/div>\n<\/div>\n<\/div>\n","protected":false},"excerpt":{"rendered":"<p>Sert\u00e3ozinho, Mogi das Cruzes e Piracicaba (SP) e Pelotas (RS) est\u00e3o na nova lista do Avan\u00e7ar Cidades &#8211; Mobilidade Urbana Bras\u00edlia (DF) &#8211; O Minist\u00e9rio das Cidades divulgou a 34\u00aa lista atualizada de projetos pr\u00e9-selecionados no \u00e2mbito do Programa Avan\u00e7ar Cidades &#8211; Mobilidade Urbana. Os munic\u00edpios de Sert\u00e3ozinho, Mogi das Cruzes e Piracicaba (SP) e [&hellip;]<\/p>\n","protected":false},"author":1,"featured_media":26162,"comment_status":"open","ping_status":"open","sticky":false,"template":"","format":"standard","meta":{"_uag_custom_page_level_css":"","footnotes":""},"categories":[31],"tags":[7713,27832,26563,27833],"class_list":["post-26161","post","type-post","status-publish","format-standard","has-post-thumbnail","hentry","category-infraestrutura","tag-ministerio-das-cidades","tag-pavimentacao-e-obras-rodoviarias","tag-pelotas-rs","tag-sertaozinho"],"blocksy_meta":[],"spectra_blocks_featured_image_url":{"thumbnail":{"url":"https:\/\/construcaocivil.siriusmarketingedesign.com.br\/wp-content\/uploads\/2025\/10\/bde31dad-0fd9-457b-a131-b6cb558269c0-150x150.jpeg","width":150,"height":150},"medium":{"url":"https:\/\/construcaocivil.siriusmarketingedesign.com.br\/wp-content\/uploads\/2025\/10\/bde31dad-0fd9-457b-a131-b6cb558269c0-300x173.jpeg","width":300,"height":173},"medium_large":{"url":"https:\/\/construcaocivil.siriusmarketingedesign.com.br\/wp-content\/uploads\/2025\/10\/bde31dad-0fd9-457b-a131-b6cb558269c0.jpeg","width":768,"height":444},"large":{"url":"https:\/\/construcaocivil.siriusmarketingedesign.com.br\/wp-content\/uploads\/2025\/10\/bde31dad-0fd9-457b-a131-b6cb558269c0.jpeg","width":768,"height":444},"full":{"url":"https:\/\/construcaocivil.siriusmarketingedesign.com.br\/wp-content\/uploads\/2025\/10\/bde31dad-0fd9-457b-a131-b6cb558269c0.jpeg","width":768,"height":444}},"spectra_blocks_author_info":{"display_name":"Jornal da Constru\u00e7\u00e3o Civil","avatar_url":"https:\/\/secure.gravatar.com\/avatar\/973c9774fd44ddaceb026973c4962faa70fc512bc4c9da68e8ebb40fecee6540?s=96&d=mm&r=g","author_link":"https:\/\/construcaocivil.siriusmarketingedesign.com.br\/?author=1","description":"Desde de 2013, levando muitas informa\u00e7\u00f5es, lan\u00e7amentos e produtos de qualidade para toda cadeia produtiva da constru\u00e7\u00e3o. O Futuro da constru\u00e7\u00e3o passa por aqui,"},"uagb_featured_image_src":{"full":["https:\/\/construcaocivil.siriusmarketingedesign.com.br\/wp-content\/uploads\/2025\/10\/bde31dad-0fd9-457b-a131-b6cb558269c0.jpeg",768,444,false],"thumbnail":["https:\/\/construcaocivil.siriusmarketingedesign.com.br\/wp-content\/uploads\/2025\/10\/bde31dad-0fd9-457b-a131-b6cb558269c0-150x150.jpeg",150,150,true],"medium":["https:\/\/construcaocivil.siriusmarketingedesign.com.br\/wp-content\/uploads\/2025\/10\/bde31dad-0fd9-457b-a131-b6cb558269c0-300x173.jpeg",300,173,true],"medium_large":["https:\/\/construcaocivil.siriusmarketingedesign.com.br\/wp-content\/uploads\/2025\/10\/bde31dad-0fd9-457b-a131-b6cb558269c0.jpeg",768,444,false],"large":["https:\/\/construcaocivil.siriusmarketingedesign.com.br\/wp-content\/uploads\/2025\/10\/bde31dad-0fd9-457b-a131-b6cb558269c0.jpeg",768,444,false],"1536x1536":["https:\/\/construcaocivil.siriusmarketingedesign.com.br\/wp-content\/uploads\/2025\/10\/bde31dad-0fd9-457b-a131-b6cb558269c0.jpeg",768,444,false],"2048x2048":["https:\/\/construcaocivil.siriusmarketingedesign.com.br\/wp-content\/uploads\/2025\/10\/bde31dad-0fd9-457b-a131-b6cb558269c0.jpeg",768,444,false]},"uagb_author_info":{"display_name":"Jornal da Constru\u00e7\u00e3o Civil","author_link":"https:\/\/construcaocivil.siriusmarketingedesign.com.br\/?author=1"},"uagb_comment_info":0,"uagb_excerpt":"Sert\u00e3ozinho, Mogi das Cruzes e Piracicaba (SP) e Pelotas (RS) est\u00e3o na nova lista do Avan\u00e7ar Cidades &#8211; Mobilidade Urbana Bras\u00edlia (DF) &#8211; O Minist\u00e9rio das Cidades divulgou a 34\u00aa lista atualizada de projetos pr\u00e9-selecionados no \u00e2mbito do Programa Avan\u00e7ar Cidades &#8211; Mobilidade Urbana. Os munic\u00edpios de Sert\u00e3ozinho, Mogi das Cruzes e Piracicaba (SP) e&hellip;","_links":{"self":[{"href":"https:\/\/construcaocivil.siriusmarketingedesign.com.br\/index.php?rest_route=\/wp\/v2\/posts\/26161","targetHints":{"allow":["GET"]}}],"collection":[{"href":"https:\/\/construcaocivil.siriusmarketingedesign.com.br\/index.php?rest_route=\/wp\/v2\/posts"}],"about":[{"href":"https:\/\/construcaocivil.siriusmarketingedesign.com.br\/index.php?rest_route=\/wp\/v2\/types\/post"}],"author":[{"embeddable":true,"href":"https:\/\/construcaocivil.siriusmarketingedesign.com.br\/index.php?rest_route=\/wp\/v2\/users\/1"}],"replies":[{"embeddable":true,"href":"https:\/\/construcaocivil.siriusmarketingedesign.com.br\/index.php?rest_route=%2Fwp%2Fv2%2Fcomments&post=26161"}],"version-history":[{"count":0,"href":"https:\/\/construcaocivil.siriusmarketingedesign.com.br\/index.php?rest_route=\/wp\/v2\/posts\/26161\/revisions"}],"wp:featuredmedia":[{"embeddable":true,"href":"https:\/\/construcaocivil.siriusmarketingedesign.com.br\/index.php?rest_route=\/wp\/v2\/media\/26162"}],"wp:attachment":[{"href":"https:\/\/construcaocivil.siriusmarketingedesign.com.br\/index.php?rest_route=%2Fwp%2Fv2%2Fmedia&parent=26161"}],"wp:term":[{"taxonomy":"category","embeddable":true,"href":"https:\/\/construcaocivil.siriusmarketingedesign.com.br\/index.php?rest_route=%2Fwp%2Fv2%2Fcategories&post=26161"},{"taxonomy":"post_tag","embeddable":true,"href":"https:\/\/construcaocivil.siriusmarketingedesign.com.br\/index.php?rest_route=%2Fwp%2Fv2%2Ftags&post=26161"}],"curies":[{"name":"wp","href":"https:\/\/api.w.org\/{rel}","templated":true}]}}