{"id":26165,"date":"2025-10-08T00:26:28","date_gmt":"2025-10-08T03:26:28","guid":{"rendered":"https:\/\/www.jornaldaconstrucaocivil.com.br\/?p=26165"},"modified":"2025-10-08T00:26:28","modified_gmt":"2025-10-08T03:26:28","slug":"oceanos-viraram-o-esgoto-da-humanidade-afirma-leonardo-boff","status":"publish","type":"post","link":"https:\/\/construcaocivil.siriusmarketingedesign.com.br\/?p=26165","title":{"rendered":"Oceanos viraram o esgoto da humanidade, afirma Leonardo Boff"},"content":{"rendered":"<p style=\"text-align: justify;\">\u201cO Oceano virou uma verdadeira cloaca humana\u201d. A afirma\u00e7\u00e3o \u00e9 do te\u00f3logo e fil\u00f3sofo\u00a0<span class=\"il\">Leonardo<\/span>\u00a0<span class=\"il\">Boff<\/span>, pai da Teologia da Liberta\u00e7\u00e3o, e que desde jovem atua em v\u00e1rias frentes, em defesa dos pobres e oprimidos. A declara\u00e7\u00e3o foi feita em entrevista na Universidade Federal de Santa Catarina (UFSC), ap\u00f3s palestra esta semana no evento Planeta DOC, que apresentou in\u00fameros debates e exibi\u00e7\u00e3o de document\u00e1rios em favor do meio ambiente.<\/p>\n<p style=\"text-align: justify;\"><span class=\"il\">Leonardo<\/span>\u00a0<span class=\"il\">Boff<\/span>\u00a0destacou que \u00e9 inaceit\u00e1vel que tenhamos atualmente quilom\u00e9tricas ilhas de lixo acumuladas nos oceanos. O fil\u00f3sofo defende que haja um movimento global em favor da purifica\u00e7\u00e3o dos oceanos. \u201cPorque grande parte do pr\u00f3prio oxig\u00eanio vem dos oceanos, dos corais. E isso tudo virou uma grande cloaca&#8221;, argumentou.<\/p>\n<p style=\"text-align: justify;\">Segundo ele, falta uma conscientiza\u00e7\u00e3o de forma urgente em favor dos oceanos. Ao contr\u00e1rio, iremos padecer enquanto humanidade. \u201cAlguns cientistas afirmam que com o aquecimento global\u00a0 e com o derretimento das calotas polares, os oceanos podem subir um metro, um metro e meio, e quase todas as cidades mar\u00edtimas se acabariam\u201d, alerta.<\/p>\n<p style=\"text-align: justify;\">Caso n\u00e3o tomemos atitudes, comunidades inteiras podem submergir. \u201cEu estava pensando no Rio de Janeiro, se o mar invade, pega toda a Baixada, entra e n\u00e3o volta mais. N\u00e3o volta porque \u00e9 tudo plano&#8221;, destaca\u00a0<span class=\"il\">Boff<\/span>.<\/p>\n<p style=\"text-align: justify;\">A solu\u00e7\u00e3o apresentada pelo fil\u00f3sofo est\u00e1 na ra\u00edz dos problemas, ou seja, em quem produz lixo, polui\u00e7\u00e3o, e consequentemente as mudan\u00e7as clim\u00e1ticas. \u201cN\u00f3s temos que ser radicais e ir na raiz da quest\u00e3o. Porque o sistema nos engana. Ele mostra os problemas mas n\u00e3o mostra as ra\u00edzes, as causas de onde v\u00eam as coisas\u201d.<\/p>\n<p style=\"text-align: justify;\">O professor de ecologia marinha, oceanografia e ficologia (estudo das algas) na UFSC, p\u00f3s-doutor Paulo Horta, concorda e vai al\u00e9m \u201cSe n\u00e3o segurarmos o aquecimento Global nos pr\u00f3ximos 15 anos, poderemos ter a sexta extin\u00e7\u00e3o em massa, amea\u00e7ando nossa pr\u00f3pria exist\u00eancia, e isso passa pela pol\u00edtica, pelos governantes, pelos empres\u00e1rios, e por cada cidad\u00e3o&#8221;, afirma.<\/p>\n<p style=\"text-align: justify;\"><strong>Cada vez mais inunda\u00e7\u00f5es e eros\u00f5es<\/strong><\/p>\n<p style=\"text-align: justify;\">Paulo Horta ainda ressalta que \u201ctodos temos que tomar atitudes para frear as mudan\u00e7as clim\u00e1ticas&#8221;. Do ponto de vista da eleva\u00e7\u00e3o do n\u00edvel do mar, o cientista nos alerta que poderemos viver eventos cada vez mais frequentes e intensos de inunda\u00e7\u00e3o e eros\u00e3o costeira.<\/p>\n<p style=\"text-align: justify;\">Poderemos viver, em d\u00e9cadas, eleva\u00e7\u00e3o do n\u00edvel do mar de m\u00faltiplos metros. O pesquisador lembra que no passado o n\u00edvel do mar j\u00e1 subiu mais de 10 metros em 350 anos. O que nos leva ao fato que a acelera\u00e7\u00e3o do derretimento das geleiras dos p\u00f3los pode estar nos dizendo que estamos diante de um novo evento de r\u00e1pida e tr\u00e1gica eleva\u00e7\u00e3o do n\u00edvel do mar de m\u00faltiplos metros .<\/p>\n<p style=\"text-align: justify;\">Confira aqui a entrevista do te\u00f3logo e fil\u00f3sofo\u00a0<span class=\"il\">Leonardo<\/span>\u00a0<span class=\"il\">Boff<\/span><\/p>\n<p style=\"text-align: justify;\"><a href=\"https:\/\/click.cse360.com.br\/Click\/AddCampaignEmailClick\/29489ac3-f088-4c28-4846-08ddfba34a14\/https%253a%252f%252fyoutu.be%252fodG3g3MYvy8\/b20bfdd4-a02b-41a4-eb6d-08d7c5ff26d1\/webobras@gmail.com\/True\" target=\"_blank\" rel=\"noopener noreferrer\" data-saferedirecturl=\"https:\/\/www.google.com\/url?q=https:\/\/click.cse360.com.br\/Click\/AddCampaignEmailClick\/29489ac3-f088-4c28-4846-08ddfba34a14\/https%25253a%25252f%25252fyoutu.be%25252fodG3g3MYvy8\/b20bfdd4-a02b-41a4-eb6d-08d7c5ff26d1\/webobras@gmail.com\/True&amp;source=gmail&amp;ust=1759977672186000&amp;usg=AOvVaw0OqH5fT09YOO4tpNWL_lT0\">https:\/\/youtu.be\/odG3g3MYvy8<\/a><\/p>\n<p style=\"text-align: justify;\">Confira aqui a entrevista do professor PHD, Paulo Horta.<\/p>\n<p style=\"text-align: justify;\"><a href=\"https:\/\/click.cse360.com.br\/Click\/AddCampaignEmailClick\/29489ac3-f088-4c28-4846-08ddfba34a14\/https%253a%252f%252fyoutu.be%252fMsRHd2Ji-18\/b20bfdd4-a02b-41a4-eb6d-08d7c5ff26d1\/webobras@gmail.com\/True\" target=\"_blank\" rel=\"noopener noreferrer\" data-saferedirecturl=\"https:\/\/www.google.com\/url?q=https:\/\/click.cse360.com.br\/Click\/AddCampaignEmailClick\/29489ac3-f088-4c28-4846-08ddfba34a14\/https%25253a%25252f%25252fyoutu.be%25252fMsRHd2Ji-18\/b20bfdd4-a02b-41a4-eb6d-08d7c5ff26d1\/webobras@gmail.com\/True&amp;source=gmail&amp;ust=1759977672186000&amp;usg=AOvVaw01jY7kNCJJltDIKyAdJJxA\">https:\/\/youtu.be\/MsRHd2Ji-18<\/a><\/p>\n","protected":false},"excerpt":{"rendered":"<p>\u201cO Oceano virou uma verdadeira cloaca humana\u201d. A afirma\u00e7\u00e3o \u00e9 do te\u00f3logo e fil\u00f3sofo\u00a0Leonardo\u00a0Boff, pai da Teologia da Liberta\u00e7\u00e3o, e que desde jovem atua em v\u00e1rias frentes, em defesa dos pobres e oprimidos. A declara\u00e7\u00e3o foi feita em entrevista na Universidade Federal de Santa Catarina (UFSC), ap\u00f3s palestra esta semana no evento Planeta DOC, que [&hellip;]<\/p>\n","protected":false},"author":1,"featured_media":26166,"comment_status":"open","ping_status":"open","sticky":false,"template":"","format":"standard","meta":{"_uag_custom_page_level_css":"","footnotes":""},"categories":[37],"tags":[27148,27836,27835,27834],"class_list":["post-26165","post","type-post","status-publish","format-standard","has-post-thumbnail","hentry","category-sustentabilidade","tag-cop-30","tag-leonardo-boff","tag-oceanos-esgotos-humanos","tag-poluicao-dos-oceanos"],"blocksy_meta":[],"spectra_blocks_featured_image_url":{"thumbnail":{"url":"https:\/\/construcaocivil.siriusmarketingedesign.com.br\/wp-content\/uploads\/2025\/10\/unnamed-6-150x150.png","width":150,"height":150},"medium":{"url":"https:\/\/construcaocivil.siriusmarketingedesign.com.br\/wp-content\/uploads\/2025\/10\/unnamed-6-300x168.png","width":300,"height":168},"medium_large":{"url":"https:\/\/construcaocivil.siriusmarketingedesign.com.br\/wp-content\/uploads\/2025\/10\/unnamed-6-768x431.png","width":768,"height":431},"large":{"url":"https:\/\/construcaocivil.siriusmarketingedesign.com.br\/wp-content\/uploads\/2025\/10\/unnamed-6-1024x574.png","width":1024,"height":574},"full":{"url":"https:\/\/construcaocivil.siriusmarketingedesign.com.br\/wp-content\/uploads\/2025\/10\/unnamed-6.png","width":1366,"height":766}},"spectra_blocks_author_info":{"display_name":"Jornal da Constru\u00e7\u00e3o Civil","avatar_url":"https:\/\/secure.gravatar.com\/avatar\/973c9774fd44ddaceb026973c4962faa70fc512bc4c9da68e8ebb40fecee6540?s=96&d=mm&r=g","author_link":"https:\/\/construcaocivil.siriusmarketingedesign.com.br\/?author=1","description":"Desde de 2013, levando muitas informa\u00e7\u00f5es, lan\u00e7amentos e produtos de qualidade para toda cadeia produtiva da constru\u00e7\u00e3o. O Futuro da constru\u00e7\u00e3o passa por aqui,"},"uagb_featured_image_src":{"full":["https:\/\/construcaocivil.siriusmarketingedesign.com.br\/wp-content\/uploads\/2025\/10\/unnamed-6.png",1366,766,false],"thumbnail":["https:\/\/construcaocivil.siriusmarketingedesign.com.br\/wp-content\/uploads\/2025\/10\/unnamed-6-150x150.png",150,150,true],"medium":["https:\/\/construcaocivil.siriusmarketingedesign.com.br\/wp-content\/uploads\/2025\/10\/unnamed-6-300x168.png",300,168,true],"medium_large":["https:\/\/construcaocivil.siriusmarketingedesign.com.br\/wp-content\/uploads\/2025\/10\/unnamed-6-768x431.png",768,431,true],"large":["https:\/\/construcaocivil.siriusmarketingedesign.com.br\/wp-content\/uploads\/2025\/10\/unnamed-6-1024x574.png",1024,574,true],"1536x1536":["https:\/\/construcaocivil.siriusmarketingedesign.com.br\/wp-content\/uploads\/2025\/10\/unnamed-6.png",1366,766,false],"2048x2048":["https:\/\/construcaocivil.siriusmarketingedesign.com.br\/wp-content\/uploads\/2025\/10\/unnamed-6.png",1366,766,false]},"uagb_author_info":{"display_name":"Jornal da Constru\u00e7\u00e3o Civil","author_link":"https:\/\/construcaocivil.siriusmarketingedesign.com.br\/?author=1"},"uagb_comment_info":0,"uagb_excerpt":"\u201cO Oceano virou uma verdadeira cloaca humana\u201d. A afirma\u00e7\u00e3o \u00e9 do te\u00f3logo e fil\u00f3sofo\u00a0Leonardo\u00a0Boff, pai da Teologia da Liberta\u00e7\u00e3o, e que desde jovem atua em v\u00e1rias frentes, em defesa dos pobres e oprimidos. A declara\u00e7\u00e3o foi feita em entrevista na Universidade Federal de Santa Catarina (UFSC), ap\u00f3s palestra esta semana no evento Planeta DOC, que&hellip;","_links":{"self":[{"href":"https:\/\/construcaocivil.siriusmarketingedesign.com.br\/index.php?rest_route=\/wp\/v2\/posts\/26165","targetHints":{"allow":["GET"]}}],"collection":[{"href":"https:\/\/construcaocivil.siriusmarketingedesign.com.br\/index.php?rest_route=\/wp\/v2\/posts"}],"about":[{"href":"https:\/\/construcaocivil.siriusmarketingedesign.com.br\/index.php?rest_route=\/wp\/v2\/types\/post"}],"author":[{"embeddable":true,"href":"https:\/\/construcaocivil.siriusmarketingedesign.com.br\/index.php?rest_route=\/wp\/v2\/users\/1"}],"replies":[{"embeddable":true,"href":"https:\/\/construcaocivil.siriusmarketingedesign.com.br\/index.php?rest_route=%2Fwp%2Fv2%2Fcomments&post=26165"}],"version-history":[{"count":0,"href":"https:\/\/construcaocivil.siriusmarketingedesign.com.br\/index.php?rest_route=\/wp\/v2\/posts\/26165\/revisions"}],"wp:featuredmedia":[{"embeddable":true,"href":"https:\/\/construcaocivil.siriusmarketingedesign.com.br\/index.php?rest_route=\/wp\/v2\/media\/26166"}],"wp:attachment":[{"href":"https:\/\/construcaocivil.siriusmarketingedesign.com.br\/index.php?rest_route=%2Fwp%2Fv2%2Fmedia&parent=26165"}],"wp:term":[{"taxonomy":"category","embeddable":true,"href":"https:\/\/construcaocivil.siriusmarketingedesign.com.br\/index.php?rest_route=%2Fwp%2Fv2%2Fcategories&post=26165"},{"taxonomy":"post_tag","embeddable":true,"href":"https:\/\/construcaocivil.siriusmarketingedesign.com.br\/index.php?rest_route=%2Fwp%2Fv2%2Ftags&post=26165"}],"curies":[{"name":"wp","href":"https:\/\/api.w.org\/{rel}","templated":true}]}}