{"id":26196,"date":"2025-10-14T00:02:46","date_gmt":"2025-10-14T03:02:46","guid":{"rendered":"https:\/\/www.jornaldaconstrucaocivil.com.br\/?p=26196"},"modified":"2025-10-14T00:02:46","modified_gmt":"2025-10-14T03:02:46","slug":"projeto-para-o-centro-cultural-rio-africa-no-rio-conquista-ouro-no-iai-design-award-2025-na-asia","status":"publish","type":"post","link":"https:\/\/construcaocivil.siriusmarketingedesign.com.br\/?p=26196","title":{"rendered":"Projeto para o Centro Cultural Rio-\u00c1frica, no Rio, conquista Ouro no IAI Design Award 2025, na \u00c1sia"},"content":{"rendered":"<p style=\"text-align: justify;\"><i>Reconhecimento internacional valoriza a atua\u00e7\u00e3o do Est\u00fadio M\u00f3dulo e amplia a proje\u00e7\u00e3o global da arquitetura nacional<\/i><\/p>\n<p style=\"text-align: justify;\"><strong>S\u00e3o Paulo, Outubrode 2025\u00a0<\/strong>\u2013 O\u00a0<strong>Est\u00fadio M\u00f3dulo<\/strong>\u00a0conquistou o\u00a0<strong>Pr\u00eamio Ouro<\/strong>\u00a0na categoria<strong>\u00a0Arquitetura (Edif\u00edcio P\u00fablico)\u00a0<\/strong>no\u00a0<strong>IAI Design Award 2025<\/strong>, um dos principais reconhecimentos de arquitetura e design da \u00c1sia. O pr\u00eamio foi concedido ao\u00a0<strong>Centro Cultural Rio-\u00c1frica (CCRA)<\/strong>, projeto vencedor do concurso internacional promovido pela\u00a0<strong>Prefeitura do Rio de Janeiro<\/strong>\u00a0e pelo\u00a0<strong>IAB-RJ<\/strong>, atualmente em processo de desenvolvimento. Al\u00e9m da premia\u00e7\u00e3o, o\u00a0<strong>CCRA\u00a0<\/strong>tamb\u00e9m foi selecionado para a Exposi\u00e7\u00e3o Internacional de Obras Premiadas do IAI 2025, inaugurada em 9 de agosto, na China,<strong>\u00a0ao lado de trabalhos de destaque mundial, incluindo escrit\u00f3rios brasileiros como o Brasil Arquitetura<\/strong>.<\/p>\n<p style=\"text-align: justify;\">Organizado pela\u00a0<strong>Asia Pacific Designers Federation (APDF)<\/strong>, o\u00a0<strong>IAI Design Award<\/strong>\u00a0foi criado em 2006 e hoje se consolida como refer\u00eancia global em design e arquitetura. Ao longo de sua trajet\u00f3ria, expandiu-se para abranger \u00e1reas como interiores, paisagismo, moda, design de produto, ilumina\u00e7\u00e3o e intelig\u00eancia digital. A premia\u00e7\u00e3o ao\u00a0<strong>Est\u00fadio M\u00f3dulo\u00a0<\/strong>destaca a relev\u00e2ncia do\u00a0<strong>CCRA\u00a0<\/strong>como equipamento urbano estrat\u00e9gico para o Rio de Janeiro e refor\u00e7a a presen\u00e7a da arquitetura brasileira no cen\u00e1rio internacional.<\/p>\n<p style=\"text-align: justify;\">Implantado na regi\u00e3o da Pequena \u00c1frica, no centro do Rio de Janeiro, territ\u00f3rio marcado pela mem\u00f3ria da di\u00e1spora africana, o projeto prop\u00f5e um espa\u00e7o cultural aberto ao encontro, \u00e0 produ\u00e7\u00e3o art\u00edstica e \u00e0 conviv\u00eancia comunit\u00e1ria. Sua concep\u00e7\u00e3o arquitet\u00f4nica combina pilares de madeira e concreto, tijolos de barro e uma cobertura inspirada nos tecidos Kuba Showa, origin\u00e1rios do Congo, reinterpretando refer\u00eancias tradicionais em linguagem contempor\u00e2nea. O projeto\u00a0<strong>afirma-se como marco simb\u00f3lico de identidade e mem\u00f3ria.<\/strong><\/p>\n<p style=\"text-align: justify;\">O pr\u00eamio ser\u00e1 entregue no fim do ano, em cerim\u00f4nia que celebra alguns dos trabalhos mais relevantes da arquitetura contempor\u00e2nea.<\/p>\n<p style=\"text-align: justify;\">Al\u00e9m do reconhecimento cedido pelo\u00a0<strong>IAI Design Award 2025<\/strong>, o projeto venceu, em Outubro, o pr\u00eamio\u00a0<strong>Architecture Hunter Awards 2025<\/strong>, premia\u00e7\u00e3o internacional organizada pela plataforma internacional de arquitetura\u00a0<strong>Architecture Hunter<\/strong>, na categoria<strong>\u00a0Unbuilt &amp; Concepts \u2013 Commercial, Offices &amp; Institutional.<\/strong><\/p>\n<p style=\"text-align: justify;\">\n","protected":false},"excerpt":{"rendered":"<p>Reconhecimento internacional valoriza a atua\u00e7\u00e3o do Est\u00fadio M\u00f3dulo e amplia a proje\u00e7\u00e3o global da arquitetura nacional S\u00e3o Paulo, Outubrode 2025\u00a0\u2013 O\u00a0Est\u00fadio M\u00f3dulo\u00a0conquistou o\u00a0Pr\u00eamio Ouro\u00a0na categoria\u00a0Arquitetura (Edif\u00edcio P\u00fablico)\u00a0no\u00a0IAI Design Award 2025, um dos principais reconhecimentos de arquitetura e design da \u00c1sia. O pr\u00eamio foi concedido ao\u00a0Centro Cultural Rio-\u00c1frica (CCRA), projeto vencedor do concurso internacional promovido pela\u00a0Prefeitura [&hellip;]<\/p>\n","protected":false},"author":1,"featured_media":26197,"comment_status":"open","ping_status":"open","sticky":false,"template":"","format":"standard","meta":{"_uag_custom_page_level_css":"","footnotes":""},"categories":[28],"tags":[27844,27843,27846,27845,27842],"class_list":["post-26196","post","type-post","status-publish","format-standard","has-post-thumbnail","hentry","category-arquitetura","tag-asia-pacific-designers-federation-apdf","tag-centro-cultural-rio-africa","tag-estudio-modulo","tag-iai-design-award","tag-iai-design-award-2025"],"blocksy_meta":[],"spectra_blocks_featured_image_url":{"thumbnail":{"url":"https:\/\/construcaocivil.siriusmarketingedesign.com.br\/wp-content\/uploads\/2025\/10\/handler-8-150x150.png","width":150,"height":150},"medium":{"url":"https:\/\/construcaocivil.siriusmarketingedesign.com.br\/wp-content\/uploads\/2025\/10\/handler-8-300x200.png","width":300,"height":200},"medium_large":{"url":"https:\/\/construcaocivil.siriusmarketingedesign.com.br\/wp-content\/uploads\/2025\/10\/handler-8-768x512.png","width":768,"height":512},"large":{"url":"https:\/\/construcaocivil.siriusmarketingedesign.com.br\/wp-content\/uploads\/2025\/10\/handler-8.png","width":901,"height":601},"full":{"url":"https:\/\/construcaocivil.siriusmarketingedesign.com.br\/wp-content\/uploads\/2025\/10\/handler-8.png","width":901,"height":601}},"spectra_blocks_author_info":{"display_name":"Jornal da Constru\u00e7\u00e3o Civil","avatar_url":"https:\/\/secure.gravatar.com\/avatar\/973c9774fd44ddaceb026973c4962faa70fc512bc4c9da68e8ebb40fecee6540?s=96&d=mm&r=g","author_link":"https:\/\/construcaocivil.siriusmarketingedesign.com.br\/?author=1","description":"Desde de 2013, levando muitas informa\u00e7\u00f5es, lan\u00e7amentos e produtos de qualidade para toda cadeia produtiva da constru\u00e7\u00e3o. O Futuro da constru\u00e7\u00e3o passa por aqui,"},"uagb_featured_image_src":{"full":["https:\/\/construcaocivil.siriusmarketingedesign.com.br\/wp-content\/uploads\/2025\/10\/handler-8.png",901,601,false],"thumbnail":["https:\/\/construcaocivil.siriusmarketingedesign.com.br\/wp-content\/uploads\/2025\/10\/handler-8-150x150.png",150,150,true],"medium":["https:\/\/construcaocivil.siriusmarketingedesign.com.br\/wp-content\/uploads\/2025\/10\/handler-8-300x200.png",300,200,true],"medium_large":["https:\/\/construcaocivil.siriusmarketingedesign.com.br\/wp-content\/uploads\/2025\/10\/handler-8-768x512.png",768,512,true],"large":["https:\/\/construcaocivil.siriusmarketingedesign.com.br\/wp-content\/uploads\/2025\/10\/handler-8.png",901,601,false],"1536x1536":["https:\/\/construcaocivil.siriusmarketingedesign.com.br\/wp-content\/uploads\/2025\/10\/handler-8.png",901,601,false],"2048x2048":["https:\/\/construcaocivil.siriusmarketingedesign.com.br\/wp-content\/uploads\/2025\/10\/handler-8.png",901,601,false]},"uagb_author_info":{"display_name":"Jornal da Constru\u00e7\u00e3o Civil","author_link":"https:\/\/construcaocivil.siriusmarketingedesign.com.br\/?author=1"},"uagb_comment_info":0,"uagb_excerpt":"Reconhecimento internacional valoriza a atua\u00e7\u00e3o do Est\u00fadio M\u00f3dulo e amplia a proje\u00e7\u00e3o global da arquitetura nacional S\u00e3o Paulo, Outubrode 2025\u00a0\u2013 O\u00a0Est\u00fadio M\u00f3dulo\u00a0conquistou o\u00a0Pr\u00eamio Ouro\u00a0na categoria\u00a0Arquitetura (Edif\u00edcio P\u00fablico)\u00a0no\u00a0IAI Design Award 2025, um dos principais reconhecimentos de arquitetura e design da \u00c1sia. O pr\u00eamio foi concedido ao\u00a0Centro Cultural Rio-\u00c1frica (CCRA), projeto vencedor do concurso internacional promovido pela\u00a0Prefeitura&hellip;","_links":{"self":[{"href":"https:\/\/construcaocivil.siriusmarketingedesign.com.br\/index.php?rest_route=\/wp\/v2\/posts\/26196","targetHints":{"allow":["GET"]}}],"collection":[{"href":"https:\/\/construcaocivil.siriusmarketingedesign.com.br\/index.php?rest_route=\/wp\/v2\/posts"}],"about":[{"href":"https:\/\/construcaocivil.siriusmarketingedesign.com.br\/index.php?rest_route=\/wp\/v2\/types\/post"}],"author":[{"embeddable":true,"href":"https:\/\/construcaocivil.siriusmarketingedesign.com.br\/index.php?rest_route=\/wp\/v2\/users\/1"}],"replies":[{"embeddable":true,"href":"https:\/\/construcaocivil.siriusmarketingedesign.com.br\/index.php?rest_route=%2Fwp%2Fv2%2Fcomments&post=26196"}],"version-history":[{"count":0,"href":"https:\/\/construcaocivil.siriusmarketingedesign.com.br\/index.php?rest_route=\/wp\/v2\/posts\/26196\/revisions"}],"wp:featuredmedia":[{"embeddable":true,"href":"https:\/\/construcaocivil.siriusmarketingedesign.com.br\/index.php?rest_route=\/wp\/v2\/media\/26197"}],"wp:attachment":[{"href":"https:\/\/construcaocivil.siriusmarketingedesign.com.br\/index.php?rest_route=%2Fwp%2Fv2%2Fmedia&parent=26196"}],"wp:term":[{"taxonomy":"category","embeddable":true,"href":"https:\/\/construcaocivil.siriusmarketingedesign.com.br\/index.php?rest_route=%2Fwp%2Fv2%2Fcategories&post=26196"},{"taxonomy":"post_tag","embeddable":true,"href":"https:\/\/construcaocivil.siriusmarketingedesign.com.br\/index.php?rest_route=%2Fwp%2Fv2%2Ftags&post=26196"}],"curies":[{"name":"wp","href":"https:\/\/api.w.org\/{rel}","templated":true}]}}