{"id":2621,"date":"2016-07-14T19:48:09","date_gmt":"2016-07-14T19:48:09","guid":{"rendered":"http:\/\/www.jornaldaconstrucaocivil.com.br\/?p=2621"},"modified":"2016-07-14T19:48:09","modified_gmt":"2016-07-14T19:48:09","slug":"mpfpa-quer-cumprimento-de-sentenca-que-mandou-titular-quilombolas-do-alto-trombetas-2","status":"publish","type":"post","link":"https:\/\/construcaocivil.siriusmarketingedesign.com.br\/?p=2621","title":{"rendered":"MPF\/PA quer cumprimento de senten\u00e7a que mandou titular quilombolas do Alto Trombetas"},"content":{"rendered":"<p><span style=\"color: #000080;\"><strong>Senten\u00e7a deu prazo de 2 anos, a contar de abril de 2015, para titula\u00e7\u00e3o. Governo n\u00e3o conseguiu suspender a decis\u00e3o e precisa cumpri-la<\/strong><\/span><\/p>\n<p><span style=\"color: #000000;\"><span style=\"color: #ff0000;\">Bel\u00e9m, Par\u00e1, Julho, 2016<\/span> &#8211; O Minist\u00e9rio P\u00fablico Federal (MPF) enviou recomenda\u00e7\u00e3o ao Instituto Nacional de Coloniza\u00e7\u00e3o e Reforma Agr\u00e1ria (Incra), ao Instituto Chico Mendes de Conserva\u00e7\u00e3o da Biodiversidade (ICMBio), \u00e0 Funda\u00e7\u00e3o Cultural Palmares e \u00e0 C\u00e2mara de Concilia\u00e7\u00e3o e Arbitragem da Administra\u00e7\u00e3o Federal, para que d\u00eaem continuidade ao processo de titula\u00e7\u00e3o do Territ\u00f3rio Quilombola de Alto Trombetas, na regi\u00e3o da calha norte paraense.<\/span><\/p>\n<figure id=\"attachment_2622\" aria-describedby=\"caption-attachment-2622\" style=\"width: 291px\" class=\"wp-caption alignleft\"><a href=\"http:\/\/www.jornaldaconstrucaocivil.com.br\/wp-content\/uploads\/2016\/07\/MPF-PARA.jpg\"><img loading=\"lazy\" decoding=\"async\" class=\"wp-image-2622\" src=\"http:\/\/www.jornaldaconstrucaocivil.com.br\/wp-content\/uploads\/2016\/07\/MPF-PARA.jpg\" alt=\"MPF-PARA\" width=\"291\" height=\"218\" \/><\/a><figcaption id=\"caption-attachment-2622\" class=\"wp-caption-text\"><span style=\"color: #993300;\">Reserva Biol\u00f3gica do Trombetas se sobrep\u00f5e ao Territ\u00f3rio Quilombola do Trombetas e Justi\u00e7a ordenou \u00e0 Uni\u00e3o que garanta a titula\u00e7\u00e3o dos quilombolas. Foto: Ascom\/MPF-PA<\/span><\/figcaption><\/figure>\n<p>A titula\u00e7\u00e3o foi determinada em senten\u00e7a judicial em processo iniciado pelo MPF depois da demora de mais de 10 anos no procedimento de demarca\u00e7\u00e3o. O juiz federal \u00c9rico Freitas Pinheiro, da 2\u00aa Vara Federal de Santar\u00e9m, determinou o prazo de dois anos, a contar de abril de 2015, e arbitrou em R$ 90 mil a indeniza\u00e7\u00e3o por danos morais devida pelos \u00f3rg\u00e3os governamentais, a serem revertidos para o fundo de defesa dos direitos difusos, gerido pelo Minist\u00e9rio da Justi\u00e7a.<\/p>\n<p>O governo recorreu mas n\u00e3o conseguiu efeito suspensivo e portanto deve prosseguir com as medidas para cumprir a senten\u00e7a. Na recomenda\u00e7\u00e3o, a procuradora da Rep\u00fablica Fabiana Schneider oficializa \u00e0s autoridades que receberam a recomenda\u00e7\u00e3o \u201cque o descumprimento de decis\u00e3o judicial poder\u00e1 acarretar responsabilidade pessoal daqueles que permaneceram inertes em face da senten\u00e7a condenat\u00f3ria\u201d. Incra, Icmbio e a C\u00e2mara de Concilia\u00e7\u00e3o t\u00eam 30 dias para informar o MPF sobre o cumprimento da recomenda\u00e7\u00e3o.<\/p>\n<p>O processo de titula\u00e7\u00e3o do Territ\u00f3rio Quilombola do Alto Trombetas se iniciou em 2004, mas apenas em 2011 foi conclu\u00eddo o relat\u00f3rio de delimita\u00e7\u00e3o, que n\u00e3o chegou a ser publicado. Desde ent\u00e3o, n\u00e3o houve nenhum avan\u00e7o. A \u00e1rea quilombola est\u00e1 sobreposta a duas unidades de conserva\u00e7\u00e3o, a Floresta Nacional Sarac\u00e1-Taquera e a Reserva Biol\u00f3gica do Trombetas, e o conflito foi parar na C\u00e2mara de Concilia\u00e7\u00e3o e Arbitragem da Administra\u00e7\u00e3o Federal (CCAF).<\/p>\n<p>Para o MPF\/PA, a regi\u00e3o onde os quilombolas moram, ca\u00e7am, pescam, plantam e coletam deve ser retirada das unidades de conserva\u00e7\u00e3o para garantir a perman\u00eancia das comunidades. A solu\u00e7\u00e3o estava em debate na administra\u00e7\u00e3o federal, mas a concilia\u00e7\u00e3o parou em agosto de 2014 na consultoria jur\u00eddica do Minist\u00e9rio do Meio Ambiente, que deveria se manifestar sobre o assunto mas at\u00e9 agora n\u00e3o o fez.<\/p>\n<p>Para o juiz, a demora em resolver as pend\u00eancias e demarcar o territ\u00f3rio permite concluir que h\u00e1 \u201comiss\u00e3o devidamente caracterizada, pois h\u00e1 um ano n\u00e3o ocorre qualquer outra reuni\u00e3o para ultima\u00e7\u00e3o das tratativas conciliat\u00f3rias, no aguardo de pronunciamento do minist\u00e9rio, que at\u00e9 agora permanece inerte, aliado ao fato de que o procedimento de concilia\u00e7\u00e3o vem sendo realizado h\u00e1 consider\u00e1vel tempo, sem que uma solu\u00e7\u00e3o satisfat\u00f3ria tenha sido encontrada at\u00e9 o momento\u201d.<\/p>\n<p><span style=\"color: #003366;\">Fonte:\u00a0Minist\u00e9rio P\u00fablico Federal no Par\u00e1 \/\u00a0Assessoria de Comunica\u00e7\u00e3o<\/span><\/p>\n","protected":false},"excerpt":{"rendered":"<p>Senten\u00e7a deu prazo de 2 anos, a contar de abril de 2015, para titula\u00e7\u00e3o. Governo n\u00e3o conseguiu suspender a decis\u00e3o e precisa cumpri-la Bel\u00e9m, Par\u00e1, Julho, 2016 &#8211; O Minist\u00e9rio P\u00fablico Federal (MPF) enviou recomenda\u00e7\u00e3o ao Instituto Nacional de Coloniza\u00e7\u00e3o e Reforma Agr\u00e1ria (Incra), ao Instituto Chico Mendes de Conserva\u00e7\u00e3o da Biodiversidade (ICMBio), \u00e0 Funda\u00e7\u00e3o [&hellip;]<\/p>\n","protected":false},"author":1,"featured_media":2622,"comment_status":"open","ping_status":"open","sticky":false,"template":"","format":"standard","meta":{"_uag_custom_page_level_css":"","footnotes":""},"categories":[27],"tags":[1712,5130,5270,5990,6210,7718,7739,11731],"class_list":["post-2621","post","type-post","status-publish","format-standard","has-post-thumbnail","hentry","category-acontece","tag-camara-de-conciliacao-e-arbitragem-da-administracao-federal","tag-floresta-nacional-saraca-taquera","tag-fundacao-cultural-palmares","tag-incra","tag-instituto-chico-mendes-de-conservacao-da-biodiversidade-icmbio","tag-ministerio-do-meio-ambiente","tag-ministerio-publico-federal-do-para","tag-territorio-quilombola-do-alto-trombetas"],"blocksy_meta":[],"spectra_blocks_featured_image_url":[],"spectra_blocks_author_info":{"display_name":"Jornal da Constru\u00e7\u00e3o Civil","avatar_url":"https:\/\/secure.gravatar.com\/avatar\/973c9774fd44ddaceb026973c4962faa70fc512bc4c9da68e8ebb40fecee6540?s=96&d=mm&r=g","author_link":"https:\/\/construcaocivil.siriusmarketingedesign.com.br\/?author=1","description":"Desde de 2013, levando muitas informa\u00e7\u00f5es, lan\u00e7amentos e produtos de qualidade para toda cadeia produtiva da constru\u00e7\u00e3o. O Futuro da constru\u00e7\u00e3o passa por aqui,"},"uagb_featured_image_src":{"full":false,"thumbnail":false,"medium":false,"medium_large":false,"large":false,"1536x1536":false,"2048x2048":false},"uagb_author_info":{"display_name":"Jornal da Constru\u00e7\u00e3o Civil","author_link":"https:\/\/construcaocivil.siriusmarketingedesign.com.br\/?author=1"},"uagb_comment_info":0,"uagb_excerpt":"Senten\u00e7a deu prazo de 2 anos, a contar de abril de 2015, para titula\u00e7\u00e3o. Governo n\u00e3o conseguiu suspender a decis\u00e3o e precisa cumpri-la Bel\u00e9m, Par\u00e1, Julho, 2016 &#8211; O Minist\u00e9rio P\u00fablico Federal (MPF) enviou recomenda\u00e7\u00e3o ao Instituto Nacional de Coloniza\u00e7\u00e3o e Reforma Agr\u00e1ria (Incra), ao Instituto Chico Mendes de Conserva\u00e7\u00e3o da Biodiversidade (ICMBio), \u00e0 Funda\u00e7\u00e3o&hellip;","_links":{"self":[{"href":"https:\/\/construcaocivil.siriusmarketingedesign.com.br\/index.php?rest_route=\/wp\/v2\/posts\/2621","targetHints":{"allow":["GET"]}}],"collection":[{"href":"https:\/\/construcaocivil.siriusmarketingedesign.com.br\/index.php?rest_route=\/wp\/v2\/posts"}],"about":[{"href":"https:\/\/construcaocivil.siriusmarketingedesign.com.br\/index.php?rest_route=\/wp\/v2\/types\/post"}],"author":[{"embeddable":true,"href":"https:\/\/construcaocivil.siriusmarketingedesign.com.br\/index.php?rest_route=\/wp\/v2\/users\/1"}],"replies":[{"embeddable":true,"href":"https:\/\/construcaocivil.siriusmarketingedesign.com.br\/index.php?rest_route=%2Fwp%2Fv2%2Fcomments&post=2621"}],"version-history":[{"count":0,"href":"https:\/\/construcaocivil.siriusmarketingedesign.com.br\/index.php?rest_route=\/wp\/v2\/posts\/2621\/revisions"}],"wp:attachment":[{"href":"https:\/\/construcaocivil.siriusmarketingedesign.com.br\/index.php?rest_route=%2Fwp%2Fv2%2Fmedia&parent=2621"}],"wp:term":[{"taxonomy":"category","embeddable":true,"href":"https:\/\/construcaocivil.siriusmarketingedesign.com.br\/index.php?rest_route=%2Fwp%2Fv2%2Fcategories&post=2621"},{"taxonomy":"post_tag","embeddable":true,"href":"https:\/\/construcaocivil.siriusmarketingedesign.com.br\/index.php?rest_route=%2Fwp%2Fv2%2Ftags&post=2621"}],"curies":[{"name":"wp","href":"https:\/\/api.w.org\/{rel}","templated":true}]}}