{"id":26217,"date":"2025-10-15T19:33:29","date_gmt":"2025-10-15T22:33:29","guid":{"rendered":"https:\/\/www.jornaldaconstrucaocivil.com.br\/?p=26217"},"modified":"2025-10-15T19:33:29","modified_gmt":"2025-10-15T22:33:29","slug":"tjrj-anuncia-edital-de-migracao-para-o-mercado-livre-de-energia","status":"publish","type":"post","link":"https:\/\/construcaocivil.siriusmarketingedesign.com.br\/?p=26217","title":{"rendered":"TJRJ anuncia edital de migra\u00e7\u00e3o para o Mercado Livre de Energia"},"content":{"rendered":"<div>O presidente do Tribunal de Justi\u00e7a do Estado do Rio de Janeiro (TJRJ), desembargador Ricardo Couto de Castro, anunciou na manh\u00e3 desta quarta-feira, 15 de outubro, durante a abertura do evento \u201cAlternativas Sustent\u00e1veis: consumo consciente\u201d, no t\u00e9rreo do F\u00f3rum Central, na L\u00e2mina I, a publica\u00e7\u00e3o do edital de licita\u00e7\u00e3o da compra de energia no Mercado Livre. A iniciativa faz parte de uma perspectiva de mudan\u00e7a estrat\u00e9gica feita pelo Tribunal atrav\u00e9s da Secretaria-Geral de Sustentabilidade e Responsabilidade Social (SGSUS), que vai resultar em diversas vantagens &#8211; como a economia expressiva de recursos financeiros, a possibilidade de escolha da fonte contratada, a maior liberdade e autonomia na negocia\u00e7\u00e3o de pre\u00e7os e condi\u00e7\u00f5es de fornecimento da energia el\u00e9trica.<\/div>\n<div><\/div>\n<div>\u201cO dia de hoje \u00e9 um marco dentro da ideia de sustentabilidade. N\u00f3s estamos abrindo uma licita\u00e7\u00e3o para migrar para o Mercado Livre de Energia com o objetivo de trazer mais energia limpa para o Tribunal e mais economia. Dentro do que estudamos, h\u00e1 uma perspectiva de reduzirmos em 30% o nosso gasto anual. Isso representar\u00e1, em 5 anos, uma economia de mais de R$ 100 milh\u00f5es. Esse total poder\u00e1 ser destinado para outras atividades afins dentro de um campo prestacional da jurisdi\u00e7\u00e3o. Hoje \u00e9 um dia simb\u00f3lico dentro desta vis\u00e3o de sustentabilidade e vida em prol da ecologia\u201d, destacou o presidente do TJ.<\/div>\n<div><\/div>\n<div>O conjunto de a\u00e7\u00f5es abrange energia renov\u00e1vel, efici\u00eancia energ\u00e9tica, consumo sustent\u00e1vel de \u00e1gua, transporte, contrata\u00e7\u00f5es e gest\u00e3o de res\u00edduos. O presidente da Comiss\u00e3o de Sustentabilidade (Cosus), desembargador Elton Leme, considera que a iniciativa evidencia que o TJRJ est\u00e1 avan\u00e7ando de forma consistente em sua jornada de descarboniza\u00e7\u00e3o.<\/div>\n<div><\/div>\n<div>\u201cA partir da orienta\u00e7\u00e3o do presidente vamos adotar posturas concretas que externalizem essa consci\u00eancia que j\u00e1 temos de sustentabilidade. A ado\u00e7\u00e3o de energia renov\u00e1vel reduz quase totalmente as emiss\u00f5es de gases de efeito estufa relacionadas ao consumo de eletricidade. Mais do que uma medida de efici\u00eancia, a migra\u00e7\u00e3o para o mercado livre de energia representa um exemplo de responsabilidade ambiental e econ\u00f4mica, reafirmando o papel do TJRJ como refer\u00eancia entre os \u00f3rg\u00e3os p\u00fablicos na ado\u00e7\u00e3o de pr\u00e1ticas sustent\u00e1veis e inovadoras\u201d, explicou o desembargador.<\/div>\n<div><\/div>\n<div>Durante o evento, o presidente visitou a exposi\u00e7\u00e3o na parte externa, que exemplifica solu\u00e7\u00f5es pr\u00e1ticas e acess\u00edveis para o dia a dia, incluindo demonstra\u00e7\u00f5es de bicicletas e ve\u00edculos el\u00e9tricos, compostagem dom\u00e9stica e corporativa, gera\u00e7\u00e3o de energia solar fotovoltaica e outras iniciativas voltadas \u00e0 preserva\u00e7\u00e3o ambiental.<\/div>\n<div>\n<div>A iniciativa integra o compromisso do TJRJ com o Programa Justi\u00e7a Carbono Zero, do Conselho Nacional de Justi\u00e7a (CNJ), e est\u00e1 alinhado aos Objetivos de Desenvolvimento Sustent\u00e1vel (ODS), com a meta de neutralidade clim\u00e1tica da Agenda 2030 das Organiza\u00e7\u00f5es das Na\u00e7\u00f5es Unidas (ONU), especialmente a Energia Limpa e Acess\u00edvel, 11 (Cidades e Comunidades Sustent\u00e1veis), 12 (Consumo e Produ\u00e7\u00e3o Respons\u00e1veis) e 13 (A\u00e7\u00e3o Contra a Mudan\u00e7a Global do Clima).<\/div>\n<div><\/div>\n<div>A ju\u00edza auxiliar da presid\u00eancia Paula Feteira Soares e o secret\u00e1rio-geral da SGSUS, Carlos Eduardo Menezes da Costa, marcaram presen\u00e7a, al\u00e9m de servidores, colaboradores e convidados.<\/div>\n<div><\/div>\n<div>O evento &#8220;Alternativas Sustent\u00e1veis: consumo consciente\u201d vai acontecer at\u00e9 esta quinta-feira, dia 16 de outubro, das 10h \u00e0s 17h, no t\u00e9rreo da L\u00e2mina I do F\u00f3rum Central, localizado na Rua Dom Manuel, s\/n).<\/div>\n<\/div>\n","protected":false},"excerpt":{"rendered":"<p>O presidente do Tribunal de Justi\u00e7a do Estado do Rio de Janeiro (TJRJ), desembargador Ricardo Couto de Castro, anunciou na manh\u00e3 desta quarta-feira, 15 de outubro, durante a abertura do evento \u201cAlternativas Sustent\u00e1veis: consumo consciente\u201d, no t\u00e9rreo do F\u00f3rum Central, na L\u00e2mina I, a publica\u00e7\u00e3o do edital de licita\u00e7\u00e3o da compra de energia no Mercado [&hellip;]<\/p>\n","protected":false},"author":1,"featured_media":26218,"comment_status":"open","ping_status":"open","sticky":false,"template":"","format":"standard","meta":{"_uag_custom_page_level_css":"","footnotes":""},"categories":[29],"tags":[4305,7581,27856],"class_list":["post-26217","post","type-post","status-publish","format-standard","has-post-thumbnail","hentry","category-energia","tag-energia-limpa","tag-mercado-livre-de-energia","tag-yj-rj"],"blocksy_meta":[],"spectra_blocks_featured_image_url":{"thumbnail":{"url":"https:\/\/construcaocivil.siriusmarketingedesign.com.br\/wp-content\/uploads\/2025\/10\/Evento-de-Sustentabilidade-15-10-2025-Fotos-FELIPE-CAVALCANTI-12-OK-150x150.jpg","width":150,"height":150},"medium":{"url":"https:\/\/construcaocivil.siriusmarketingedesign.com.br\/wp-content\/uploads\/2025\/10\/Evento-de-Sustentabilidade-15-10-2025-Fotos-FELIPE-CAVALCANTI-12-OK-300x200.jpg","width":300,"height":200},"medium_large":{"url":"https:\/\/construcaocivil.siriusmarketingedesign.com.br\/wp-content\/uploads\/2025\/10\/Evento-de-Sustentabilidade-15-10-2025-Fotos-FELIPE-CAVALCANTI-12-OK-768x512.jpg","width":768,"height":512},"large":{"url":"https:\/\/construcaocivil.siriusmarketingedesign.com.br\/wp-content\/uploads\/2025\/10\/Evento-de-Sustentabilidade-15-10-2025-Fotos-FELIPE-CAVALCANTI-12-OK-1024x682.jpg","width":1024,"height":682},"full":{"url":"https:\/\/construcaocivil.siriusmarketingedesign.com.br\/wp-content\/uploads\/2025\/10\/Evento-de-Sustentabilidade-15-10-2025-Fotos-FELIPE-CAVALCANTI-12-OK.jpg","width":2015,"height":1343}},"spectra_blocks_author_info":{"display_name":"Jornal da Constru\u00e7\u00e3o Civil","avatar_url":"https:\/\/secure.gravatar.com\/avatar\/973c9774fd44ddaceb026973c4962faa70fc512bc4c9da68e8ebb40fecee6540?s=96&d=mm&r=g","author_link":"https:\/\/construcaocivil.siriusmarketingedesign.com.br\/?author=1","description":"Desde de 2013, levando muitas informa\u00e7\u00f5es, lan\u00e7amentos e produtos de qualidade para toda cadeia produtiva da constru\u00e7\u00e3o. O Futuro da constru\u00e7\u00e3o passa por aqui,"},"uagb_featured_image_src":{"full":["https:\/\/construcaocivil.siriusmarketingedesign.com.br\/wp-content\/uploads\/2025\/10\/Evento-de-Sustentabilidade-15-10-2025-Fotos-FELIPE-CAVALCANTI-12-OK.jpg",2015,1343,false],"thumbnail":["https:\/\/construcaocivil.siriusmarketingedesign.com.br\/wp-content\/uploads\/2025\/10\/Evento-de-Sustentabilidade-15-10-2025-Fotos-FELIPE-CAVALCANTI-12-OK-150x150.jpg",150,150,true],"medium":["https:\/\/construcaocivil.siriusmarketingedesign.com.br\/wp-content\/uploads\/2025\/10\/Evento-de-Sustentabilidade-15-10-2025-Fotos-FELIPE-CAVALCANTI-12-OK-300x200.jpg",300,200,true],"medium_large":["https:\/\/construcaocivil.siriusmarketingedesign.com.br\/wp-content\/uploads\/2025\/10\/Evento-de-Sustentabilidade-15-10-2025-Fotos-FELIPE-CAVALCANTI-12-OK-768x512.jpg",768,512,true],"large":["https:\/\/construcaocivil.siriusmarketingedesign.com.br\/wp-content\/uploads\/2025\/10\/Evento-de-Sustentabilidade-15-10-2025-Fotos-FELIPE-CAVALCANTI-12-OK-1024x682.jpg",1024,682,true],"1536x1536":["https:\/\/construcaocivil.siriusmarketingedesign.com.br\/wp-content\/uploads\/2025\/10\/Evento-de-Sustentabilidade-15-10-2025-Fotos-FELIPE-CAVALCANTI-12-OK-1536x1024.jpg",1536,1024,true],"2048x2048":["https:\/\/construcaocivil.siriusmarketingedesign.com.br\/wp-content\/uploads\/2025\/10\/Evento-de-Sustentabilidade-15-10-2025-Fotos-FELIPE-CAVALCANTI-12-OK.jpg",2015,1343,false]},"uagb_author_info":{"display_name":"Jornal da Constru\u00e7\u00e3o Civil","author_link":"https:\/\/construcaocivil.siriusmarketingedesign.com.br\/?author=1"},"uagb_comment_info":0,"uagb_excerpt":"O presidente do Tribunal de Justi\u00e7a do Estado do Rio de Janeiro (TJRJ), desembargador Ricardo Couto de Castro, anunciou na manh\u00e3 desta quarta-feira, 15 de outubro, durante a abertura do evento \u201cAlternativas Sustent\u00e1veis: consumo consciente\u201d, no t\u00e9rreo do F\u00f3rum Central, na L\u00e2mina I, a publica\u00e7\u00e3o do edital de licita\u00e7\u00e3o da compra de energia no Mercado&hellip;","_links":{"self":[{"href":"https:\/\/construcaocivil.siriusmarketingedesign.com.br\/index.php?rest_route=\/wp\/v2\/posts\/26217","targetHints":{"allow":["GET"]}}],"collection":[{"href":"https:\/\/construcaocivil.siriusmarketingedesign.com.br\/index.php?rest_route=\/wp\/v2\/posts"}],"about":[{"href":"https:\/\/construcaocivil.siriusmarketingedesign.com.br\/index.php?rest_route=\/wp\/v2\/types\/post"}],"author":[{"embeddable":true,"href":"https:\/\/construcaocivil.siriusmarketingedesign.com.br\/index.php?rest_route=\/wp\/v2\/users\/1"}],"replies":[{"embeddable":true,"href":"https:\/\/construcaocivil.siriusmarketingedesign.com.br\/index.php?rest_route=%2Fwp%2Fv2%2Fcomments&post=26217"}],"version-history":[{"count":0,"href":"https:\/\/construcaocivil.siriusmarketingedesign.com.br\/index.php?rest_route=\/wp\/v2\/posts\/26217\/revisions"}],"wp:featuredmedia":[{"embeddable":true,"href":"https:\/\/construcaocivil.siriusmarketingedesign.com.br\/index.php?rest_route=\/wp\/v2\/media\/26218"}],"wp:attachment":[{"href":"https:\/\/construcaocivil.siriusmarketingedesign.com.br\/index.php?rest_route=%2Fwp%2Fv2%2Fmedia&parent=26217"}],"wp:term":[{"taxonomy":"category","embeddable":true,"href":"https:\/\/construcaocivil.siriusmarketingedesign.com.br\/index.php?rest_route=%2Fwp%2Fv2%2Fcategories&post=26217"},{"taxonomy":"post_tag","embeddable":true,"href":"https:\/\/construcaocivil.siriusmarketingedesign.com.br\/index.php?rest_route=%2Fwp%2Fv2%2Ftags&post=26217"}],"curies":[{"name":"wp","href":"https:\/\/api.w.org\/{rel}","templated":true}]}}