{"id":26228,"date":"2025-10-19T00:02:37","date_gmt":"2025-10-19T03:02:37","guid":{"rendered":"https:\/\/www.jornaldaconstrucaocivil.com.br\/?p=26228"},"modified":"2025-10-19T00:02:37","modified_gmt":"2025-10-19T03:02:37","slug":"talentos-da-arquitetura-63a-premiacao-iab-rj-2025-segue-com-inscricoes-ate-26-10","status":"publish","type":"post","link":"https:\/\/construcaocivil.siriusmarketingedesign.com.br\/?p=26228","title":{"rendered":"Talentos da Arquitetura: 63\u00aa Premia\u00e7\u00e3o IAB RJ 2025, segue com inscri\u00e7\u00f5es at\u00e9 26\/10"},"content":{"rendered":"<div class=\"elementor-element elementor-element-a42194e elementor-widget elementor-widget-theme-post-excerpt\" style=\"text-align: justify;\" data-id=\"a42194e\" data-element_type=\"widget\" data-widget_type=\"theme-post-excerpt.default\">As inscri\u00e7\u00f5es para 63\u00aa Premia\u00e7\u00e3o IAB RJ 2025 est\u00e3o abertas, e o prazo se encerra no dia 26 de outubro. Associados em dia com o IAB t\u00eam gratuidade para o primeiro trabalho inscrito. A partir do segundo, a taxa \u00e9 de R$ 105. O registro deve ser feito atrav\u00e9s de formul\u00e1rio virtual dispon\u00edvel no site do Departamento.<\/div>\n<div class=\"elementor-element elementor-element-68e0dd6 elementor-widget elementor-widget-theme-post-content\" data-id=\"68e0dd6\" data-element_type=\"widget\" data-widget_type=\"theme-post-content.default\">\n<p>&nbsp;<\/p>\n<p style=\"text-align: justify;\">A premia\u00e7\u00e3o, que integra o calend\u00e1rio da Premia\u00e7\u00e3o Nacional do IAB, est\u00e1 organizada em seis eixos \u2013 Edifica\u00e7\u00f5es; Arquitetura de Interiores e Design; Urbanismo, Arquitetura da Paisagem, Planejamento e Cidades; Cultura Arquitet\u00f4nica; Pr\u00e1ticas Pedag\u00f3gicas; e Fotografia de Arquitetura \u2013 a premia\u00e7\u00e3o contempla 22 categorias.<\/p>\n<p style=\"text-align: justify;\"><a href=\"https:\/\/iabrj.org.br\/premiacao-iab-rj\/\" data-type=\"link\" data-id=\"https:\/\/iabrj.org.br\/premiacao-iab-rj\/\">Clique aqui para acessar as bases da premia\u00e7\u00e3o e inscri\u00e7\u00e3o<\/a><\/p>\n<p style=\"text-align: justify;\">Entre as novidades desta edi\u00e7\u00e3o est\u00e1 o eixo Fotografia de Arquitetura, aberto aos associados de qualquer Departamento do IAB, aos integrantes do CONAFARQ e \u00e0queles que optarem pela ades\u00e3o ao IAB RJ por meio da modalidade \u201cAmigos do IAB RJ\u201d, aberta ao p\u00fablico em geral, inclusive n\u00e3o arquitetos.<\/p>\n<p style=\"text-align: justify;\">Podem participar profissionais regularmente vinculados ao IAB, associados a um dos Departamentos Estaduais ou ao Departamento Distrital. Arquitetos e urbanistas interessados em se associar ao IAB RJ podem faz\u00ea-lo pela plataforma Sympla. O Departamento tamb\u00e9m oferece condi\u00e7\u00f5es especiais para associa\u00e7\u00f5es coletivas, mediante contato pelo e-mail\u00a0<a href=\"mailto:secretaria@iabrj.org.br\">secretaria@iabrj.org.br<\/a>\u00a0com o assunto \u201cAssocia\u00e7\u00e3o em Grupo\u201d.<\/p>\n<p style=\"text-align: justify;\">Para a presidente do IAB RJ, Marcela Abla, a tradi\u00e7\u00e3o da premia\u00e7\u00e3o refor\u00e7a o papel hist\u00f3rico da entidade: \u201cDesde 1963, o IAB RJ realiza sua premia\u00e7\u00e3o de forma ininterrupta, consolidando um espa\u00e7o de reconhecimento e reflex\u00e3o cr\u00edtica sobre a arquitetura e o urbanismo. \u00c9 um momento de celebrar o talento, a pesquisa e o compromisso social que marcam nossa profiss\u00e3o\u201d.<\/p>\n<p style=\"text-align: justify;\">O coordenador-geral da 63\u00aa edi\u00e7\u00e3o, J\u00falio Cesar Moreira Cruz J\u00fanior, faz um chamado \u00e0 categoria: \u201cConvidamos todas e todos arquitetos e urbanistas do Rio de Janeiro a participar. Este \u00e9 um instrumento fundamental para promover e valorizar a produ\u00e7\u00e3o arquitet\u00f4nica e intelectual fluminense, ampliando seu alcance e visibilidade\u201d.<\/p>\n<p style=\"text-align: justify;\">Os vencedores ser\u00e3o anunciados em 11 de dezembro, durante a Festa Anual em comemora\u00e7\u00e3o ao Dia Nacional do Arquiteto e Urbanista, na sede do IAB RJ, no Flamengo. O edital completo e outras informa\u00e7\u00f5es est\u00e3o dispon\u00edveis no site e nas redes sociais do IAB RJ.<\/p>\n<h2 class=\"wp-block-heading\" style=\"text-align: justify;\">Premia\u00e7\u00e3o Nacional do IAB 2025<\/h2>\n<p style=\"text-align: justify;\">A Premia\u00e7\u00e3o Nacional do IAB reafirma seu compromisso com a valoriza\u00e7\u00e3o da produ\u00e7\u00e3o intelectual, cr\u00edtica e profissional das arquitetas, arquitetos e urbanistas de todo o pa\u00eds, promovendo o reconhecimento da excel\u00eancia, o debate p\u00fablico e a constru\u00e7\u00e3o de narrativas coletivas.<\/p>\n<p style=\"text-align: justify;\">Ao destacar a diversidade de pr\u00e1ticas, linguagens e territ\u00f3rios, a edi\u00e7\u00e3o de 2025 prop\u00f5e uma reflex\u00e3o cr\u00edtica transversal, incentivando solu\u00e7\u00f5es inovadoras, sustent\u00e1veis e comprometidas com a resili\u00eancia, a equidade e a responsabilidade coletiva frente ao futuro urbano e ambiental brasileiro.<\/p>\n<p style=\"text-align: justify;\">A Premia\u00e7\u00e3o Nacional do IAB ser\u00e1 organizada em duas etapas complementares:<\/p>\n<p style=\"text-align: justify;\">\u00a0I. Etapa Departamental: sob responsabilidade dos Departamentos Estaduais e do Departamento Distrital do IAB, regulamentada por editais pr\u00f3prios e julgada por comiss\u00f5es julgadoras departamentais.<\/p>\n<p style=\"text-align: justify;\">II. Etapa Nacional: sob coordena\u00e7\u00e3o da Comiss\u00e3o Organizadora Nacional, respons\u00e1vel por conduzir a avalia\u00e7\u00e3o dos trabalhos laureados nas etapas locais.<\/p>\n<p style=\"text-align: justify;\">\u00a0Os trabalhos premiados nos EIXOS I, II, III, IV e V da 63\u00aa Premia\u00e7\u00e3o IAB RJ estar\u00e3o automaticamente habilitados para participa\u00e7\u00e3o na Etapa Nacional, sem necessidade de nova inscri\u00e7\u00e3o ou revalida\u00e7\u00e3o documental, sendo diretamente encaminhados pela Comiss\u00e3o Organizadora do IAB RJ \u00e0 Comiss\u00e3o Organizadora Nacional.<\/p>\n<\/div>\n","protected":false},"excerpt":{"rendered":"<p>As inscri\u00e7\u00f5es para 63\u00aa Premia\u00e7\u00e3o IAB RJ 2025 est\u00e3o abertas, e o prazo se encerra no dia 26 de outubro. Associados em dia com o IAB t\u00eam gratuidade para o primeiro trabalho inscrito. A partir do segundo, a taxa \u00e9 de R$ 105. O registro deve ser feito atrav\u00e9s de formul\u00e1rio virtual dispon\u00edvel no site [&hellip;]<\/p>\n","protected":false},"author":1,"featured_media":26229,"comment_status":"open","ping_status":"open","sticky":false,"template":"","format":"standard","meta":{"_uag_custom_page_level_css":"","footnotes":""},"categories":[28],"tags":[911,3919,5835,27864],"class_list":["post-26228","post","type-post","status-publish","format-standard","has-post-thumbnail","hentry","category-arquitetura","tag-arquitetura","tag-edificacoes","tag-iab-rj","tag-talentos-da-arquitetura"],"blocksy_meta":[],"spectra_blocks_featured_image_url":{"thumbnail":{"url":"https:\/\/construcaocivil.siriusmarketingedesign.com.br\/wp-content\/uploads\/2025\/10\/Card-63-premiacao-anual-150x150.jpg","width":150,"height":150},"medium":{"url":"https:\/\/construcaocivil.siriusmarketingedesign.com.br\/wp-content\/uploads\/2025\/10\/Card-63-premiacao-anual-239x300.jpg","width":239,"height":300},"medium_large":{"url":"https:\/\/construcaocivil.siriusmarketingedesign.com.br\/wp-content\/uploads\/2025\/10\/Card-63-premiacao-anual-768x963.jpg","width":768,"height":963},"large":{"url":"https:\/\/construcaocivil.siriusmarketingedesign.com.br\/wp-content\/uploads\/2025\/10\/Card-63-premiacao-anual-817x1024.jpg","width":817,"height":1024},"full":{"url":"https:\/\/construcaocivil.siriusmarketingedesign.com.br\/wp-content\/uploads\/2025\/10\/Card-63-premiacao-anual.jpg","width":1080,"height":1354}},"spectra_blocks_author_info":{"display_name":"Jornal da Constru\u00e7\u00e3o Civil","avatar_url":"https:\/\/secure.gravatar.com\/avatar\/973c9774fd44ddaceb026973c4962faa70fc512bc4c9da68e8ebb40fecee6540?s=96&d=mm&r=g","author_link":"https:\/\/construcaocivil.siriusmarketingedesign.com.br\/?author=1","description":"Desde de 2013, levando muitas informa\u00e7\u00f5es, lan\u00e7amentos e produtos de qualidade para toda cadeia produtiva da constru\u00e7\u00e3o. O Futuro da constru\u00e7\u00e3o passa por aqui,"},"uagb_featured_image_src":{"full":["https:\/\/construcaocivil.siriusmarketingedesign.com.br\/wp-content\/uploads\/2025\/10\/Card-63-premiacao-anual.jpg",1080,1354,false],"thumbnail":["https:\/\/construcaocivil.siriusmarketingedesign.com.br\/wp-content\/uploads\/2025\/10\/Card-63-premiacao-anual-150x150.jpg",150,150,true],"medium":["https:\/\/construcaocivil.siriusmarketingedesign.com.br\/wp-content\/uploads\/2025\/10\/Card-63-premiacao-anual-239x300.jpg",239,300,true],"medium_large":["https:\/\/construcaocivil.siriusmarketingedesign.com.br\/wp-content\/uploads\/2025\/10\/Card-63-premiacao-anual-768x963.jpg",768,963,true],"large":["https:\/\/construcaocivil.siriusmarketingedesign.com.br\/wp-content\/uploads\/2025\/10\/Card-63-premiacao-anual-817x1024.jpg",817,1024,true],"1536x1536":["https:\/\/construcaocivil.siriusmarketingedesign.com.br\/wp-content\/uploads\/2025\/10\/Card-63-premiacao-anual.jpg",1080,1354,false],"2048x2048":["https:\/\/construcaocivil.siriusmarketingedesign.com.br\/wp-content\/uploads\/2025\/10\/Card-63-premiacao-anual.jpg",1080,1354,false]},"uagb_author_info":{"display_name":"Jornal da Constru\u00e7\u00e3o Civil","author_link":"https:\/\/construcaocivil.siriusmarketingedesign.com.br\/?author=1"},"uagb_comment_info":0,"uagb_excerpt":"As inscri\u00e7\u00f5es para 63\u00aa Premia\u00e7\u00e3o IAB RJ 2025 est\u00e3o abertas, e o prazo se encerra no dia 26 de outubro. Associados em dia com o IAB t\u00eam gratuidade para o primeiro trabalho inscrito. A partir do segundo, a taxa \u00e9 de R$ 105. O registro deve ser feito atrav\u00e9s de formul\u00e1rio virtual dispon\u00edvel no site&hellip;","_links":{"self":[{"href":"https:\/\/construcaocivil.siriusmarketingedesign.com.br\/index.php?rest_route=\/wp\/v2\/posts\/26228","targetHints":{"allow":["GET"]}}],"collection":[{"href":"https:\/\/construcaocivil.siriusmarketingedesign.com.br\/index.php?rest_route=\/wp\/v2\/posts"}],"about":[{"href":"https:\/\/construcaocivil.siriusmarketingedesign.com.br\/index.php?rest_route=\/wp\/v2\/types\/post"}],"author":[{"embeddable":true,"href":"https:\/\/construcaocivil.siriusmarketingedesign.com.br\/index.php?rest_route=\/wp\/v2\/users\/1"}],"replies":[{"embeddable":true,"href":"https:\/\/construcaocivil.siriusmarketingedesign.com.br\/index.php?rest_route=%2Fwp%2Fv2%2Fcomments&post=26228"}],"version-history":[{"count":0,"href":"https:\/\/construcaocivil.siriusmarketingedesign.com.br\/index.php?rest_route=\/wp\/v2\/posts\/26228\/revisions"}],"wp:featuredmedia":[{"embeddable":true,"href":"https:\/\/construcaocivil.siriusmarketingedesign.com.br\/index.php?rest_route=\/wp\/v2\/media\/26229"}],"wp:attachment":[{"href":"https:\/\/construcaocivil.siriusmarketingedesign.com.br\/index.php?rest_route=%2Fwp%2Fv2%2Fmedia&parent=26228"}],"wp:term":[{"taxonomy":"category","embeddable":true,"href":"https:\/\/construcaocivil.siriusmarketingedesign.com.br\/index.php?rest_route=%2Fwp%2Fv2%2Fcategories&post=26228"},{"taxonomy":"post_tag","embeddable":true,"href":"https:\/\/construcaocivil.siriusmarketingedesign.com.br\/index.php?rest_route=%2Fwp%2Fv2%2Ftags&post=26228"}],"curies":[{"name":"wp","href":"https:\/\/api.w.org\/{rel}","templated":true}]}}