{"id":26239,"date":"2025-10-21T01:05:01","date_gmt":"2025-10-21T04:05:01","guid":{"rendered":"https:\/\/www.jornaldaconstrucaocivil.com.br\/?p=26239"},"modified":"2025-10-21T01:05:01","modified_gmt":"2025-10-21T04:05:01","slug":"engenharia-publica-e-opcao-para-reduzir-desigualdades-sociais","status":"publish","type":"post","link":"https:\/\/construcaocivil.siriusmarketingedesign.com.br\/?p=26239","title":{"rendered":"Engenharia p\u00fablica \u00e9 op\u00e7\u00e3o para reduzir desigualdades sociais"},"content":{"rendered":"<div class=\"v1elementToProof\" style=\"text-align: justify;\"><strong><i>Evento no Crea-MG reunir\u00e1 especialistas para debater como a engenharia pode impulsionar pol\u00edticas p\u00fablicas e melhorar a qualidade de vida da popula\u00e7\u00e3o<\/i><\/strong><\/div>\n<div>\n<div style=\"text-align: justify;\"><\/div>\n<div class=\"v1elementToProof\" style=\"text-align: justify;\">Outubro, 2025 &#8211; A engenharia tamb\u00e9m pode ser uma ferramenta de justi\u00e7a social. Essa \u00e9 a proposta do Workshop &#8220;Solu\u00e7\u00f5es T\u00e9cnicas para uma Sociedade mais Justa&#8221;, que ser\u00e1 realizado no dia 22 de outubro, em Belo Horizonte, reunindo profissionais de todo o pa\u00eds e representantes da \u00e1rea p\u00fablica para discutir como o conhecimento t\u00e9cnico pode gerar impacto social positivo e reduzir desigualdades.<\/div>\n<div class=\"v1elementToProof\" style=\"text-align: justify;\">O evento \u00e9 promovido pelo Grupo de Trabalho Engenharia P\u00fablica do Conselho Regional de Engenharia e Agronomia de Minas Gerais (Crea-MG). As inscri\u00e7\u00f5es s\u00e3o gratuitas e j\u00e1 est\u00e3o abertas em: https:\/\/bit.ly\/3Iw04a7.<\/div>\n<div class=\"v1elementToProof\" style=\"text-align: justify;\"><\/div>\n<div class=\"v1elementToProof\" style=\"text-align: justify;\">Mais do que uma \u00e1rea t\u00e9cnica, a Engenharia P\u00fablica \u00e9 uma pol\u00edtica de Estado. Prevista na Lei Federal n\u00ba 11.888\/2008, ela assegura assist\u00eancia t\u00e9cnica p\u00fablica e gratuita em habita\u00e7\u00e3o de interesse social para fam\u00edlias de baixa renda. Trata-se da presta\u00e7\u00e3o de servi\u00e7os essenciais realizados por engenheiros e arquitetos vinculados ao poder p\u00fablico, com o objetivo de garantir moradias seguras, salubres e sustent\u00e1veis.<\/div>\n<div class=\"v1elementToProof\" style=\"text-align: justify;\"><\/div>\n<div class=\"v1elementToProof\" style=\"text-align: justify;\">Durante o encontro, ser\u00e3o apresentados &#8220;cases&#8221; de sucesso, modelos de implementa\u00e7\u00e3o e debates sobre os desafios e avan\u00e7os da engenharia p\u00fablica no Brasil. O objetivo \u00e9 inspirar novas pr\u00e1ticas e pol\u00edticas que levem o conhecimento t\u00e9cnico a mais munic\u00edpios e projetos sociais.<\/div>\n<div class=\"v1elementToProof\" style=\"text-align: justify;\"><\/div>\n<div class=\"v1elementToProof\" style=\"text-align: justify;\">Segundo a coordenadora do GT Engenharia P\u00fablica, engenheira civil Andr\u00e9a Corr\u00eaa, fortalecer a engenharia p\u00fablica \u00e9 fundamental para que o pa\u00eds avance em \u00e1reas como habita\u00e7\u00e3o, saneamento, mobilidade e infraestrutura urbana, reduzindo desigualdades hist\u00f3ricas.<\/div>\n<div class=\"v1elementToProof\" style=\"text-align: justify;\"><\/div>\n<div class=\"v1elementToProof\" style=\"text-align: justify;\">&#8220;Essa \u00e9 uma pol\u00edtica p\u00fablica que contribui para mitigar desafios cr\u00f4nicos que afetam a popula\u00e7\u00e3o, al\u00e9m de promover a valoriza\u00e7\u00e3o profissional&#8221;, afirma Andr\u00e9a.<\/div>\n<div class=\"v1elementToProof\" style=\"text-align: justify;\"><\/div>\n<div class=\"v1elementToProof\" style=\"text-align: justify;\"><b>Servi\u00e7o<\/b><\/div>\n<div class=\"v1elementToProof\" style=\"text-align: justify;\"><b>Workshop &#8220;Solu\u00e7\u00f5es T\u00e9cnicas para uma Sociedade mais Justa&#8221;<\/b><\/div>\n<div class=\"v1elementToProof\" style=\"text-align: justify;\">Data: 22 de outubro de 2025<\/div>\n<div class=\"v1elementToProof\" style=\"text-align: justify;\">Hor\u00e1rio: 8h30 \u00e0s 18h<\/div>\n<div class=\"v1elementToProof\" style=\"text-align: justify;\">Local: Plen\u00e1rio \u2013 6\u00ba andar da Sede do Crea-MG (Av. \u00c1lvares Cabral, 1600 \u2013 Santo Agostinho, Belo Horizonte)<\/div>\n<div class=\"v1elementToProof\" style=\"text-align: justify;\">Inscri\u00e7\u00f5es gratuitas: bit.ly\/3Iw04a7<\/div>\n<\/div>\n","protected":false},"excerpt":{"rendered":"<p>Evento no Crea-MG reunir\u00e1 especialistas para debater como a engenharia pode impulsionar pol\u00edticas p\u00fablicas e melhorar a qualidade de vida da popula\u00e7\u00e3o Outubro, 2025 &#8211; A engenharia tamb\u00e9m pode ser uma ferramenta de justi\u00e7a social. Essa \u00e9 a proposta do Workshop &#8220;Solu\u00e7\u00f5es T\u00e9cnicas para uma Sociedade mais Justa&#8221;, que ser\u00e1 realizado no dia 22 de [&hellip;]<\/p>\n","protected":false},"author":1,"featured_media":26240,"comment_status":"open","ping_status":"open","sticky":false,"template":"","format":"standard","meta":{"_uag_custom_page_level_css":"","footnotes":""},"categories":[31],"tags":[22986,27870,27869,8393],"class_list":["post-26239","post","type-post","status-publish","format-standard","has-post-thumbnail","hentry","category-infraestrutura","tag-crea-mg","tag-engenharia-publica","tag-lei-federal-no-11-888-2008","tag-obras-publicas"],"blocksy_meta":[],"spectra_blocks_featured_image_url":{"thumbnail":{"url":"https:\/\/construcaocivil.siriusmarketingedesign.com.br\/wp-content\/uploads\/2025\/10\/AGUAS-DO-RIO-150x150.jpg","width":150,"height":150},"medium":{"url":"https:\/\/construcaocivil.siriusmarketingedesign.com.br\/wp-content\/uploads\/2025\/10\/AGUAS-DO-RIO-300x225.jpg","width":300,"height":225},"medium_large":{"url":"https:\/\/construcaocivil.siriusmarketingedesign.com.br\/wp-content\/uploads\/2025\/10\/AGUAS-DO-RIO-768x576.jpg","width":768,"height":576},"large":{"url":"https:\/\/construcaocivil.siriusmarketingedesign.com.br\/wp-content\/uploads\/2025\/10\/AGUAS-DO-RIO.jpg","width":1000,"height":750},"full":{"url":"https:\/\/construcaocivil.siriusmarketingedesign.com.br\/wp-content\/uploads\/2025\/10\/AGUAS-DO-RIO.jpg","width":1000,"height":750}},"spectra_blocks_author_info":{"display_name":"Jornal da Constru\u00e7\u00e3o Civil","avatar_url":"https:\/\/secure.gravatar.com\/avatar\/973c9774fd44ddaceb026973c4962faa70fc512bc4c9da68e8ebb40fecee6540?s=96&d=mm&r=g","author_link":"https:\/\/construcaocivil.siriusmarketingedesign.com.br\/?author=1","description":"Desde de 2013, levando muitas informa\u00e7\u00f5es, lan\u00e7amentos e produtos de qualidade para toda cadeia produtiva da constru\u00e7\u00e3o. O Futuro da constru\u00e7\u00e3o passa por aqui,"},"uagb_featured_image_src":{"full":["https:\/\/construcaocivil.siriusmarketingedesign.com.br\/wp-content\/uploads\/2025\/10\/AGUAS-DO-RIO.jpg",1000,750,false],"thumbnail":["https:\/\/construcaocivil.siriusmarketingedesign.com.br\/wp-content\/uploads\/2025\/10\/AGUAS-DO-RIO-150x150.jpg",150,150,true],"medium":["https:\/\/construcaocivil.siriusmarketingedesign.com.br\/wp-content\/uploads\/2025\/10\/AGUAS-DO-RIO-300x225.jpg",300,225,true],"medium_large":["https:\/\/construcaocivil.siriusmarketingedesign.com.br\/wp-content\/uploads\/2025\/10\/AGUAS-DO-RIO-768x576.jpg",768,576,true],"large":["https:\/\/construcaocivil.siriusmarketingedesign.com.br\/wp-content\/uploads\/2025\/10\/AGUAS-DO-RIO.jpg",1000,750,false],"1536x1536":["https:\/\/construcaocivil.siriusmarketingedesign.com.br\/wp-content\/uploads\/2025\/10\/AGUAS-DO-RIO.jpg",1000,750,false],"2048x2048":["https:\/\/construcaocivil.siriusmarketingedesign.com.br\/wp-content\/uploads\/2025\/10\/AGUAS-DO-RIO.jpg",1000,750,false]},"uagb_author_info":{"display_name":"Jornal da Constru\u00e7\u00e3o Civil","author_link":"https:\/\/construcaocivil.siriusmarketingedesign.com.br\/?author=1"},"uagb_comment_info":0,"uagb_excerpt":"Evento no Crea-MG reunir\u00e1 especialistas para debater como a engenharia pode impulsionar pol\u00edticas p\u00fablicas e melhorar a qualidade de vida da popula\u00e7\u00e3o Outubro, 2025 &#8211; A engenharia tamb\u00e9m pode ser uma ferramenta de justi\u00e7a social. Essa \u00e9 a proposta do Workshop &#8220;Solu\u00e7\u00f5es T\u00e9cnicas para uma Sociedade mais Justa&#8221;, que ser\u00e1 realizado no dia 22 de&hellip;","_links":{"self":[{"href":"https:\/\/construcaocivil.siriusmarketingedesign.com.br\/index.php?rest_route=\/wp\/v2\/posts\/26239","targetHints":{"allow":["GET"]}}],"collection":[{"href":"https:\/\/construcaocivil.siriusmarketingedesign.com.br\/index.php?rest_route=\/wp\/v2\/posts"}],"about":[{"href":"https:\/\/construcaocivil.siriusmarketingedesign.com.br\/index.php?rest_route=\/wp\/v2\/types\/post"}],"author":[{"embeddable":true,"href":"https:\/\/construcaocivil.siriusmarketingedesign.com.br\/index.php?rest_route=\/wp\/v2\/users\/1"}],"replies":[{"embeddable":true,"href":"https:\/\/construcaocivil.siriusmarketingedesign.com.br\/index.php?rest_route=%2Fwp%2Fv2%2Fcomments&post=26239"}],"version-history":[{"count":0,"href":"https:\/\/construcaocivil.siriusmarketingedesign.com.br\/index.php?rest_route=\/wp\/v2\/posts\/26239\/revisions"}],"wp:featuredmedia":[{"embeddable":true,"href":"https:\/\/construcaocivil.siriusmarketingedesign.com.br\/index.php?rest_route=\/wp\/v2\/media\/26240"}],"wp:attachment":[{"href":"https:\/\/construcaocivil.siriusmarketingedesign.com.br\/index.php?rest_route=%2Fwp%2Fv2%2Fmedia&parent=26239"}],"wp:term":[{"taxonomy":"category","embeddable":true,"href":"https:\/\/construcaocivil.siriusmarketingedesign.com.br\/index.php?rest_route=%2Fwp%2Fv2%2Fcategories&post=26239"},{"taxonomy":"post_tag","embeddable":true,"href":"https:\/\/construcaocivil.siriusmarketingedesign.com.br\/index.php?rest_route=%2Fwp%2Fv2%2Ftags&post=26239"}],"curies":[{"name":"wp","href":"https:\/\/api.w.org\/{rel}","templated":true}]}}