{"id":26242,"date":"2025-10-23T00:37:54","date_gmt":"2025-10-23T03:37:54","guid":{"rendered":"https:\/\/www.jornaldaconstrucaocivil.com.br\/?p=26242"},"modified":"2025-10-23T00:37:54","modified_gmt":"2025-10-23T03:37:54","slug":"quer-reformar-sua-casa-programa-reforma-brasil-chega-em-novembro-para-facilitar-a-compra-de-material-de-construcao-para-pequenos-formiguinhas-construtores-e-classe-media","status":"publish","type":"post","link":"https:\/\/construcaocivil.siriusmarketingedesign.com.br\/?p=26242","title":{"rendered":"Quer reformar sua casa? Programa Reforma Brasil, chega em novembro para  facilitar a compra de material de constru\u00e7\u00e3o para pequenos &#8220;formiguinhas&#8221; construtores e classe m\u00e9dia"},"content":{"rendered":"<p><em>Por Severian Rocha\u00a0<\/em><\/p>\n<p style=\"text-align: justify;\"><span style=\"color: #993300;\">Outubro<\/span>, 2025 &#8211; No Brasil muitas fam\u00edlias de baixa renda e da classe m\u00e9dia tem o desejo de terem a sua casa pr\u00f3pria. J\u00e1 outras milhares possuem o desejo de reformar sua resid\u00eancia ou melhor deixa-la\u00a0 mais confort\u00e1vel e bonita. Pode comprar um novo piso, fazer uma pintura nova, ter um novo banheiro,\u00a0 ampliar os quartos das crian\u00e7as e outras necessidades pertinentes para se ter uma boa resid\u00eancia. Morar e viver bem faz bem ao ser humano. Na pr\u00e1tica esses desejos n\u00e3o acontecem, o cr\u00e9dito sempre trava.<\/p>\n<p style=\"text-align: justify;\">Pensando nisso, o governo federal na tarde da \u00faltima segunda-feira(20), o presidente Lu\u00eds In\u00e1cio Lula da Silva, Minist\u00e9rio das Cidades, Minist\u00e9rio da Fazenda, Caixa Econ\u00f4mica Federal em conjunto com algumas entidades empresariais, setores da sociedade civil urbanas, como o Movimento dos Trabalhadores Sem Teto\u00a0 lan\u00e7ou o <strong><em><span style=\"color: #0000ff;\"><a style=\"color: #0000ff;\" href=\"https:\/\/www.caixa.gov.br\/voce\/habitacao\/reforma-casa-brasil\/Paginas\/default.aspx\">Programa REFORMA BRASIL<\/a><\/span> \u00a0que na pr\u00e1tica \u00e9 um empr\u00e9stimo para reformar casa e melhorar as condi\u00e7\u00f5es de Reforma Brasil vida para voc\u00ea e para sua fam\u00edlia.<\/em><\/strong><\/p>\n<p>Em valores reais o\u00a0 <span style=\"color: #0000ff;\"><a style=\"color: #0000ff;\" href=\"https:\/\/www.caixa.gov.br\/voce\/habitacao\/reforma-casa-brasil\/Paginas\/default.aspx\">REFORMA BRASIL<\/a><\/span> vai liberar 30 Bilh\u00f5es em a\u00e7\u00f5es do governo+ 10 Bilh\u00f5es da Caixa Econ\u00f4mica Federal<\/p>\n<p style=\"text-align: justify;\">Em destaque, Paulo Engler, presidente da \u00a0ABRAMAT &#8211; Associa\u00e7\u00e3o Brasileira da Ind\u00fastria de Materiais de Constru\u00e7\u00e3o fala do Programa como fundamental para a redu\u00e7\u00e3o do D\u00e9ficit Habitacional no pa\u00eds, estimulando a gera\u00e7\u00e3o de empregos e fomentando a demanda no setor, com especial aten\u00e7\u00e3o \u00e0 agenda de melhoria da qualidade e conformidade t\u00e9cnica na constru\u00e7\u00e3o.\u00a0 Abaixo segue uma breve entrevista com o presidente da ABRAMAT.<\/p>\n<p style=\"text-align: justify;\">\n<p class=\"v1elementToProof\"><span style=\"color: #0000ff;\">J<b>ornal da Constru\u00e7\u00e3o Civil<\/b><\/span>\u00a0&#8211;\u00a0<b>Presidente Paulo, como o senhor olha esse Programa Reforma Brasil ? O Programa foi pensado dentro da atual realidade brasileira ? No passado tivemos o ConstruCard, tamb\u00e9m gerido pela Caixa.\u00a0<\/b><\/p>\n<p class=\"v1elementToProof\"><b><span style=\"color: #993300;\">Paulo<\/span> &#8211;\u00a0<\/b><b>O Programa Reforma Brasil chega em boa hora para a ind\u00fastria de material de constru\u00e7\u00e3o, podendo melhorar a performance de produ\u00e7\u00e3o e vendas no curto prazo. O programa est\u00e1 dentro da atual realidade do pa\u00eds, estamos pr\u00f3ximos ao pleno emprego, h\u00e1 um ganho real de massa salarial especialmente na baixa renda, ent\u00e3o \u00e9 o momento apropriado para a trabalhadora e o trabalhador melhorar a qualidade da sua resid\u00eancia, fazendo uma reforma, aperfei\u00e7oando o im\u00f3vel para o uso ou at\u00e9 agregando novos c\u00f4modos. A CAIXA tem a expertise necess\u00e1rio para divulgar, administrar e comunicar esse programa com maestria, certamente ser\u00e1 um sucesso<\/b><b>.\u00a0 \u00a0<\/b><\/p>\n<figure id=\"attachment_26243\" aria-describedby=\"caption-attachment-26243\" style=\"width: 261px\" class=\"wp-caption alignleft\"><img loading=\"lazy\" decoding=\"async\" class=\"size-medium wp-image-26243\" src=\"https:\/\/www.jornaldaconstrucaocivil.com.br\/wp-content\/uploads\/2025\/10\/Paulo-Engler-261x300.jpg\" alt=\"\" width=\"261\" height=\"300\" srcset=\"https:\/\/construcaocivil.siriusmarketingedesign.com.br\/wp-content\/uploads\/2025\/10\/Paulo-Engler-261x300.jpg 261w, https:\/\/construcaocivil.siriusmarketingedesign.com.br\/wp-content\/uploads\/2025\/10\/Paulo-Engler-768x884.jpg 768w, https:\/\/construcaocivil.siriusmarketingedesign.com.br\/wp-content\/uploads\/2025\/10\/Paulo-Engler-200x230.jpg 200w, https:\/\/construcaocivil.siriusmarketingedesign.com.br\/wp-content\/uploads\/2025\/10\/Paulo-Engler.jpg 792w\" sizes=\"auto, (max-width: 261px) 100vw, 261px\" \/><figcaption id=\"caption-attachment-26243\" class=\"wp-caption-text\">Divulga\u00e7\u00e3o ABRAMAT<br \/>Paulo Engler, presidente da ABRAMAT<\/figcaption><\/figure>\n<p class=\"v1elementToProof\" style=\"text-align: justify;\"><span style=\"color: #0000ff;\"><b>Jornal da Constru\u00e7\u00e3o Civil<\/b><\/span>\u00a0&#8211;\u00a0P<b>residente, os impactos do aumento da produ\u00e7\u00e3o da ind\u00fastria de material de constru\u00e7\u00e3o j\u00e1 ser\u00e3o imediatos ou vai demorar um pouco ? O Natal j\u00e1 est\u00e1 pr\u00f3ximo.\u00a0<\/b><\/p>\n<p class=\"v1elementToProof\" style=\"text-align: justify;\"><span style=\"color: #993300;\"><b>Paulo\u00a0<\/b><\/span>&#8211;\u00a0<b>Na minha vis\u00e3o como os valores j\u00e1 estar\u00e3o dispon\u00edveis na primeira semana de novembro, certamente teremos uma grande procura e haver\u00e1 um impacto positivo para a nossa ind\u00fastria.<\/b><\/p>\n<p class=\"v1elementToProof\" style=\"text-align: justify;\"><span style=\"color: #0000ff;\"><b>Jornal da Constru\u00e7\u00e3o Civil &#8211;\u00a0<\/b><\/span><b>O tradicional comprador formiguinha parece que ser\u00e1 beneficiado, aqueles que fazem a chamada autoconstru\u00e7\u00e3o e a classe m\u00e9dia. O foco era esse presidente ? E os juros, neste programa como ser\u00e1 ?\u00a0<\/b><\/p>\n<p class=\"v1elementToProof\" style=\"text-align: justify;\"><b><span style=\"color: #993300;\">Paulo<\/span> &#8211;\u00a0<\/b><b>O foco \u00e9 a classe de baixa renda, que de fato tem essa caracter\u00edstica da autoconstru\u00e7\u00e3o, e tamb\u00e9m alcan\u00e7a a classe m\u00e9dia; no tocante aos juros temos percentuais inferiores aos praticados atualmente no mercado e n\u00e3o h\u00e1 qualquer cobran\u00e7a de taxas e tarifas.<\/b><\/p>\n<p class=\"v1elementToProof\" style=\"text-align: justify;\"><span style=\"color: #0000ff;\"><b>Jornal da Constru\u00e7\u00e3o Civil<\/b><\/span><b> &#8211;\u00a0 Presidente, os produtos importados s\u00e3o uma amea\u00e7a para um programa como esse, o Reforma Brasil? J\u00e1 passei em pequenas lojas de material de constru\u00e7\u00e3o, no qual o comerciante vendia diversos insumos oriundos da China por quest\u00e3o de pre\u00e7os mais baixos ?<\/b><\/p>\n<p class=\"v1elementToProof\" style=\"text-align: justify;\"><b><span style=\"color: #993300;\">Paulo<\/span> &#8211;\u00a0<\/b><b>Os materiais de baixa qualidade, sejam fabricados no Brasil ou no exterior, s\u00e3o uma grande amea\u00e7a. Juntamente com a CAIXA vamos refor\u00e7ar a comunica\u00e7\u00e3o ao p\u00fablico em geral para que utilizem somente produtos listados nos programa setoriais da qualidade, para tanto ser\u00e1 disponibilizado nos ambientes digitais quais s\u00e3o os materiais de constru\u00e7\u00e3o que atendem \u00e0s normas de qualidade para que o consumidor possa adquiri-los no varejo.<\/b><\/p>\n<p class=\"v1elementToProof\" style=\"text-align: justify;\"><span style=\"color: #0000ff;\"><b>Jornal da Constru\u00e7\u00e3o Civil<\/b><\/span><b>\u00a0&#8211; Como est\u00e1 o problema da falta de m\u00e3o de obra qualificada? Aquecendo o mercado atrav\u00e9s do Programa Reforma Brasil, tende o setor \u00e0 busca profissionais ?\u00a0<\/b><\/p>\n<p class=\"v1elementToProof\" style=\"text-align: justify;\"><b><span style=\"color: #993300;\">Paulo<\/span> &#8211;\u00a0<\/b><b>O Programa Reforma Brasil certamente ir\u00e1 levar a ind\u00fastria, varejo, trabalhadores e governo a um debate franco e aberto sobre como est\u00e1 a m\u00e3o-de-obra para a constru\u00e7\u00e3o civil, onde todos os envolvidos juntamente poder\u00e3o tecer um diagn\u00f3stico e montar um plano de a\u00e7\u00e3o para recuperar os profissionais das diversas \u00e1reas e a constru\u00e7\u00e3o civil voltar a ser atraente aos trabalhadores.<\/b><\/p>\n<p class=\"v1elementToProof\" style=\"text-align: justify;\">\u00a0\u00a0<span style=\"color: #0000ff;\"><b>Jornal da Constru\u00e7\u00e3o Civil<\/b><\/span><b>\u00a0 &#8211; Deixe uma mensagem para o setor mais forte do pa\u00eds, que envolve mais de 63 cadeias produtivas e gera milh\u00f5es de empregos ?\u00a0<\/b><\/p>\n<p class=\"v1elementToProof\" style=\"text-align: justify;\"><b><span style=\"color: #993300;\">Paulo<\/span> &#8211;\u00a0<\/b><b>A ind\u00fastria de materiais de constru\u00e7\u00e3o est\u00e1 instalada e funcionando em todos os cantos do Brasil, produzimos os insumos e o material para toda a cadeia da constru\u00e7\u00e3o civil, temos tecnologia de ponta e fabricamos materiais de alta qualidade, estamos prontos para atender imediatamente as demandas e abastecer todos os cantos desse imenso pa\u00eds, o Programa Reforma Brasil veio na hora certa. Vamos em frente!<\/b><\/p>\n<p class=\"v1elementToProof\" style=\"text-align: justify;\">\n","protected":false},"excerpt":{"rendered":"<p>Por Severian Rocha\u00a0 Outubro, 2025 &#8211; No Brasil muitas fam\u00edlias de baixa renda e da classe m\u00e9dia tem o desejo de terem a sua casa pr\u00f3pria. J\u00e1 outras milhares possuem o desejo de reformar sua resid\u00eancia ou melhor deixa-la\u00a0 mais confort\u00e1vel e bonita. Pode comprar um novo piso, fazer uma pintura nova, ter um novo [&hellip;]<\/p>\n","protected":false},"author":1,"featured_media":26244,"comment_status":"open","ping_status":"open","sticky":false,"template":"","format":"standard","meta":{"_uag_custom_page_level_css":"","footnotes":""},"categories":[33],"tags":[340,1679,2826,7713,27871,27872],"class_list":["post-26242","post","type-post","status-publish","format-standard","has-post-thumbnail","hentry","category-mercado","tag-abramat","tag-caixa-economica-federal","tag-construcao-civil","tag-ministerio-das-cidades","tag-programa-reforma-brasil","tag-reformas-e-servicos"],"blocksy_meta":[],"spectra_blocks_featured_image_url":{"thumbnail":{"url":"https:\/\/construcaocivil.siriusmarketingedesign.com.br\/wp-content\/uploads\/2025\/10\/IMG_20240404_113519_MP8-150x150.jpg","width":150,"height":150},"medium":{"url":"https:\/\/construcaocivil.siriusmarketingedesign.com.br\/wp-content\/uploads\/2025\/10\/IMG_20240404_113519_MP8-300x222.jpg","width":300,"height":222},"medium_large":{"url":"https:\/\/construcaocivil.siriusmarketingedesign.com.br\/wp-content\/uploads\/2025\/10\/IMG_20240404_113519_MP8-768x569.jpg","width":768,"height":569},"large":{"url":"https:\/\/construcaocivil.siriusmarketingedesign.com.br\/wp-content\/uploads\/2025\/10\/IMG_20240404_113519_MP8-1024x758.jpg","width":1024,"height":758},"full":{"url":"https:\/\/construcaocivil.siriusmarketingedesign.com.br\/wp-content\/uploads\/2025\/10\/IMG_20240404_113519_MP8-scaled.jpg","width":2560,"height":1896}},"spectra_blocks_author_info":{"display_name":"Jornal da Constru\u00e7\u00e3o Civil","avatar_url":"https:\/\/secure.gravatar.com\/avatar\/973c9774fd44ddaceb026973c4962faa70fc512bc4c9da68e8ebb40fecee6540?s=96&d=mm&r=g","author_link":"https:\/\/construcaocivil.siriusmarketingedesign.com.br\/?author=1","description":"Desde de 2013, levando muitas informa\u00e7\u00f5es, lan\u00e7amentos e produtos de qualidade para toda cadeia produtiva da constru\u00e7\u00e3o. O Futuro da constru\u00e7\u00e3o passa por aqui,"},"uagb_featured_image_src":{"full":["https:\/\/construcaocivil.siriusmarketingedesign.com.br\/wp-content\/uploads\/2025\/10\/IMG_20240404_113519_MP8-scaled.jpg",2560,1896,false],"thumbnail":["https:\/\/construcaocivil.siriusmarketingedesign.com.br\/wp-content\/uploads\/2025\/10\/IMG_20240404_113519_MP8-150x150.jpg",150,150,true],"medium":["https:\/\/construcaocivil.siriusmarketingedesign.com.br\/wp-content\/uploads\/2025\/10\/IMG_20240404_113519_MP8-300x222.jpg",300,222,true],"medium_large":["https:\/\/construcaocivil.siriusmarketingedesign.com.br\/wp-content\/uploads\/2025\/10\/IMG_20240404_113519_MP8-768x569.jpg",768,569,true],"large":["https:\/\/construcaocivil.siriusmarketingedesign.com.br\/wp-content\/uploads\/2025\/10\/IMG_20240404_113519_MP8-1024x758.jpg",1024,758,true],"1536x1536":["https:\/\/construcaocivil.siriusmarketingedesign.com.br\/wp-content\/uploads\/2025\/10\/IMG_20240404_113519_MP8-1536x1137.jpg",1536,1137,true],"2048x2048":["https:\/\/construcaocivil.siriusmarketingedesign.com.br\/wp-content\/uploads\/2025\/10\/IMG_20240404_113519_MP8-2048x1517.jpg",2048,1517,true]},"uagb_author_info":{"display_name":"Jornal da Constru\u00e7\u00e3o Civil","author_link":"https:\/\/construcaocivil.siriusmarketingedesign.com.br\/?author=1"},"uagb_comment_info":0,"uagb_excerpt":"Por Severian Rocha\u00a0 Outubro, 2025 &#8211; No Brasil muitas fam\u00edlias de baixa renda e da classe m\u00e9dia tem o desejo de terem a sua casa pr\u00f3pria. J\u00e1 outras milhares possuem o desejo de reformar sua resid\u00eancia ou melhor deixa-la\u00a0 mais confort\u00e1vel e bonita. Pode comprar um novo piso, fazer uma pintura nova, ter um novo&hellip;","_links":{"self":[{"href":"https:\/\/construcaocivil.siriusmarketingedesign.com.br\/index.php?rest_route=\/wp\/v2\/posts\/26242","targetHints":{"allow":["GET"]}}],"collection":[{"href":"https:\/\/construcaocivil.siriusmarketingedesign.com.br\/index.php?rest_route=\/wp\/v2\/posts"}],"about":[{"href":"https:\/\/construcaocivil.siriusmarketingedesign.com.br\/index.php?rest_route=\/wp\/v2\/types\/post"}],"author":[{"embeddable":true,"href":"https:\/\/construcaocivil.siriusmarketingedesign.com.br\/index.php?rest_route=\/wp\/v2\/users\/1"}],"replies":[{"embeddable":true,"href":"https:\/\/construcaocivil.siriusmarketingedesign.com.br\/index.php?rest_route=%2Fwp%2Fv2%2Fcomments&post=26242"}],"version-history":[{"count":0,"href":"https:\/\/construcaocivil.siriusmarketingedesign.com.br\/index.php?rest_route=\/wp\/v2\/posts\/26242\/revisions"}],"wp:featuredmedia":[{"embeddable":true,"href":"https:\/\/construcaocivil.siriusmarketingedesign.com.br\/index.php?rest_route=\/wp\/v2\/media\/26244"}],"wp:attachment":[{"href":"https:\/\/construcaocivil.siriusmarketingedesign.com.br\/index.php?rest_route=%2Fwp%2Fv2%2Fmedia&parent=26242"}],"wp:term":[{"taxonomy":"category","embeddable":true,"href":"https:\/\/construcaocivil.siriusmarketingedesign.com.br\/index.php?rest_route=%2Fwp%2Fv2%2Fcategories&post=26242"},{"taxonomy":"post_tag","embeddable":true,"href":"https:\/\/construcaocivil.siriusmarketingedesign.com.br\/index.php?rest_route=%2Fwp%2Fv2%2Ftags&post=26242"}],"curies":[{"name":"wp","href":"https:\/\/api.w.org\/{rel}","templated":true}]}}