{"id":26259,"date":"2025-10-26T00:31:45","date_gmt":"2025-10-26T03:31:45","guid":{"rendered":"https:\/\/www.jornaldaconstrucaocivil.com.br\/?p=26259"},"modified":"2025-10-26T00:31:45","modified_gmt":"2025-10-26T03:31:45","slug":"ministerio-do-meio-ambiente-habilita-o-instituto-recicleiros-como-entidade-gestora-de-logistica-reversa","status":"publish","type":"post","link":"https:\/\/construcaocivil.siriusmarketingedesign.com.br\/?p=26259","title":{"rendered":"Minist\u00e9rio do Meio Ambiente habilita o Instituto Recicleiros como entidade gestora de log\u00edstica reversa"},"content":{"rendered":"<p style=\"text-align: justify;\"><em>A habilita\u00e7\u00e3o posiciona o Instituto Recicleiros como parceiro estrat\u00e9gico para que empresas cumpram a legisla\u00e7\u00e3o ambiental com fomento \u00e0 economia circular e impacto socioambiental positivo\u00a0<\/em><\/p>\n<p style=\"text-align: justify;\"><strong>S\u00e3o Paulo (SP) \u2013<\/strong>\u00a0O Instituto Recicleiros foi habilitado pelo Minist\u00e9rio do Meio Ambiente e Mudan\u00e7a do Clima (MMA) como entidade gestora de sistemas de log\u00edstica reversa de embalagens em geral, em \u00e2mbito nacional. As entidades gestoras s\u00e3o pessoas jur\u00eddicas respons\u00e1veis por estruturar, implementar e operar sistemas de log\u00edstica reversa de produtos e embalagens em modelo coletivo. A\u00a0<a href=\"https:\/\/click.cse360.com.br\/Click\/AddCampaignEmailClick\/af1dab09-5b18-4df4-bd87-08de124ea2b2\/https%253a%252f%252fwww.in.gov.br%252fen%252fweb%252fdou%252f-%252fportaria-gm%252fmma-n-1.469-de-11-de-setembro-de-2025-655172752\/b20bfdd4-a02b-41a4-eb6d-08d7c5ff26d1\/webobras@gmail.com\/True\" target=\"_blank\" rel=\"noopener noreferrer\" data-saferedirecturl=\"https:\/\/www.google.com\/url?q=https:\/\/click.cse360.com.br\/Click\/AddCampaignEmailClick\/af1dab09-5b18-4df4-bd87-08de124ea2b2\/https%25253a%25252f%25252fwww.in.gov.br%25252fen%25252fweb%25252fdou%25252f-%25252fportaria-gm%25252fmma-n-1.469-de-11-de-setembro-de-2025-655172752\/b20bfdd4-a02b-41a4-eb6d-08d7c5ff26d1\/webobras@gmail.com\/True&amp;source=gmail&amp;ust=1761415262079000&amp;usg=AOvVaw3YRb1UxSNj8UqsjUoa9h4B\">Portaria N\u00ba 1.469<\/a>, assinada pela Ministra Marina Silva, foi publicada no Di\u00e1rio Oficial da Uni\u00e3o.<\/p>\n<p style=\"text-align: justify;\">A publica\u00e7\u00e3o reconhece oficialmente o trabalho desenvolvido pelo Instituto Recicleiros ao longo dos anos por meio do Programa Recicleiros Cidades, e refor\u00e7a o compromisso da organiza\u00e7\u00e3o com a regulamenta\u00e7\u00e3o existente. Entre os requisitos desse processo de habilita\u00e7\u00e3o est\u00e3o a atua\u00e7\u00e3o nacional, al\u00e9m da experi\u00eancia e a capacidade t\u00e9cnica reconhecida. Hoje, de acordo com o SINIR, existem 13 entidades gestoras habilitadas pelo Minist\u00e9rio do Meio Ambiente.<a class=\"thickbox button\" href=\"https:\/\/www.jornaldaconstrucaocivil.com.br\/wp-admin\/post-new.php#TB_inline?&amp;width=783&amp;inlineId=choose-meta-slider\"> Add slideshow<\/a><\/p>\n<p style=\"text-align: justify;\"><em>\u201cAcreditamos que o mercado criado pela obrigatoriedade da log\u00edstica reversa pode ser viabilizador da transforma\u00e7\u00e3o estrutural necess\u00e1ria para fomentar a economia circular. Desempenhar o papel de entidade gestora se torna necess\u00e1rio para que possamos operar e comprovar esses mecanismos de impacto inovadores. Portanto, estamos felizes com a homologa\u00e7\u00e3o\u201d, diz Erich Burger, Diretor Institucional do Instituto Recicleiros.<\/em><\/p>\n<p style=\"text-align: justify;\">O Programa Recicleiros Cidades, at\u00e9 o momento, j\u00e1 recuperou 22,5 mil toneladas de materiais, atende 1.013 milh\u00e3o de pessoas com coleta seletiva na porta e gera 275 postos de trabalho diretos.<\/p>\n<p style=\"text-align: justify;\"><strong>Sobre o Programa Recicleiros Cidades<\/strong><\/p>\n<p style=\"text-align: justify;\">O Programa Recicleiros Cidades, empreendido pelo Instituto Recicleiros, incuba, atualmente, 14 sistemas municipais de coleta seletiva com a participa\u00e7\u00e3o de cooperativas de catadores em onze estados brasileiros, al\u00e9m da nova opera\u00e7\u00e3o de Cataguases.<\/p>\n<p style=\"text-align: justify;\">O programa promove a reciclagem inclusiva e sustent\u00e1vel nos munic\u00edpios, conectando todos os envolvidos no processo para garantir que a reciclagem seja eficiente, de alto impacto e economicamente vi\u00e1vel. Recicleiros oferece \u00e0s prefeituras conhecimento t\u00e9cnico, parcerias e investimentos para ajudar a implementar a coleta seletiva e reciclagem como uma pol\u00edtica p\u00fablica perene.<\/p>\n<p style=\"text-align: justify;\">Al\u00e9m disso, introduz um novo modelo de centrais de reciclagem: unidades modernas, seguras e eficientes, equipadas com tecnologia avan\u00e7ada e gest\u00e3o profissional. Essas centrais geram oportunidades de trabalho e capacita\u00e7\u00e3o constante para pessoas em situa\u00e7\u00e3o de vulnerabilidade social e econ\u00f4mica.<\/p>\n<p style=\"text-align: justify;\">Em paralelo, Recicleiros e a cooperativa realizam a\u00e7\u00f5es educativas para conscientizar e engajar a popula\u00e7\u00e3o local, incentivando a responsabilidade comunit\u00e1ria com o meio ambiente e com as pessoas. Dessa forma, o projeto consolida uma tecnologia socioambiental inspiradora e de sucesso em diversas cidades brasileiras.<\/p>\n<p style=\"text-align: justify;\"><strong>Sobre o Instituto Recicleiros<\/strong><\/p>\n<p style=\"text-align: justify;\">O Instituto Recicleiros \u00e9 uma Organiza\u00e7\u00e3o da Sociedade Civil (OSP), qualificada como OSCIP, que atua h\u00e1 mais de 15 anos no desenvolvimento de solu\u00e7\u00f5es para a gest\u00e3o sustent\u00e1vel de res\u00edduos s\u00f3lidos em todo Brasil, com especial foco na recupera\u00e7\u00e3o de embalagens p\u00f3s-consumo com a inclus\u00e3o de catadores e catadoras. Por meio do Programa Recicleiros Cidades, implanta nos munic\u00edpios brasileiros a coleta seletiva e a reciclagem, envolvendo em um mesmo ecossistema em cadeia circular Prefeituras, Empresas, Catadores e Cidad\u00e3os.<\/p>\n","protected":false},"excerpt":{"rendered":"<p>A habilita\u00e7\u00e3o posiciona o Instituto Recicleiros como parceiro estrat\u00e9gico para que empresas cumpram a legisla\u00e7\u00e3o ambiental com fomento \u00e0 economia circular e impacto socioambiental positivo\u00a0 S\u00e3o Paulo (SP) \u2013\u00a0O Instituto Recicleiros foi habilitado pelo Minist\u00e9rio do Meio Ambiente e Mudan\u00e7a do Clima (MMA) como entidade gestora de sistemas de log\u00edstica reversa de embalagens em geral, [&hellip;]<\/p>\n","protected":false},"author":1,"featured_media":26260,"comment_status":"open","ping_status":"open","sticky":false,"template":"","format":"standard","meta":{"_uag_custom_page_level_css":"","footnotes":""},"categories":[1],"tags":[27705,18437,27881,7718,27882],"class_list":["post-26259","post","type-post","status-publish","format-standard","has-post-thumbnail","hentry","category-sem-categoria","tag-cop30","tag-catadores","tag-instituto-recicleiros","tag-ministerio-do-meio-ambiente","tag-programa-recicleiros-cidades"],"blocksy_meta":[],"spectra_blocks_featured_image_url":{"thumbnail":{"url":"https:\/\/construcaocivil.siriusmarketingedesign.com.br\/wp-content\/uploads\/2025\/10\/unnamed-25-150x150.jpg","width":150,"height":150},"medium":{"url":"https:\/\/construcaocivil.siriusmarketingedesign.com.br\/wp-content\/uploads\/2025\/10\/unnamed-25-300x200.jpg","width":300,"height":200},"medium_large":{"url":"https:\/\/construcaocivil.siriusmarketingedesign.com.br\/wp-content\/uploads\/2025\/10\/unnamed-25-768x512.jpg","width":768,"height":512},"large":{"url":"https:\/\/construcaocivil.siriusmarketingedesign.com.br\/wp-content\/uploads\/2025\/10\/unnamed-25-1024x683.jpg","width":1024,"height":683},"full":{"url":"https:\/\/construcaocivil.siriusmarketingedesign.com.br\/wp-content\/uploads\/2025\/10\/unnamed-25-scaled.jpg","width":2560,"height":1707}},"spectra_blocks_author_info":{"display_name":"Jornal da Constru\u00e7\u00e3o Civil","avatar_url":"https:\/\/secure.gravatar.com\/avatar\/973c9774fd44ddaceb026973c4962faa70fc512bc4c9da68e8ebb40fecee6540?s=96&d=mm&r=g","author_link":"https:\/\/construcaocivil.siriusmarketingedesign.com.br\/?author=1","description":"Desde de 2013, levando muitas informa\u00e7\u00f5es, lan\u00e7amentos e produtos de qualidade para toda cadeia produtiva da constru\u00e7\u00e3o. O Futuro da constru\u00e7\u00e3o passa por aqui,"},"uagb_featured_image_src":{"full":["https:\/\/construcaocivil.siriusmarketingedesign.com.br\/wp-content\/uploads\/2025\/10\/unnamed-25-scaled.jpg",2560,1707,false],"thumbnail":["https:\/\/construcaocivil.siriusmarketingedesign.com.br\/wp-content\/uploads\/2025\/10\/unnamed-25-150x150.jpg",150,150,true],"medium":["https:\/\/construcaocivil.siriusmarketingedesign.com.br\/wp-content\/uploads\/2025\/10\/unnamed-25-300x200.jpg",300,200,true],"medium_large":["https:\/\/construcaocivil.siriusmarketingedesign.com.br\/wp-content\/uploads\/2025\/10\/unnamed-25-768x512.jpg",768,512,true],"large":["https:\/\/construcaocivil.siriusmarketingedesign.com.br\/wp-content\/uploads\/2025\/10\/unnamed-25-1024x683.jpg",1024,683,true],"1536x1536":["https:\/\/construcaocivil.siriusmarketingedesign.com.br\/wp-content\/uploads\/2025\/10\/unnamed-25-1536x1024.jpg",1536,1024,true],"2048x2048":["https:\/\/construcaocivil.siriusmarketingedesign.com.br\/wp-content\/uploads\/2025\/10\/unnamed-25-2048x1365.jpg",2048,1365,true]},"uagb_author_info":{"display_name":"Jornal da Constru\u00e7\u00e3o Civil","author_link":"https:\/\/construcaocivil.siriusmarketingedesign.com.br\/?author=1"},"uagb_comment_info":0,"uagb_excerpt":"A habilita\u00e7\u00e3o posiciona o Instituto Recicleiros como parceiro estrat\u00e9gico para que empresas cumpram a legisla\u00e7\u00e3o ambiental com fomento \u00e0 economia circular e impacto socioambiental positivo\u00a0 S\u00e3o Paulo (SP) \u2013\u00a0O Instituto Recicleiros foi habilitado pelo Minist\u00e9rio do Meio Ambiente e Mudan\u00e7a do Clima (MMA) como entidade gestora de sistemas de log\u00edstica reversa de embalagens em geral,&hellip;","_links":{"self":[{"href":"https:\/\/construcaocivil.siriusmarketingedesign.com.br\/index.php?rest_route=\/wp\/v2\/posts\/26259","targetHints":{"allow":["GET"]}}],"collection":[{"href":"https:\/\/construcaocivil.siriusmarketingedesign.com.br\/index.php?rest_route=\/wp\/v2\/posts"}],"about":[{"href":"https:\/\/construcaocivil.siriusmarketingedesign.com.br\/index.php?rest_route=\/wp\/v2\/types\/post"}],"author":[{"embeddable":true,"href":"https:\/\/construcaocivil.siriusmarketingedesign.com.br\/index.php?rest_route=\/wp\/v2\/users\/1"}],"replies":[{"embeddable":true,"href":"https:\/\/construcaocivil.siriusmarketingedesign.com.br\/index.php?rest_route=%2Fwp%2Fv2%2Fcomments&post=26259"}],"version-history":[{"count":0,"href":"https:\/\/construcaocivil.siriusmarketingedesign.com.br\/index.php?rest_route=\/wp\/v2\/posts\/26259\/revisions"}],"wp:featuredmedia":[{"embeddable":true,"href":"https:\/\/construcaocivil.siriusmarketingedesign.com.br\/index.php?rest_route=\/wp\/v2\/media\/26260"}],"wp:attachment":[{"href":"https:\/\/construcaocivil.siriusmarketingedesign.com.br\/index.php?rest_route=%2Fwp%2Fv2%2Fmedia&parent=26259"}],"wp:term":[{"taxonomy":"category","embeddable":true,"href":"https:\/\/construcaocivil.siriusmarketingedesign.com.br\/index.php?rest_route=%2Fwp%2Fv2%2Fcategories&post=26259"},{"taxonomy":"post_tag","embeddable":true,"href":"https:\/\/construcaocivil.siriusmarketingedesign.com.br\/index.php?rest_route=%2Fwp%2Fv2%2Ftags&post=26259"}],"curies":[{"name":"wp","href":"https:\/\/api.w.org\/{rel}","templated":true}]}}