{"id":26262,"date":"2025-10-26T00:39:58","date_gmt":"2025-10-26T03:39:58","guid":{"rendered":"https:\/\/www.jornaldaconstrucaocivil.com.br\/?p=26262"},"modified":"2025-10-26T00:39:58","modified_gmt":"2025-10-26T03:39:58","slug":"exposicao-olhar-negro-negro-olhar-celebra-a-antologia-da-fotografia-negra-da-bahia-no-centro-cultural-fiesp","status":"publish","type":"post","link":"https:\/\/construcaocivil.siriusmarketingedesign.com.br\/?p=26262","title":{"rendered":"Exposi\u00e7\u00e3o &#8220;Olhar Negro, Negro Olhar&#8221; celebra a Antologia da Fotografia Negra da Bahia no Centro Cultural Fiesp"},"content":{"rendered":"<p style=\"text-align: justify;\"><strong>A mostra, com curadoria de Ben\u00e9 Fonteles e organiza\u00e7\u00e3o de Marcelo Reis, chega a S\u00e3o Paulo depois de passar por Bras\u00edlia e re\u00fane grandes nomes da fotografia<\/strong><\/p>\n<p style=\"text-align: justify;\">Outubro, 2025 &#8211; A partir do dia 13 de novembro, o p\u00fablico poder\u00e1 conferir na Galeria de Fotos do Centro Cultural Fiesp, em S\u00e3o Paulo, a exposi\u00e7\u00e3o Olhar Negro, Negro Olhar \u2013 Antologia da Fotografia Negra da Bahia, um panorama potente e sens\u00edvel da fotografia produzida no estado. Com curadoria de Ben\u00e9 Fonteles e pesquisa e organiza\u00e7\u00e3o de Marcelo Reis, a mostra prop\u00f5e um mergulho nas m\u00faltiplas camadas de significados que atravessam o olhar sobre a negritude baiana e a partir dela.<\/p>\n<p style=\"text-align: justify;\">\n<p style=\"text-align: justify;\">A exposi\u00e7\u00e3o re\u00fane obras de artistas que constru\u00edram, ao longo das \u00faltimas d\u00e9cadas, um vasto repert\u00f3rio visual sobre o povo e a cultura da Bahia, entre eles Adenor Gondim, Ayrson Her\u00e1clito, Bauer S\u00e1, Christian Cravo, M\u00e1rio Cravo Neto, Miguel Rio Branco, Pierre Verger, Z\u00e9lia Gattai e Voltaire Fraga, entre outros. O conjunto de trabalhos cria um di\u00e1logo entre diferentes gera\u00e7\u00f5es e perspectivas, de fot\u00f3grafos de pele retinta, profundamente ligados \u00e0s tradi\u00e7\u00f5es afro-brasileiras, e de outros que, mesmo n\u00e3o pertencendo diretamente a esse universo, dedicaram suas lentes a registrar e reverenciar a presen\u00e7a negra na forma\u00e7\u00e3o cultural e espiritual do estado.<\/p>\n<p style=\"text-align: justify;\">\n<p style=\"text-align: justify;\">Segundo Marcelo Reis, organizador da mostra, &#8220;pensar a fotografia a partir de quem olha e do que \u00e9 olhado \u00e9 um exerc\u00edcio essencial para compreendermos como o olhar negro se constitui na arte baiana. Essa antologia prop\u00f5e uma leitura dessa pluralidade, em que cada imagem \u00e9 um espelho do pertencimento, da ancestralidade e da resist\u00eancia&#8221;.<\/p>\n<p style=\"text-align: justify;\">\n<p style=\"text-align: justify;\">A mostra reflete sobre o que o te\u00f3rico franc\u00eas Georges Didi-Huberman chamou de &#8220;a cis\u00e3o do ver&#8221; \u2014 o ponto em que o olhar e o ser olhado se cruzam, revelando que &#8220;o que vemos s\u00f3 vive em nossos olhos pelo que nos olha&#8221;. Nesse sentido, &#8220;Olhar Negro, Negro Olhar&#8221; prop\u00f5e uma revis\u00e3o cr\u00edtica e po\u00e9tica da hist\u00f3ria visual da Bahia, iluminando os diferentes percursos que moldaram o imagin\u00e1rio negro, sagrado e popular.<\/p>\n<p style=\"text-align: justify;\">\n<p style=\"text-align: justify;\"><strong>Artistas<\/strong><\/p>\n<p style=\"text-align: justify;\">A exposi\u00e7\u00e3o re\u00fane 23 artistas visuais de tr\u00eas gera\u00e7\u00f5es e pouco mais de 90 fotografias. S\u00e3o eles: Adenor Gondim, Amorin Japa, Andrea Fiamenghi, Arlete Soares, Arthur Seabra, Ayrson Her\u00e1clito, Bauer S\u00e1, Christian Cravo, Cristina Cenciarelli, Edgar Azevedo, Emanoel Sarav\u00e1, Helen Salom\u00e3o, Hirosuke Kitamura, Ismael Silva, Leila Chandani, Lucas Moreira, M\u00e1rio Cravo Neto, Miguel Rio Branco, Pierre Verger, Tacun Lecy, Vinicius Xavier, Voltaire Fraga, Z\u00e9lia Gattai.<\/p>\n<p style=\"text-align: justify;\">\n<p style=\"text-align: justify;\"><strong>Servi\u00e7o:<\/strong><\/p>\n<p style=\"text-align: justify;\">Olhar Negro, Negro Olhar \u2013 Antologia da Fotografia Negra da Bahia<\/p>\n<p style=\"text-align: justify;\">Curadoria: Ben\u00e9 Fonteles<\/p>\n<p style=\"text-align: justify;\">Pesquisa e organiza\u00e7\u00e3o: Marcelo Reis<\/p>\n<p style=\"text-align: justify;\">Abertura ao p\u00fablico: 13 de novembro de 2025<\/p>\n<p style=\"text-align: justify;\">Local: Galeria de Fotos \u2013 Centro Cultural Fiesp (Av. Paulista, 1.313 \u2013 S\u00e3o Paulo\/SP), esta\u00e7\u00e3o Metr\u00f4 Trianon-Masp<\/p>\n<p style=\"text-align: justify;\">Entrada franca<\/p>\n<p style=\"text-align: justify;\">Mais informa\u00e7\u00f5es: sesisp.org.br\/eventos<\/p>\n","protected":false},"excerpt":{"rendered":"<p>A mostra, com curadoria de Ben\u00e9 Fonteles e organiza\u00e7\u00e3o de Marcelo Reis, chega a S\u00e3o Paulo depois de passar por Bras\u00edlia e re\u00fane grandes nomes da fotografia Outubro, 2025 &#8211; A partir do dia 13 de novembro, o p\u00fablico poder\u00e1 conferir na Galeria de Fotos do Centro Cultural Fiesp, em S\u00e3o Paulo, a exposi\u00e7\u00e3o Olhar [&hellip;]<\/p>\n","protected":false},"author":1,"featured_media":26263,"comment_status":"open","ping_status":"open","sticky":false,"template":"","format":"standard","meta":{"_uag_custom_page_level_css":"","footnotes":""},"categories":[27],"tags":[27885,5052,27884,27883],"class_list":["post-26262","post","type-post","status-publish","format-standard","has-post-thumbnail","hentry","category-acontece","tag-cultura-e-diversidade","tag-fiesp","tag-negro-olhar-antologia-da-fotografia-negra-da-bahia","tag-olhar-negro"],"blocksy_meta":[],"spectra_blocks_featured_image_url":{"thumbnail":{"url":"https:\/\/construcaocivil.siriusmarketingedesign.com.br\/wp-content\/uploads\/2025\/10\/handler-18-150x150.jpeg","width":150,"height":150},"medium":{"url":"https:\/\/construcaocivil.siriusmarketingedesign.com.br\/wp-content\/uploads\/2025\/10\/handler-18-300x188.jpeg","width":300,"height":188},"medium_large":{"url":"https:\/\/construcaocivil.siriusmarketingedesign.com.br\/wp-content\/uploads\/2025\/10\/handler-18-768x480.jpeg","width":768,"height":480},"large":{"url":"https:\/\/construcaocivil.siriusmarketingedesign.com.br\/wp-content\/uploads\/2025\/10\/handler-18.jpeg","width":800,"height":500},"full":{"url":"https:\/\/construcaocivil.siriusmarketingedesign.com.br\/wp-content\/uploads\/2025\/10\/handler-18.jpeg","width":800,"height":500}},"spectra_blocks_author_info":{"display_name":"Jornal da Constru\u00e7\u00e3o Civil","avatar_url":"https:\/\/secure.gravatar.com\/avatar\/973c9774fd44ddaceb026973c4962faa70fc512bc4c9da68e8ebb40fecee6540?s=96&d=mm&r=g","author_link":"https:\/\/construcaocivil.siriusmarketingedesign.com.br\/?author=1","description":"Desde de 2013, levando muitas informa\u00e7\u00f5es, lan\u00e7amentos e produtos de qualidade para toda cadeia produtiva da constru\u00e7\u00e3o. O Futuro da constru\u00e7\u00e3o passa por aqui,"},"uagb_featured_image_src":{"full":["https:\/\/construcaocivil.siriusmarketingedesign.com.br\/wp-content\/uploads\/2025\/10\/handler-18.jpeg",800,500,false],"thumbnail":["https:\/\/construcaocivil.siriusmarketingedesign.com.br\/wp-content\/uploads\/2025\/10\/handler-18-150x150.jpeg",150,150,true],"medium":["https:\/\/construcaocivil.siriusmarketingedesign.com.br\/wp-content\/uploads\/2025\/10\/handler-18-300x188.jpeg",300,188,true],"medium_large":["https:\/\/construcaocivil.siriusmarketingedesign.com.br\/wp-content\/uploads\/2025\/10\/handler-18-768x480.jpeg",768,480,true],"large":["https:\/\/construcaocivil.siriusmarketingedesign.com.br\/wp-content\/uploads\/2025\/10\/handler-18.jpeg",800,500,false],"1536x1536":["https:\/\/construcaocivil.siriusmarketingedesign.com.br\/wp-content\/uploads\/2025\/10\/handler-18.jpeg",800,500,false],"2048x2048":["https:\/\/construcaocivil.siriusmarketingedesign.com.br\/wp-content\/uploads\/2025\/10\/handler-18.jpeg",800,500,false]},"uagb_author_info":{"display_name":"Jornal da Constru\u00e7\u00e3o Civil","author_link":"https:\/\/construcaocivil.siriusmarketingedesign.com.br\/?author=1"},"uagb_comment_info":0,"uagb_excerpt":"A mostra, com curadoria de Ben\u00e9 Fonteles e organiza\u00e7\u00e3o de Marcelo Reis, chega a S\u00e3o Paulo depois de passar por Bras\u00edlia e re\u00fane grandes nomes da fotografia Outubro, 2025 &#8211; A partir do dia 13 de novembro, o p\u00fablico poder\u00e1 conferir na Galeria de Fotos do Centro Cultural Fiesp, em S\u00e3o Paulo, a exposi\u00e7\u00e3o Olhar&hellip;","_links":{"self":[{"href":"https:\/\/construcaocivil.siriusmarketingedesign.com.br\/index.php?rest_route=\/wp\/v2\/posts\/26262","targetHints":{"allow":["GET"]}}],"collection":[{"href":"https:\/\/construcaocivil.siriusmarketingedesign.com.br\/index.php?rest_route=\/wp\/v2\/posts"}],"about":[{"href":"https:\/\/construcaocivil.siriusmarketingedesign.com.br\/index.php?rest_route=\/wp\/v2\/types\/post"}],"author":[{"embeddable":true,"href":"https:\/\/construcaocivil.siriusmarketingedesign.com.br\/index.php?rest_route=\/wp\/v2\/users\/1"}],"replies":[{"embeddable":true,"href":"https:\/\/construcaocivil.siriusmarketingedesign.com.br\/index.php?rest_route=%2Fwp%2Fv2%2Fcomments&post=26262"}],"version-history":[{"count":0,"href":"https:\/\/construcaocivil.siriusmarketingedesign.com.br\/index.php?rest_route=\/wp\/v2\/posts\/26262\/revisions"}],"wp:featuredmedia":[{"embeddable":true,"href":"https:\/\/construcaocivil.siriusmarketingedesign.com.br\/index.php?rest_route=\/wp\/v2\/media\/26263"}],"wp:attachment":[{"href":"https:\/\/construcaocivil.siriusmarketingedesign.com.br\/index.php?rest_route=%2Fwp%2Fv2%2Fmedia&parent=26262"}],"wp:term":[{"taxonomy":"category","embeddable":true,"href":"https:\/\/construcaocivil.siriusmarketingedesign.com.br\/index.php?rest_route=%2Fwp%2Fv2%2Fcategories&post=26262"},{"taxonomy":"post_tag","embeddable":true,"href":"https:\/\/construcaocivil.siriusmarketingedesign.com.br\/index.php?rest_route=%2Fwp%2Fv2%2Ftags&post=26262"}],"curies":[{"name":"wp","href":"https:\/\/api.w.org\/{rel}","templated":true}]}}