{"id":26265,"date":"2025-10-26T00:50:05","date_gmt":"2025-10-26T03:50:05","guid":{"rendered":"https:\/\/www.jornaldaconstrucaocivil.com.br\/?p=26265"},"modified":"2025-10-26T00:50:05","modified_gmt":"2025-10-26T03:50:05","slug":"obras-da-fabrica-do-samba-rosa-magalhaes-seguem-na-regiao-da-antiga-estacao-da-leopoldina","status":"publish","type":"post","link":"https:\/\/construcaocivil.siriusmarketingedesign.com.br\/?p=26265","title":{"rendered":"Obras da F\u00e1brica do Samba Rosa Magalh\u00e3es seguem na regi\u00e3o  da antiga Esta\u00e7\u00e3o da Leopoldina"},"content":{"rendered":"<p style=\"text-align: justify;\">O prefeito do Rio, Eduardo Paes, visitou, na tarde desta ter\u00e7a-feira (21\/10), as obras da F\u00e1brica do Samba Rosa Magalh\u00e3es, em S\u00e3o Crist\u00f3v\u00e3o, Zona Norte. Localizado na Rua Francisco Eug\u00eanio, pr\u00f3ximo \u00e0 antiga Esta\u00e7\u00e3o Leopoldina, o novo espa\u00e7o vai reunir 14 galp\u00f5es para abrigar as escolas de samba da S\u00e9rie Ouro, al\u00e9m de oferecer \u00e1reas de lazer, eventos e conviv\u00eancia para toda a popula\u00e7\u00e3o.<\/p>\n<p style=\"text-align: justify;\">\u2013 \u00c9 impressionante como a obra avan\u00e7ou. O m\u00e9todo construtivo mostra que devemos come\u00e7ar a liberar os primeiros barrac\u00f5es em meados do pr\u00f3ximo ano. Boa parte dessas escolas est\u00e3o em condi\u00e7\u00f5es prec\u00e1rias, em diferentes galp\u00f5es degradados, muitos amea\u00e7ados de despejo. Ent\u00e3o, a F\u00e1brica do Samba \u00e9 importante para qualificarmos o Carnaval e as condi\u00e7\u00f5es de trabalho das escolas de samba \u2013 afirmou Eduardo Paes, acompanhando do vice-prefeito Eduardo Cavaliere.<\/p>\n<p style=\"text-align: justify;\">Cinco galp\u00f5es est\u00e3o em fase de constru\u00e7\u00e3o, do 5 ao 9. J\u00e1 foram feitas escava\u00e7\u00f5es para preparar o terreno e iniciar as funda\u00e7\u00f5es. Nos galp\u00f5es 6 e 7, as equipes montam as formas das cintas, enquanto no galp\u00e3o 9 \u00e9 feito o nivelamento da base onde ser\u00e3o instalados os pilares.<\/p>\n<p style=\"text-align: justify;\">No galp\u00e3o 8, avan\u00e7a a coloca\u00e7\u00e3o das pe\u00e7as pr\u00e9-moldadas, e nos galp\u00f5es 5 a 8 continuam os trabalhos de soldagem das estruturas met\u00e1licas. A montagem das vigas do galp\u00e3o 6 tamb\u00e9m est\u00e1 em execu\u00e7\u00e3o. At\u00e9 agora, j\u00e1 foram conclu\u00eddas 378 das 728 estacas que formam a base dos galp\u00f5es.<\/p>\n<p style=\"text-align: justify;\">\u2013 A ideia \u00e9 que, na medida em que os galp\u00f5es forem ficando prontos, as escolas v\u00e3o fazendo a ocupa\u00e7\u00e3o, garantindo que no Carnaval de 2027 as escolas do grupo de acesso estejam bem instaladas \u2013 disse o prefeito do Rio.<\/p>\n<p style=\"text-align: justify;\">Cada um dos 14 galp\u00f5es das escolas de samba da S\u00e9rie Ouro ter\u00e1 cerca de 1,6 mil metros quadrados e ser\u00e1 equipado com oficinas de pintura e resinagem, ateli\u00eas de costura e dep\u00f3sito de fantasias e esculturas, al\u00e9m de \u00e1rea para modelagem de carros aleg\u00f3ricos.<\/p>\n<p style=\"text-align: justify;\">O t\u00e9rreo funcionar\u00e1 como garagem para at\u00e9 quatro alegorias por escola, o primeiro pavimento abrigar\u00e1 o refeit\u00f3rio e o segundo pavimento ser\u00e1 destinado \u00e0 confec\u00e7\u00e3o de fantasias e adere\u00e7os. O projeto inclui ainda elevador de carga com capacidade para uma tonelada, elevador social, banheiros, vesti\u00e1rios, refeit\u00f3rio e sistema de combate a inc\u00eandio.<\/p>\n<p style=\"text-align: justify;\">Al\u00e9m dos galp\u00f5es, o complexo de 33 mil metros quadrados contar\u00e1 com uma pra\u00e7a de eventos com palco, quiosques, \u00e1reas de estar e um pr\u00e9dio administrativo. Sustent\u00e1vel e moderno, o conjunto contar\u00e1 com ventila\u00e7\u00e3o natural, ilumina\u00e7\u00e3o zenital (entrada de luz natural) e instala\u00e7\u00e3o de placas fotovoltaicas, que v\u00e3o gerar parte da energia el\u00e9trica utilizada no complexo.<\/p>\n<p style=\"text-align: justify;\">\u2013 Estamos num ritmo muito bom de execu\u00e7\u00e3o. Tem todo um trabalho de funda\u00e7\u00e3o, e, \u00e0s vezes, demora um pouco para aparecer toda essa parte dos pilares e estrutura met\u00e1lica. O desafio \u00e9 grande, al\u00e9m dos galp\u00f5es, temos toda uma urbaniza\u00e7\u00e3o para executar. Vamos trabalhar fortemente para realizar essa entrega \u2013 frisou o secret\u00e1rio de Infraestrutura, Wanderson Santos, que administra a pasta respons\u00e1vel pela Empresa Municipal de Urbaniza\u00e7\u00e3o (Rio-Urbe), executora da obra.<\/p>\n<p>&nbsp;<\/p>\n<p>Fonte: Prefeitura do Rio<\/p>\n","protected":false},"excerpt":{"rendered":"<p>O prefeito do Rio, Eduardo Paes, visitou, na tarde desta ter\u00e7a-feira (21\/10), as obras da F\u00e1brica do Samba Rosa Magalh\u00e3es, em S\u00e3o Crist\u00f3v\u00e3o, Zona Norte. Localizado na Rua Francisco Eug\u00eanio, pr\u00f3ximo \u00e0 antiga Esta\u00e7\u00e3o Leopoldina, o novo espa\u00e7o vai reunir 14 galp\u00f5es para abrigar as escolas de samba da S\u00e9rie Ouro, al\u00e9m de oferecer \u00e1reas [&hellip;]<\/p>\n","protected":false},"author":1,"featured_media":26266,"comment_status":"open","ping_status":"open","sticky":false,"template":"","format":"standard","meta":{"_uag_custom_page_level_css":"","footnotes":""},"categories":[31],"tags":[27886,27889,27890,27888,27887],"class_list":["post-26265","post","type-post","status-publish","format-standard","has-post-thumbnail","hentry","category-infraestrutura","tag-cidade-do-samba-2","tag-estacao-da-leopoldina-trem","tag-fabrica-do-samba-rosa-magalhaes","tag-obras-da-cidade-do-samba","tag-samba-e-carnaval"],"blocksy_meta":[],"spectra_blocks_featured_image_url":{"thumbnail":{"url":"https:\/\/construcaocivil.siriusmarketingedesign.com.br\/wp-content\/uploads\/2025\/10\/WhatsApp-Image-2025-10-21-at-16.05.50-150x150.jpeg","width":150,"height":150},"medium":{"url":"https:\/\/construcaocivil.siriusmarketingedesign.com.br\/wp-content\/uploads\/2025\/10\/WhatsApp-Image-2025-10-21-at-16.05.50-300x200.jpeg","width":300,"height":200},"medium_large":{"url":"https:\/\/construcaocivil.siriusmarketingedesign.com.br\/wp-content\/uploads\/2025\/10\/WhatsApp-Image-2025-10-21-at-16.05.50-768x512.jpeg","width":768,"height":512},"large":{"url":"https:\/\/construcaocivil.siriusmarketingedesign.com.br\/wp-content\/uploads\/2025\/10\/WhatsApp-Image-2025-10-21-at-16.05.50-1024x682.jpeg","width":1024,"height":682},"full":{"url":"https:\/\/construcaocivil.siriusmarketingedesign.com.br\/wp-content\/uploads\/2025\/10\/WhatsApp-Image-2025-10-21-at-16.05.50.jpeg","width":1280,"height":853}},"spectra_blocks_author_info":{"display_name":"Jornal da Constru\u00e7\u00e3o Civil","avatar_url":"https:\/\/secure.gravatar.com\/avatar\/973c9774fd44ddaceb026973c4962faa70fc512bc4c9da68e8ebb40fecee6540?s=96&d=mm&r=g","author_link":"https:\/\/construcaocivil.siriusmarketingedesign.com.br\/?author=1","description":"Desde de 2013, levando muitas informa\u00e7\u00f5es, lan\u00e7amentos e produtos de qualidade para toda cadeia produtiva da constru\u00e7\u00e3o. O Futuro da constru\u00e7\u00e3o passa por aqui,"},"uagb_featured_image_src":{"full":["https:\/\/construcaocivil.siriusmarketingedesign.com.br\/wp-content\/uploads\/2025\/10\/WhatsApp-Image-2025-10-21-at-16.05.50.jpeg",1280,853,false],"thumbnail":["https:\/\/construcaocivil.siriusmarketingedesign.com.br\/wp-content\/uploads\/2025\/10\/WhatsApp-Image-2025-10-21-at-16.05.50-150x150.jpeg",150,150,true],"medium":["https:\/\/construcaocivil.siriusmarketingedesign.com.br\/wp-content\/uploads\/2025\/10\/WhatsApp-Image-2025-10-21-at-16.05.50-300x200.jpeg",300,200,true],"medium_large":["https:\/\/construcaocivil.siriusmarketingedesign.com.br\/wp-content\/uploads\/2025\/10\/WhatsApp-Image-2025-10-21-at-16.05.50-768x512.jpeg",768,512,true],"large":["https:\/\/construcaocivil.siriusmarketingedesign.com.br\/wp-content\/uploads\/2025\/10\/WhatsApp-Image-2025-10-21-at-16.05.50-1024x682.jpeg",1024,682,true],"1536x1536":["https:\/\/construcaocivil.siriusmarketingedesign.com.br\/wp-content\/uploads\/2025\/10\/WhatsApp-Image-2025-10-21-at-16.05.50.jpeg",1280,853,false],"2048x2048":["https:\/\/construcaocivil.siriusmarketingedesign.com.br\/wp-content\/uploads\/2025\/10\/WhatsApp-Image-2025-10-21-at-16.05.50.jpeg",1280,853,false]},"uagb_author_info":{"display_name":"Jornal da Constru\u00e7\u00e3o Civil","author_link":"https:\/\/construcaocivil.siriusmarketingedesign.com.br\/?author=1"},"uagb_comment_info":0,"uagb_excerpt":"O prefeito do Rio, Eduardo Paes, visitou, na tarde desta ter\u00e7a-feira (21\/10), as obras da F\u00e1brica do Samba Rosa Magalh\u00e3es, em S\u00e3o Crist\u00f3v\u00e3o, Zona Norte. Localizado na Rua Francisco Eug\u00eanio, pr\u00f3ximo \u00e0 antiga Esta\u00e7\u00e3o Leopoldina, o novo espa\u00e7o vai reunir 14 galp\u00f5es para abrigar as escolas de samba da S\u00e9rie Ouro, al\u00e9m de oferecer \u00e1reas&hellip;","_links":{"self":[{"href":"https:\/\/construcaocivil.siriusmarketingedesign.com.br\/index.php?rest_route=\/wp\/v2\/posts\/26265","targetHints":{"allow":["GET"]}}],"collection":[{"href":"https:\/\/construcaocivil.siriusmarketingedesign.com.br\/index.php?rest_route=\/wp\/v2\/posts"}],"about":[{"href":"https:\/\/construcaocivil.siriusmarketingedesign.com.br\/index.php?rest_route=\/wp\/v2\/types\/post"}],"author":[{"embeddable":true,"href":"https:\/\/construcaocivil.siriusmarketingedesign.com.br\/index.php?rest_route=\/wp\/v2\/users\/1"}],"replies":[{"embeddable":true,"href":"https:\/\/construcaocivil.siriusmarketingedesign.com.br\/index.php?rest_route=%2Fwp%2Fv2%2Fcomments&post=26265"}],"version-history":[{"count":0,"href":"https:\/\/construcaocivil.siriusmarketingedesign.com.br\/index.php?rest_route=\/wp\/v2\/posts\/26265\/revisions"}],"wp:featuredmedia":[{"embeddable":true,"href":"https:\/\/construcaocivil.siriusmarketingedesign.com.br\/index.php?rest_route=\/wp\/v2\/media\/26266"}],"wp:attachment":[{"href":"https:\/\/construcaocivil.siriusmarketingedesign.com.br\/index.php?rest_route=%2Fwp%2Fv2%2Fmedia&parent=26265"}],"wp:term":[{"taxonomy":"category","embeddable":true,"href":"https:\/\/construcaocivil.siriusmarketingedesign.com.br\/index.php?rest_route=%2Fwp%2Fv2%2Fcategories&post=26265"},{"taxonomy":"post_tag","embeddable":true,"href":"https:\/\/construcaocivil.siriusmarketingedesign.com.br\/index.php?rest_route=%2Fwp%2Fv2%2Ftags&post=26265"}],"curies":[{"name":"wp","href":"https:\/\/api.w.org\/{rel}","templated":true}]}}