{"id":26284,"date":"2025-10-29T00:30:10","date_gmt":"2025-10-29T03:30:10","guid":{"rendered":"https:\/\/www.jornaldaconstrucaocivil.com.br\/?p=26284"},"modified":"2025-10-29T00:30:10","modified_gmt":"2025-10-29T03:30:10","slug":"abertura-do-brazil-windpower-2025-reforca-alianca-entre-governos-e-setor-produtivo-pela-transicao-energetica-e-pela-industrializacao-verde","status":"publish","type":"post","link":"https:\/\/construcaocivil.siriusmarketingedesign.com.br\/?p=26284","title":{"rendered":"Abertura do Brazil Windpower 2025 refor\u00e7a alian\u00e7a entre governos e setor produtivo pela transi\u00e7\u00e3o energ\u00e9tica e pela industrializa\u00e7\u00e3o verde"},"content":{"rendered":"<p style=\"text-align: justify;\"><i>Evento re\u00fane governadores, ministros e lideran\u00e7as internacionais e lan\u00e7a a &#8220;Agenda 2050&#8221;, estudo que prop\u00f5e caminhos para descarbonizar e (neo)industrializar o Brasil<\/i><\/p>\n<p style=\"text-align: justify;\"><strong>S\u00e3o Paulo, 28 de outubro de 2025 \u2013\u00a0<\/strong>O primeiro dia do Brazil Windpower 2025, maior evento de energia e\u00f3lica da Am\u00e9rica Latina, foi marcado pelo lan\u00e7amento do estudo \u201cAgenda 2050: Propostas para descarbonizar e (neo)industrializar o Brasil\u201d e pela assinatura da Carta da Coaliz\u00e3o dos Projetos E\u00f3licos Offshore, firmada pelos governos do Rio Grande do Norte, Rio Grande do Sul e Rio de Janeiro. Organizado pela Informa Markets e coorganizado pela Associa\u00e7\u00e3o Brasileira de Energia E\u00f3lica e Novas Tecnologias (ABEE\u00f3lica) e o Global Wind Energy Council (GWEC), o encontro reuniu autoridades federais, estaduais e lideran\u00e7as internacionais em torno uma agenda comum de desenvolvimento sustent\u00e1vel e industrializa\u00e7\u00e3o verde.<\/p>\n<p style=\"text-align: justify;\">A presidenta do Conselho da ABEE\u00f3lica, Laura Porto, defendeu medidas urgentes para restabelecerde\u00a0\u00a0o equil\u00edbrio econ\u00f4mico e regulat\u00f3rio do setor.\u201cVivemos um momento cr\u00edtico. A ind\u00fastria enfrenta restri\u00e7\u00f5es de transmiss\u00e3o, cortes de gera\u00e7\u00e3o e inseguran\u00e7a regulat\u00f3ria. Precisamos agir e agir j\u00e1\u201d, afirmou. Na sequ\u00eancia, a presidente-executiva da entidade, Elbia Gannoum, lan\u00e7ou o Manifesto da Ind\u00fastria de Energia E\u00f3lica, destacando a urg\u00eancia de uma retomada sustent\u00e1vel e o papel estrat\u00e9gico do setor na COP30.\u201cO vento \u00e9 vetor de desenvolvimento, soberania e oportunidade. A energia e\u00f3lica simboliza uma transi\u00e7\u00e3o que \u00e9 ambiental, econ\u00f4mica e social\u201d, declarou.<\/p>\n<p style=\"text-align: justify;\"><strong>Governos refor\u00e7am o papel dos estados na transi\u00e7\u00e3o energ\u00e9tica<\/strong><\/p>\n<p style=\"text-align: justify;\">O evento contou com a presen\u00e7a dos governadores F\u00e1tima Bezerra (Rio Grande do Norte), Jer\u00f4nimo Rodrigues (Bahia) e Eduardo Leite (Rio Grande do Sul), al\u00e9m do representante do Governo do Rio de Janeiro, S\u00e9rgio Coelho, e do ministro dos Transportes, Renan Filho, representando o Governo Federal.<\/p>\n<p style=\"text-align: justify;\">F\u00e1tima Bezerra, que governa o estado respons\u00e1vel por 32% da gera\u00e7\u00e3o e\u00f3lica nacional, defendeu que a transi\u00e7\u00e3o energ\u00e9tica tamb\u00e9m deve ser social e inclusiva. \u201cO vento que sopra no nosso litoral precisa gerar emprego, renda e oportunidades reais de transforma\u00e7\u00e3o\u201d, disse.<\/p>\n<p style=\"text-align: justify;\">Jer\u00f4nimo Rodrigues, governador da Bahia, apresentou o avan\u00e7o do Proterner, pol\u00edtica estadual de transi\u00e7\u00e3o energ\u00e9tica, e destacou a atua\u00e7\u00e3o conjunta do Cons\u00f3rcio Nordeste. Segundo ele, a energia e\u00f3lica interioriza o desenvolvimento e deve garantir que as comunidades recebam benef\u00edcios diretos da nova economia.<\/p>\n<p style=\"text-align: justify;\">Eduardo Leite, governador do Rio Grande do Sul, afirmou que o pa\u00eds deve agir agora para se posicionar globalmente. O estado possui 50 projetos licenciados e 16 GW em desenvolvimento onshore, al\u00e9m de potencial superior a 100 GW offshore. \u201cA transi\u00e7\u00e3o energ\u00e9tica \u00e9 uma oportunidade enquanto for transi\u00e7\u00e3o. Quando o mundo completar essa jornada, quem n\u00e3o tiver agido agora ficar\u00e1 para tr\u00e1s\u201d, pontuou.<\/p>\n<p style=\"text-align: justify;\">Representando o Governo do Rio de Janeiro, S\u00e9rgio Coelho destacou a import\u00e2ncia da ind\u00fastria mar\u00edtima e do desenvolvimento de cadeias produtivas locais: \u201cA energia offshore \u00e9 uma nova fronteira de desenvolvimento. Estamos unindo tecnologia, sustentabilidade e gera\u00e7\u00e3o de empregos qualificados\u201d, afirmou.<\/p>\n<p style=\"text-align: justify;\"><strong>Agenda 2050 prop\u00f5e nova pol\u00edtica industrial verde<\/strong><\/p>\n<p style=\"text-align: justify;\">A diretora do Banco Nacional de Desenvolvimento Econ\u00f4mico e Social (BNDES), Luciana Costa, lembrou que o banco financiou quase 50% da capacidade e\u00f3lica instalada no Brasil e segue apoiando a expans\u00e3o onshore e offshore. Ela afirmou que o pa\u00eds entra agora em uma nova fase de investimento. \u201cO Brasil j\u00e1 fez a primeira onda da transi\u00e7\u00e3o energ\u00e9tica. O desafio agora \u00e9 financiar a segunda, com infraestrutura, dados, hidrog\u00eanio verde e data centers hyperscale\u201d, disse.<\/p>\n<p style=\"text-align: justify;\">O economista Luciano Coutinho, ex-presidente do BNDES, apresentou o estudo \u201cAgenda 2050\u201d, que prop\u00f5e medidas para eletrificar processos industriais e impulsionar a neoindustrializa\u00e7\u00e3o verde. O relat\u00f3rio estima que o Brasil pode gerar 19 gigawatts (GW) adicionais de demanda por energia limpa e elevar o PIB em at\u00e9 6,8% at\u00e9 2040 com a descarboniza\u00e7\u00e3o da ind\u00fastria. Segundo Coutinho, cada investimento em energia e\u00f3lica gera tr\u00eas vezes mais impacto econ\u00f4mico que a m\u00e9dia de outros setores, e munic\u00edpios com parques e\u00f3licos crescem 21% mais r\u00e1pido, com IDH 20% superior \u00e0 m\u00e9dia nacional.<\/p>\n<p style=\"text-align: justify;\"><strong>Expans\u00e3o onshore e offshore<\/strong><\/p>\n<p style=\"text-align: justify;\">A diretora do Banco Nacional de Desenvolvimento Econ\u00f4mico e Social (BNDES), Luciana Costa, destacou que o banco financiou quase 50% da capacidade e\u00f3lica instalada no Brasil e segue apoiando a expans\u00e3o onshore e offshore. \u201cO Brasil j\u00e1 fez a primeira onda da transi\u00e7\u00e3o energ\u00e9tica. O desafio agora \u00e9 financiar a segunda, com infraestrutura, dados, hidrog\u00eanio verde e data centers hyperscale.\u201d<\/p>\n<p style=\"text-align: justify;\">O economista Luciano Coutinho, ex-presidente do BNDES, apresentou o relat\u00f3rio \u201cAgenda 2050\u201d, que prop\u00f5e medidas para eletrificar processos industriais e impulsionar a neoindustrializa\u00e7\u00e3o verde.O estudo aponta que o Brasil pode gerar 19 gigawatts (GW) adicionais de demanda por energia limpa e elevar o PIB em at\u00e9 6,8% at\u00e9 2040 com a descarboniza\u00e7\u00e3o da ind\u00fastria. Segundo Coutinho, cada investimento em energia e\u00f3lica gera tr\u00eas vezes mais impacto econ\u00f4mico que a m\u00e9dia de outros setores, e munic\u00edpios com parques e\u00f3licos crescem 21% mais r\u00e1pido, apresentando IDH 20% superior.<\/p>\n<p style=\"text-align: justify;\"><strong>Setor privado refor\u00e7a competitividade e inova\u00e7\u00e3o<\/strong><\/p>\n<p style=\"text-align: justify;\">Durante o painel de lan\u00e7amento, a executiva Julia Paletta,\u00a0<em>Country Head<\/em>\u00a0da Ocean Energy Pathway (OEP), defendeu que a energia e\u00f3lica offshore deve ser a \u00e2ncora da estrat\u00e9gia de\u00a0<em>Power Shoring<\/em>, posicionando o Brasil como fornecedor global de energia limpa. \u201cA energia e\u00f3lica \u00e9 uma oportunidade econ\u00f4mica e de resili\u00eancia. \u00c9 hora de transformar nossas vantagens naturais em vantagens competitivas\u201d, disse.<\/p>\n<p style=\"text-align: justify;\">O CEO do Global Wind Energy Council (GWEC), Ben Backwell, refor\u00e7ou que a transi\u00e7\u00e3o energ\u00e9tica \u00e9 um caminho irrevers\u00edvel e que o Brasil deve manter o foco em tecnologias de futuro.\u201cO pa\u00eds tem os melhores recursos e\u00f3licos e solares do mundo. Voltar ao passado \u00e9 desperdi\u00e7ar uma vantagem que nenhum outro possui\u201d, afirmou.<\/p>\n<p style=\"text-align: justify;\"><strong>Brasil chega \u00e0 COP30 com protagonismo renovado<\/strong><\/p>\n<p style=\"text-align: justify;\">Encerrando a cerim\u00f4nia, Elbia Gannoum destacou que o Brasil chega \u00e0 COP30, que ser\u00e1 realizada em Bel\u00e9m (PA), como refer\u00eancia global em energia limpa e inova\u00e7\u00e3o.\u201cO Brasil tem a matriz el\u00e9trica mais renov\u00e1vel do mundo. O vento que sopra aqui \u00e9 o mesmo que move o planeta rumo \u00e0 descarboniza\u00e7\u00e3o\u201d, afirmou.<\/p>\n<p style=\"text-align: justify;\">Com mais de 36 GW de capacidade instalada e uma cadeia produtiva 80% nacionalizada, o pa\u00eds consolida sua posi\u00e7\u00e3o como l\u00edder em energia e\u00f3lica na Am\u00e9rica Latina e refor\u00e7a o papel da ind\u00fastria como motor da transi\u00e7\u00e3o energ\u00e9tica, da gera\u00e7\u00e3o de empregos e da nova industrializa\u00e7\u00e3o verde.<br \/>\n<strong><br \/>\n\ud83d\udcc5 Confira a programa\u00e7\u00e3o completa:\u00a0<\/strong><a href=\"https:\/\/www.brazilwindpower.com.br\/pt\/congresso.html\" target=\"_blank\" rel=\"noopener noreferrer\"><strong>https:\/\/www.brazilwindpower.com.br\/pt\/congresso.html<\/strong><\/a><\/p>\n<p style=\"text-align: justify;\"><strong>Servi\u00e7o:<\/strong><br \/>\n<strong>Brazil Windpower 2025<\/strong><br \/>\n<strong>Data:<\/strong>\u00a028 a 30 de outubro de 2025<br \/>\n<strong>Local:<\/strong>\u00a0S\u00e3o Paulo Expo \u2013 S\u00e3o Paulo\/SP<br \/>\n<strong>Mais informa\u00e7\u00f5es:<\/strong>\u00a0<a href=\"http:\/\/www.brazilwindpower.com.br\/\" target=\"_blank\" rel=\"noopener noreferrer\">www.brazilwindpower.com.br<\/a><\/p>\n<div style=\"text-align: justify;\"><\/div>\n","protected":false},"excerpt":{"rendered":"<p>Evento re\u00fane governadores, ministros e lideran\u00e7as internacionais e lan\u00e7a a &#8220;Agenda 2050&#8221;, estudo que prop\u00f5e caminhos para descarbonizar e (neo)industrializar o Brasil S\u00e3o Paulo, 28 de outubro de 2025 \u2013\u00a0O primeiro dia do Brazil Windpower 2025, maior evento de energia e\u00f3lica da Am\u00e9rica Latina, foi marcado pelo lan\u00e7amento do estudo \u201cAgenda 2050: Propostas para descarbonizar [&hellip;]<\/p>\n","protected":false},"author":1,"featured_media":26285,"comment_status":"open","ping_status":"open","sticky":false,"template":"","format":"standard","meta":{"_uag_custom_page_level_css":"","footnotes":""},"categories":[29,1],"tags":[292,27902,27903,10383],"class_list":["post-26284","post","type-post","status-publish","format-standard","has-post-thumbnail","hentry","category-energia","category-sem-categoria","tag-abeeolica","tag-brazil-windpower-2025","tag-gigawatts-gw","tag-rio-grande-do-norte"],"blocksy_meta":[],"spectra_blocks_featured_image_url":{"thumbnail":{"url":"https:\/\/construcaocivil.siriusmarketingedesign.com.br\/wp-content\/uploads\/2025\/10\/Imagem1-2-150x150.jpg","width":150,"height":150},"medium":{"url":"https:\/\/construcaocivil.siriusmarketingedesign.com.br\/wp-content\/uploads\/2025\/10\/Imagem1-2-300x200.jpg","width":300,"height":200},"medium_large":{"url":"https:\/\/construcaocivil.siriusmarketingedesign.com.br\/wp-content\/uploads\/2025\/10\/Imagem1-2-768x513.jpg","width":768,"height":513},"large":{"url":"https:\/\/construcaocivil.siriusmarketingedesign.com.br\/wp-content\/uploads\/2025\/10\/Imagem1-2-1024x683.jpg","width":1024,"height":683},"full":{"url":"https:\/\/construcaocivil.siriusmarketingedesign.com.br\/wp-content\/uploads\/2025\/10\/Imagem1-2.jpg","width":1299,"height":867}},"spectra_blocks_author_info":{"display_name":"Jornal da Constru\u00e7\u00e3o Civil","avatar_url":"https:\/\/secure.gravatar.com\/avatar\/973c9774fd44ddaceb026973c4962faa70fc512bc4c9da68e8ebb40fecee6540?s=96&d=mm&r=g","author_link":"https:\/\/construcaocivil.siriusmarketingedesign.com.br\/?author=1","description":"Desde de 2013, levando muitas informa\u00e7\u00f5es, lan\u00e7amentos e produtos de qualidade para toda cadeia produtiva da constru\u00e7\u00e3o. O Futuro da constru\u00e7\u00e3o passa por aqui,"},"uagb_featured_image_src":{"full":["https:\/\/construcaocivil.siriusmarketingedesign.com.br\/wp-content\/uploads\/2025\/10\/Imagem1-2.jpg",1299,867,false],"thumbnail":["https:\/\/construcaocivil.siriusmarketingedesign.com.br\/wp-content\/uploads\/2025\/10\/Imagem1-2-150x150.jpg",150,150,true],"medium":["https:\/\/construcaocivil.siriusmarketingedesign.com.br\/wp-content\/uploads\/2025\/10\/Imagem1-2-300x200.jpg",300,200,true],"medium_large":["https:\/\/construcaocivil.siriusmarketingedesign.com.br\/wp-content\/uploads\/2025\/10\/Imagem1-2-768x513.jpg",768,513,true],"large":["https:\/\/construcaocivil.siriusmarketingedesign.com.br\/wp-content\/uploads\/2025\/10\/Imagem1-2-1024x683.jpg",1024,683,true],"1536x1536":["https:\/\/construcaocivil.siriusmarketingedesign.com.br\/wp-content\/uploads\/2025\/10\/Imagem1-2.jpg",1299,867,false],"2048x2048":["https:\/\/construcaocivil.siriusmarketingedesign.com.br\/wp-content\/uploads\/2025\/10\/Imagem1-2.jpg",1299,867,false]},"uagb_author_info":{"display_name":"Jornal da Constru\u00e7\u00e3o Civil","author_link":"https:\/\/construcaocivil.siriusmarketingedesign.com.br\/?author=1"},"uagb_comment_info":0,"uagb_excerpt":"Evento re\u00fane governadores, ministros e lideran\u00e7as internacionais e lan\u00e7a a &#8220;Agenda 2050&#8221;, estudo que prop\u00f5e caminhos para descarbonizar e (neo)industrializar o Brasil S\u00e3o Paulo, 28 de outubro de 2025 \u2013\u00a0O primeiro dia do Brazil Windpower 2025, maior evento de energia e\u00f3lica da Am\u00e9rica Latina, foi marcado pelo lan\u00e7amento do estudo \u201cAgenda 2050: Propostas para descarbonizar&hellip;","_links":{"self":[{"href":"https:\/\/construcaocivil.siriusmarketingedesign.com.br\/index.php?rest_route=\/wp\/v2\/posts\/26284","targetHints":{"allow":["GET"]}}],"collection":[{"href":"https:\/\/construcaocivil.siriusmarketingedesign.com.br\/index.php?rest_route=\/wp\/v2\/posts"}],"about":[{"href":"https:\/\/construcaocivil.siriusmarketingedesign.com.br\/index.php?rest_route=\/wp\/v2\/types\/post"}],"author":[{"embeddable":true,"href":"https:\/\/construcaocivil.siriusmarketingedesign.com.br\/index.php?rest_route=\/wp\/v2\/users\/1"}],"replies":[{"embeddable":true,"href":"https:\/\/construcaocivil.siriusmarketingedesign.com.br\/index.php?rest_route=%2Fwp%2Fv2%2Fcomments&post=26284"}],"version-history":[{"count":0,"href":"https:\/\/construcaocivil.siriusmarketingedesign.com.br\/index.php?rest_route=\/wp\/v2\/posts\/26284\/revisions"}],"wp:featuredmedia":[{"embeddable":true,"href":"https:\/\/construcaocivil.siriusmarketingedesign.com.br\/index.php?rest_route=\/wp\/v2\/media\/26285"}],"wp:attachment":[{"href":"https:\/\/construcaocivil.siriusmarketingedesign.com.br\/index.php?rest_route=%2Fwp%2Fv2%2Fmedia&parent=26284"}],"wp:term":[{"taxonomy":"category","embeddable":true,"href":"https:\/\/construcaocivil.siriusmarketingedesign.com.br\/index.php?rest_route=%2Fwp%2Fv2%2Fcategories&post=26284"},{"taxonomy":"post_tag","embeddable":true,"href":"https:\/\/construcaocivil.siriusmarketingedesign.com.br\/index.php?rest_route=%2Fwp%2Fv2%2Ftags&post=26284"}],"curies":[{"name":"wp","href":"https:\/\/api.w.org\/{rel}","templated":true}]}}