{"id":26333,"date":"2025-11-08T15:16:15","date_gmt":"2025-11-08T18:16:15","guid":{"rendered":"https:\/\/www.jornaldaconstrucaocivil.com.br\/?p=26333"},"modified":"2025-11-08T15:16:15","modified_gmt":"2025-11-08T18:16:15","slug":"efeitos-climaticos-tornado-destroi-cidade-no-parana-governador-decreta-luto-oficial-de-tres-dias-em-memoria-das-vitimas","status":"publish","type":"post","link":"https:\/\/construcaocivil.siriusmarketingedesign.com.br\/?p=26333","title":{"rendered":"Efeitos clim\u00e1ticos: Tornado destr\u00f3i cidade no Paran\u00e1; Governador decreta luto oficial de tr\u00eas dias em mem\u00f3ria das v\u00edtimas"},"content":{"rendered":"<p style=\"text-align: justify;\">Equipes de diversos \u00f3rg\u00e3os estaduais e municipais est\u00e3o mobilizados para atendimento \u00e0s v\u00edtimas, que somam mais de 750 atendimentos. Rio Bonito do Igua\u00e7u foi a cidade mais atingida.<\/p>\n<p style=\"text-align: justify;\">Novembro, 2025 &#8211; O governador Carlos Massa Ratinho Junior decretou ( <span class=\"embedded-entity\" title=\"Decreto n\u00ba 11839\/2025\" data-embed-button=\"midia_embarcada\" data-entity-embed-display=\"view_mode:media.midia_anexada_em_outro_node\" data-entity-embed-display-settings=\"Decreto n\u00ba 11839\/2025\" data-entity-type=\"media\" data-entity-uuid=\"d312e0f5-504c-40c4-9009-d47c94889ecb\" data-langcode=\"pt-br\"><a class=\"0\" href=\"https:\/\/www.parana.pr.gov.br\/sites\/default\/arquivos_restritos\/files\/documento\/2025-11\/11839-1.pdf\" target=\"_blank\" rel=\"nofollow noopener\" type=\"application\/pdf; length=106346\">Decreto n\u00ba 11839\/2025<\/a>\u00a0<\/span>) neste s\u00e1bado (8) luto oficial de tr\u00eas dias em decorr\u00eancia das v\u00edtimas que perderam a vida ap\u00f3s um tornado atingir o Estado, em especial o munic\u00edpio de Rio Bonito do Igua\u00e7u, na regi\u00e3o Centro-Sul. Equipes de diversos \u00f3rg\u00e3os estaduais e municipais est\u00e3o mobilizados para atendimento \u00e0s v\u00edtimas, que somam mais de 750 atendimentos. O decreto vale para todo o Estado.<\/p>\n<p style=\"text-align: justify;\">O Governo do Estado confirmou, at\u00e9 o momento, seis \u00f3bitos em decorr\u00eancia das chuvas no Estado. Do total de v\u00edtimas, cinco s\u00e3o de Rio Bonito do Igua\u00e7u e uma de Guarapuava, na \u00e1rea rural. Em Rio Bonito do Igua\u00e7u foram tr\u00eas homens com idades de 49, 57 e 83 anos, e duas mulheres, com idades de 14 e 47 anos. A v\u00edtima de Guarapuava \u00e9 um homem de 53 anos.<\/p>\n<p style=\"text-align: justify;\">Tamb\u00e9m h\u00e1 um desaparecido no momento, mas as for\u00e7as de salvamento ainda est\u00e3o recebendo informa\u00e7\u00f5es de familiares e o n\u00famero pode aumentar. Mais de 50 bombeiros j\u00e1 est\u00e3o em atendimento na cidade. Todas as pessoas que estavam em \u00e1reas vis\u00edveis j\u00e1 receberam atendimento m\u00e9dico. Algumas inclusive passaram por cirurgia.<\/p>\n<p style=\"text-align: justify;\">O atendimento inicial das v\u00edtimas est\u00e1 sendo feito em duas unidades hospitalares, uma unidade b\u00e1sica de sa\u00fade (UBS) e uma faculdade de Laranjeiras do Sul. Os pacientes que precisam de transfer\u00eancias s\u00e3o encaminhados ao Hospital Universit\u00e1rio de Cascavel e ao Hospital Regional de Guarapuava.<\/p>\n<p>&nbsp;<\/p>\n<p>Fonte: Gov. Paran\u00e1<\/p>\n","protected":false},"excerpt":{"rendered":"<p>Equipes de diversos \u00f3rg\u00e3os estaduais e municipais est\u00e3o mobilizados para atendimento \u00e0s v\u00edtimas, que somam mais de 750 atendimentos. Rio Bonito do Igua\u00e7u foi a cidade mais atingida. Novembro, 2025 &#8211; O governador Carlos Massa Ratinho Junior decretou ( Decreto n\u00ba 11839\/2025\u00a0) neste s\u00e1bado (8) luto oficial de tr\u00eas dias em decorr\u00eancia das v\u00edtimas que [&hellip;]<\/p>\n","protected":false},"author":1,"featured_media":26334,"comment_status":"open","ping_status":"open","sticky":false,"template":"","format":"standard","meta":{"_uag_custom_page_level_css":"","footnotes":""},"categories":[31],"tags":[3411,26955,27926,27925],"class_list":["post-26333","post","type-post","status-publish","format-standard","has-post-thumbnail","hentry","category-infraestrutura","tag-defesa-civil","tag-destruicao-e-mortes","tag-rio-bonito-do-iguacu","tag-tornado-parana"],"blocksy_meta":[],"spectra_blocks_featured_image_url":{"thumbnail":{"url":"https:\/\/construcaocivil.siriusmarketingedesign.com.br\/wp-content\/uploads\/2025\/11\/img_2941-150x150.jpg","width":150,"height":150},"medium":{"url":"https:\/\/construcaocivil.siriusmarketingedesign.com.br\/wp-content\/uploads\/2025\/11\/img_2941-300x200.jpg","width":300,"height":200},"medium_large":{"url":"https:\/\/construcaocivil.siriusmarketingedesign.com.br\/wp-content\/uploads\/2025\/11\/img_2941-768x512.jpg","width":768,"height":512},"large":{"url":"https:\/\/construcaocivil.siriusmarketingedesign.com.br\/wp-content\/uploads\/2025\/11\/img_2941-1024x683.jpg","width":1024,"height":683},"full":{"url":"https:\/\/construcaocivil.siriusmarketingedesign.com.br\/wp-content\/uploads\/2025\/11\/img_2941-scaled.jpg","width":2560,"height":1707}},"spectra_blocks_author_info":{"display_name":"Jornal da Constru\u00e7\u00e3o Civil","avatar_url":"https:\/\/secure.gravatar.com\/avatar\/973c9774fd44ddaceb026973c4962faa70fc512bc4c9da68e8ebb40fecee6540?s=96&d=mm&r=g","author_link":"https:\/\/construcaocivil.siriusmarketingedesign.com.br\/?author=1","description":"Desde de 2013, levando muitas informa\u00e7\u00f5es, lan\u00e7amentos e produtos de qualidade para toda cadeia produtiva da constru\u00e7\u00e3o. O Futuro da constru\u00e7\u00e3o passa por aqui,"},"uagb_featured_image_src":{"full":["https:\/\/construcaocivil.siriusmarketingedesign.com.br\/wp-content\/uploads\/2025\/11\/img_2941-scaled.jpg",2560,1707,false],"thumbnail":["https:\/\/construcaocivil.siriusmarketingedesign.com.br\/wp-content\/uploads\/2025\/11\/img_2941-150x150.jpg",150,150,true],"medium":["https:\/\/construcaocivil.siriusmarketingedesign.com.br\/wp-content\/uploads\/2025\/11\/img_2941-300x200.jpg",300,200,true],"medium_large":["https:\/\/construcaocivil.siriusmarketingedesign.com.br\/wp-content\/uploads\/2025\/11\/img_2941-768x512.jpg",768,512,true],"large":["https:\/\/construcaocivil.siriusmarketingedesign.com.br\/wp-content\/uploads\/2025\/11\/img_2941-1024x683.jpg",1024,683,true],"1536x1536":["https:\/\/construcaocivil.siriusmarketingedesign.com.br\/wp-content\/uploads\/2025\/11\/img_2941-1536x1024.jpg",1536,1024,true],"2048x2048":["https:\/\/construcaocivil.siriusmarketingedesign.com.br\/wp-content\/uploads\/2025\/11\/img_2941-2048x1365.jpg",2048,1365,true]},"uagb_author_info":{"display_name":"Jornal da Constru\u00e7\u00e3o Civil","author_link":"https:\/\/construcaocivil.siriusmarketingedesign.com.br\/?author=1"},"uagb_comment_info":0,"uagb_excerpt":"Equipes de diversos \u00f3rg\u00e3os estaduais e municipais est\u00e3o mobilizados para atendimento \u00e0s v\u00edtimas, que somam mais de 750 atendimentos. Rio Bonito do Igua\u00e7u foi a cidade mais atingida. Novembro, 2025 &#8211; O governador Carlos Massa Ratinho Junior decretou ( Decreto n\u00ba 11839\/2025\u00a0) neste s\u00e1bado (8) luto oficial de tr\u00eas dias em decorr\u00eancia das v\u00edtimas que&hellip;","_links":{"self":[{"href":"https:\/\/construcaocivil.siriusmarketingedesign.com.br\/index.php?rest_route=\/wp\/v2\/posts\/26333","targetHints":{"allow":["GET"]}}],"collection":[{"href":"https:\/\/construcaocivil.siriusmarketingedesign.com.br\/index.php?rest_route=\/wp\/v2\/posts"}],"about":[{"href":"https:\/\/construcaocivil.siriusmarketingedesign.com.br\/index.php?rest_route=\/wp\/v2\/types\/post"}],"author":[{"embeddable":true,"href":"https:\/\/construcaocivil.siriusmarketingedesign.com.br\/index.php?rest_route=\/wp\/v2\/users\/1"}],"replies":[{"embeddable":true,"href":"https:\/\/construcaocivil.siriusmarketingedesign.com.br\/index.php?rest_route=%2Fwp%2Fv2%2Fcomments&post=26333"}],"version-history":[{"count":0,"href":"https:\/\/construcaocivil.siriusmarketingedesign.com.br\/index.php?rest_route=\/wp\/v2\/posts\/26333\/revisions"}],"wp:featuredmedia":[{"embeddable":true,"href":"https:\/\/construcaocivil.siriusmarketingedesign.com.br\/index.php?rest_route=\/wp\/v2\/media\/26334"}],"wp:attachment":[{"href":"https:\/\/construcaocivil.siriusmarketingedesign.com.br\/index.php?rest_route=%2Fwp%2Fv2%2Fmedia&parent=26333"}],"wp:term":[{"taxonomy":"category","embeddable":true,"href":"https:\/\/construcaocivil.siriusmarketingedesign.com.br\/index.php?rest_route=%2Fwp%2Fv2%2Fcategories&post=26333"},{"taxonomy":"post_tag","embeddable":true,"href":"https:\/\/construcaocivil.siriusmarketingedesign.com.br\/index.php?rest_route=%2Fwp%2Fv2%2Ftags&post=26333"}],"curies":[{"name":"wp","href":"https:\/\/api.w.org\/{rel}","templated":true}]}}