{"id":26350,"date":"2025-11-23T23:32:19","date_gmt":"2025-11-24T02:32:19","guid":{"rendered":"https:\/\/www.jornaldaconstrucaocivil.com.br\/?p=26350"},"modified":"2025-11-23T23:32:19","modified_gmt":"2025-11-24T02:32:19","slug":"elebbre-plataforma-digital-focada-em-maquinas-pesadas-de-alta-performance-mapeia-solucoes-para-o-setor-da-construcao-civil","status":"publish","type":"post","link":"https:\/\/construcaocivil.siriusmarketingedesign.com.br\/?p=26350","title":{"rendered":"Elebbre, plataforma digital focada em m\u00e1quinas pesadas de alta performance, mapeia solu\u00e7\u00f5es para o setor  da constru\u00e7\u00e3o civil"},"content":{"rendered":"<div class=\"gs\">\n<div class=\"\">\n<div id=\":1cb\" class=\"ii gt\">\n<div id=\":18d\" class=\"a3s aiL\">\n<div dir=\"auto\">\n<p style=\"text-align: justify;\">Novembro, 2025 &#8211; O mundo digital tomou conta da ind\u00fastria da constru\u00e7\u00e3o civil. S\u00e3o in\u00fameras plataformas digitais no mercado, com solu\u00e7\u00f5es diversas que tem como objetivo principal conectar, aprimorar e melhorar a efici\u00eancia dos servi\u00e7os essenciais, dos profissionais e das empresas do setor da constru\u00e7\u00e3o no Brasil.<\/p>\n<p style=\"text-align: justify;\">Em destaque no mercado on line brasileiro, a <a href=\"https:\/\/www.elebbre.com\/\">ELEBBRE<\/a>, um hub de intermedia\u00e7\u00e3o digital, focado em vendas de m\u00e1quinas seminovos da linha amarela(escavadeiras, p\u00e1s carregadeiras, retroescavadeiras, motoniveladoras e tratores de esteira) de qualidade e proced\u00eancia e com pre\u00e7o para fechar neg\u00f3cio.<\/p>\n<p style=\"text-align: justify;\">Durante a Paving Expo 2025, umas das principais feiras do setor de m\u00e1quinas pesadas da Am\u00e9rica Latina realizada em S\u00e3o Paulo, o nosso site &#8211; Jornal da Constru\u00e7\u00e3o Civil conversou com\u00a0 Renato Nascimento &#8211; diretor de opera\u00e7\u00f5es da Elebbre sobre o sucesso da empresa no setor de infraestrutura.<\/p>\n<div dir=\"auto\" style=\"text-align: justify;\"><strong>Severian Rocha<\/strong> \u2014 <strong>Fala um pouco da sua empresa, neste setor da constru\u00e7\u00e3o civil no Brasil ?<\/strong><\/div>\n<div dir=\"auto\" style=\"text-align: justify;\"><\/div>\n<div dir=\"auto\" style=\"text-align: justify;\"><span style=\"color: #993300;\"><strong>Renato Nascimento<\/strong><\/span> \u2014 Bom, n\u00f3s somos a <strong><a href=\"https:\/\/www.elebbre.com\/\">Elebbre<\/a><\/strong>, somos uma empresa de intermedia\u00e7\u00e3o de equipamentos. Ah, estamos presentes aqui no Brasil, a n\u00edvel nacional, e tamb\u00e9m temos escrit\u00f3rios no Chile e no Peru. Atendemos o mercado global de intermedia\u00e7\u00e3o de equipamentos. N\u00f3s j\u00e1 apoiamos os nossos clientes tamb\u00e9m em importa\u00e7\u00f5es, exporta\u00e7\u00f5es, e estamos democratizando o mercado. Hoje n\u00f3s j\u00e1 conseguimos trazer cr\u00e9dito, ah, financeiro para os nossos clientes, <span style=\"color: #000000;\">conseguimos<\/span> aprovar muitas opera\u00e7\u00f5es onde eventualmente um banco tradicional n\u00e3o aprovaria. Ent\u00e3o hoje n\u00f3s estamos democratizando o acesso a equipamentos premium. Hoje a Elebbre, ela \u00e9 refer\u00eancia na importa\u00e7\u00e3o de fresadoras de asfalto Wirtgen. N\u00f3s somos, vendemos mais de 50 equipamentos nos \u00faltimos dois anos. Ent\u00e3o, hoje a Elebbre, ela tem se tornado refer\u00eancia, seja na parte de importa\u00e7\u00e3o e exporta\u00e7\u00e3o, e tamb\u00e9m na intermedia\u00e7\u00e3o de m\u00e1quinas.<\/div>\n<div dir=\"auto\" style=\"text-align: justify;\"><\/div>\n<div dir=\"auto\" style=\"text-align: justify;\"><strong>Severian Rocha<\/strong> \u2014 <strong>Deixa uma mensagem para esse pa\u00eds imenso, que demanda muito infraestrutura ?<\/strong><\/div>\n<div dir=\"auto\" style=\"text-align: justify;\"><\/div>\n<div dir=\"auto\" style=\"text-align: justify;\"><span style=\"color: #993300;\"><strong>Renato Nascimento<\/strong><\/span> \u2014 N\u00f3s temos um desafio muito grande, que \u00e9 democratizar o acesso a bons equipamentos no nosso mercado. Ent\u00e3o, n\u00f3s acreditamos no nosso pa\u00eds, n\u00f3s acreditamos que todo mundo tem, pode ter bons equipamentos e podem gerar emprego, ah, conseguir faturar mais. Ent\u00e3o, a Elebbre est\u00e1 aqui como uma solu\u00e7\u00e3o para os nossos clientes. Contem conosco, sempre que precisarem a\u00ed de uma assessoria, de um apoio, a Elebbre vai estar l\u00e1 \u00e0 disposi\u00e7\u00e3o.<\/div>\n<\/div>\n<div class=\"yj6qo\" style=\"text-align: justify;\"><\/div>\n<div class=\"adL\" style=\"text-align: justify;\"><\/div>\n<\/div>\n<\/div>\n<div id=\"avWBGd-562\" class=\"WhmR8e\" style=\"text-align: justify;\" data-hash=\"0\"><\/div>\n<\/div>\n<\/div>\n","protected":false},"excerpt":{"rendered":"<p>Novembro, 2025 &#8211; O mundo digital tomou conta da ind\u00fastria da constru\u00e7\u00e3o civil. S\u00e3o in\u00fameras plataformas digitais no mercado, com solu\u00e7\u00f5es diversas que tem como objetivo principal conectar, aprimorar e melhorar a efici\u00eancia dos servi\u00e7os essenciais, dos profissionais e das empresas do setor da constru\u00e7\u00e3o no Brasil. Em destaque no mercado on line brasileiro, a [&hellip;]<\/p>\n","protected":false},"author":1,"featured_media":26390,"comment_status":"open","ping_status":"open","sticky":false,"template":"","format":"standard","meta":{"_uag_custom_page_level_css":"","footnotes":""},"categories":[32],"tags":[27948,27947,4457,8353,8696,15950,10300],"class_list":["post-26350","post","type-post","status-publish","format-standard","has-post-thumbnail","hentry","category-maquinas-e-equipamentos","tag-credito-juros","tag-elebbre-maquinas-pesadas","tag-escavadeiras","tag-obras-de-infraestrutura","tag-pas-carregadeiras","tag-pecas-e-pos-vendas","tag-retroescavadeiras"],"blocksy_meta":[],"spectra_blocks_featured_image_url":{"thumbnail":{"url":"https:\/\/construcaocivil.siriusmarketingedesign.com.br\/wp-content\/uploads\/2025\/11\/ELEBBRE-150x150.jpg","width":150,"height":150},"medium":{"url":"https:\/\/construcaocivil.siriusmarketingedesign.com.br\/wp-content\/uploads\/2025\/11\/ELEBBRE-300x225.jpg","width":300,"height":225},"medium_large":{"url":"https:\/\/construcaocivil.siriusmarketingedesign.com.br\/wp-content\/uploads\/2025\/11\/ELEBBRE-768x576.jpg","width":768,"height":576},"large":{"url":"https:\/\/construcaocivil.siriusmarketingedesign.com.br\/wp-content\/uploads\/2025\/11\/ELEBBRE-1024x768.jpg","width":1024,"height":768},"full":{"url":"https:\/\/construcaocivil.siriusmarketingedesign.com.br\/wp-content\/uploads\/2025\/11\/ELEBBRE.jpg","width":1600,"height":1200}},"spectra_blocks_author_info":{"display_name":"Jornal da Constru\u00e7\u00e3o Civil","avatar_url":"https:\/\/secure.gravatar.com\/avatar\/973c9774fd44ddaceb026973c4962faa70fc512bc4c9da68e8ebb40fecee6540?s=96&d=mm&r=g","author_link":"https:\/\/construcaocivil.siriusmarketingedesign.com.br\/?author=1","description":"Desde de 2013, levando muitas informa\u00e7\u00f5es, lan\u00e7amentos e produtos de qualidade para toda cadeia produtiva da constru\u00e7\u00e3o. O Futuro da constru\u00e7\u00e3o passa por aqui,"},"uagb_featured_image_src":{"full":["https:\/\/construcaocivil.siriusmarketingedesign.com.br\/wp-content\/uploads\/2025\/11\/ELEBBRE.jpg",1600,1200,false],"thumbnail":["https:\/\/construcaocivil.siriusmarketingedesign.com.br\/wp-content\/uploads\/2025\/11\/ELEBBRE-150x150.jpg",150,150,true],"medium":["https:\/\/construcaocivil.siriusmarketingedesign.com.br\/wp-content\/uploads\/2025\/11\/ELEBBRE-300x225.jpg",300,225,true],"medium_large":["https:\/\/construcaocivil.siriusmarketingedesign.com.br\/wp-content\/uploads\/2025\/11\/ELEBBRE-768x576.jpg",768,576,true],"large":["https:\/\/construcaocivil.siriusmarketingedesign.com.br\/wp-content\/uploads\/2025\/11\/ELEBBRE-1024x768.jpg",1024,768,true],"1536x1536":["https:\/\/construcaocivil.siriusmarketingedesign.com.br\/wp-content\/uploads\/2025\/11\/ELEBBRE-1536x1152.jpg",1536,1152,true],"2048x2048":["https:\/\/construcaocivil.siriusmarketingedesign.com.br\/wp-content\/uploads\/2025\/11\/ELEBBRE.jpg",1600,1200,false]},"uagb_author_info":{"display_name":"Jornal da Constru\u00e7\u00e3o Civil","author_link":"https:\/\/construcaocivil.siriusmarketingedesign.com.br\/?author=1"},"uagb_comment_info":0,"uagb_excerpt":"Novembro, 2025 &#8211; O mundo digital tomou conta da ind\u00fastria da constru\u00e7\u00e3o civil. S\u00e3o in\u00fameras plataformas digitais no mercado, com solu\u00e7\u00f5es diversas que tem como objetivo principal conectar, aprimorar e melhorar a efici\u00eancia dos servi\u00e7os essenciais, dos profissionais e das empresas do setor da constru\u00e7\u00e3o no Brasil. Em destaque no mercado on line brasileiro, a&hellip;","_links":{"self":[{"href":"https:\/\/construcaocivil.siriusmarketingedesign.com.br\/index.php?rest_route=\/wp\/v2\/posts\/26350","targetHints":{"allow":["GET"]}}],"collection":[{"href":"https:\/\/construcaocivil.siriusmarketingedesign.com.br\/index.php?rest_route=\/wp\/v2\/posts"}],"about":[{"href":"https:\/\/construcaocivil.siriusmarketingedesign.com.br\/index.php?rest_route=\/wp\/v2\/types\/post"}],"author":[{"embeddable":true,"href":"https:\/\/construcaocivil.siriusmarketingedesign.com.br\/index.php?rest_route=\/wp\/v2\/users\/1"}],"replies":[{"embeddable":true,"href":"https:\/\/construcaocivil.siriusmarketingedesign.com.br\/index.php?rest_route=%2Fwp%2Fv2%2Fcomments&post=26350"}],"version-history":[{"count":0,"href":"https:\/\/construcaocivil.siriusmarketingedesign.com.br\/index.php?rest_route=\/wp\/v2\/posts\/26350\/revisions"}],"wp:featuredmedia":[{"embeddable":true,"href":"https:\/\/construcaocivil.siriusmarketingedesign.com.br\/index.php?rest_route=\/wp\/v2\/media\/26390"}],"wp:attachment":[{"href":"https:\/\/construcaocivil.siriusmarketingedesign.com.br\/index.php?rest_route=%2Fwp%2Fv2%2Fmedia&parent=26350"}],"wp:term":[{"taxonomy":"category","embeddable":true,"href":"https:\/\/construcaocivil.siriusmarketingedesign.com.br\/index.php?rest_route=%2Fwp%2Fv2%2Fcategories&post=26350"},{"taxonomy":"post_tag","embeddable":true,"href":"https:\/\/construcaocivil.siriusmarketingedesign.com.br\/index.php?rest_route=%2Fwp%2Fv2%2Ftags&post=26350"}],"curies":[{"name":"wp","href":"https:\/\/api.w.org\/{rel}","templated":true}]}}