{"id":26354,"date":"2025-11-12T00:19:47","date_gmt":"2025-11-12T03:19:47","guid":{"rendered":"https:\/\/www.jornaldaconstrucaocivil.com.br\/?p=26354"},"modified":"2025-11-12T00:19:47","modified_gmt":"2025-11-12T03:19:47","slug":"tragedia-no-parana-e-um-alerta-para-a-protecao-de-vidas-e-patrimonios","status":"publish","type":"post","link":"https:\/\/construcaocivil.siriusmarketingedesign.com.br\/?p=26354","title":{"rendered":"Trag\u00e9dia no Paran\u00e1 \u00e9 um alerta para a prote\u00e7\u00e3o de vidas e patrim\u00f4nios"},"content":{"rendered":"<p style=\"text-align: justify;\">Outubro, 2025 &#8211; O rastro de destrui\u00e7\u00e3o deixado pelo tornado em Rio Bonito do Igua\u00e7u, no Paran\u00e1, no \u00faltimo dia 7 de novembro, serve como um tr\u00e1gico e urgente lembrete da imprevisibilidade da natureza e dos riscos a que todos estamos sujeitos. Com ventos que chegaram a mais de 250 km\/h, o fen\u00f4meno, classificado como cat\u00e1strofe &#8220;sem precedentes&#8221; pelas autoridades, devastou 90% das edifica\u00e7\u00f5es e, infelizmente, ceifou vidas. Em meio ao cen\u00e1rio de escombros, a necessidade de ter um seguro residencial e de vida emerge como uma quest\u00e3o de sobreviv\u00eancia e planejamento.<\/p>\n<p style=\"text-align: justify;\">A trag\u00e9dia no Sul do pa\u00eds refor\u00e7a que eventos clim\u00e1ticos extremos, como tornados, inunda\u00e7\u00f5es e deslizamentos, ou mesmo infort\u00fanios cotidianos como inc\u00eandios, acidentes de tr\u00e2nsito ou problemas de sa\u00fade inesperados, podem, em quest\u00e3o de minutos, desestruturar financeiramente uma fam\u00edlia ou um neg\u00f3cio.<\/p>\n<p style=\"text-align: justify;\">Responsabilidade de estar protegido<\/p>\n<p style=\"text-align: justify;\">Para Gustavo Bentes, presidente do Sindicato dos Corretores de Seguros de Minas Gerais (SINCOR-MG), a principal li\u00e7\u00e3o de Rio Bonito do Igua\u00e7u \u00e9 clara. \u201cO seguro n\u00e3o \u00e9 um custo, mas sim uma ferramenta estrat\u00e9gica de gest\u00e3o de riscos. N\u00f3s temos que &#8216;cair na real&#8217;\u201d, alerta.<\/p>\n<p style=\"text-align: justify;\">Bentes afirma que o \u201cseguro \u00e9 a garantia de que, ap\u00f3s uma cat\u00e1strofe, seja ela um tornado, uma enchente ou um inc\u00eandio, haver\u00e1 um recurso para a reconstru\u00e7\u00e3o do patrim\u00f4nio, para a retomada dos neg\u00f3cios e, mais importante, para dar o suporte financeiro necess\u00e1rio \u00e0 fam\u00edlia em casos de perda de provedor\u201d.<\/p>\n<p style=\"text-align: justify;\">O executivo destaca que, muitas vezes, o poder p\u00fablico e a solidariedade da sociedade, embora essenciais e bem-vindas, n\u00e3o s\u00e3o suficientes nem imediatas para cobrir todo o preju\u00edzo material e financeiro a longo prazo.<\/p>\n<p style=\"text-align: justify;\">Ele explica que o seguro residencial cobre os danos \u00e0 estrutura do im\u00f3vel e ao seu conte\u00fado em eventos como os vistos no Paran\u00e1, al\u00e9m de roubo e responsabilidade civil. \u00c9 a base para a reconstru\u00e7\u00e3o imediata de um lar. E o seguro de vida \u00e9 fundamental para proteger a estabilidade financeira dos dependentes. Em caso de morte ou invalidez do segurado por doen\u00e7a ou acidente (incluindo aqueles decorrentes de desastres naturais), a indeniza\u00e7\u00e3o garante recursos para o pagamento de despesas, educa\u00e7\u00e3o dos filhos e manuten\u00e7\u00e3o do padr\u00e3o de vida.<\/p>\n<p style=\"text-align: justify;\">Prote\u00e7\u00e3o de legados<\/p>\n<p style=\"text-align: justify;\">A vida moderna exp\u00f5e indiv\u00edduos e fam\u00edlias a uma s\u00e9rie de riscos que v\u00e3o al\u00e9m dos desastres naturais. Um acidente pessoal que resulte em invalidez tempor\u00e1ria ou permanente, por exemplo, pode interromper a capacidade de gera\u00e7\u00e3o de renda, levando a um colapso financeiro sem a devida cobertura.<\/p>\n<p style=\"text-align: justify;\">\u201cO seguro \u00e9 um ato de responsabilidade social e familiar. Ele protege n\u00e3o apenas tijolos e vidas, mas tamb\u00e9m os planos e o futuro de quem depende de n\u00f3s. Vimos a devasta\u00e7\u00e3o, mas tamb\u00e9m precisamos ver a oportunidade de aprendizado: a de que \u00e9 preciso estar protegido antes que a trag\u00e9dia bata \u00e0 porta\u201d, pontua Bentes.<\/p>\n<p style=\"text-align: justify;\">De acordo com ele, a cultura da preven\u00e7\u00e3o passa, inevitavelmente, pela conscientiza\u00e7\u00e3o da popula\u00e7\u00e3o de que o seguro \u00e9 o instrumento mais eficaz para transformar a dor da perda em capacidade de recupera\u00e7\u00e3o e recome\u00e7o.<\/p>\n","protected":false},"excerpt":{"rendered":"<p>Outubro, 2025 &#8211; O rastro de destrui\u00e7\u00e3o deixado pelo tornado em Rio Bonito do Igua\u00e7u, no Paran\u00e1, no \u00faltimo dia 7 de novembro, serve como um tr\u00e1gico e urgente lembrete da imprevisibilidade da natureza e dos riscos a que todos estamos sujeitos. Com ventos que chegaram a mais de 250 km\/h, o fen\u00f4meno, classificado como [&hellip;]<\/p>\n","protected":false},"author":1,"featured_media":26355,"comment_status":"open","ping_status":"open","sticky":false,"template":"","format":"standard","meta":{"_uag_custom_page_level_css":"","footnotes":""},"categories":[31],"tags":[27929,27931,27930],"class_list":["post-26354","post","type-post","status-publish","format-standard","has-post-thumbnail","hentry","category-infraestrutura","tag-desmatamento-efeitos-climaticos","tag-mortes-e-feridos","tag-tragedia-parana"],"blocksy_meta":[],"spectra_blocks_featured_image_url":{"thumbnail":{"url":"https:\/\/construcaocivil.siriusmarketingedesign.com.br\/wp-content\/uploads\/2025\/11\/unnamed-2-150x150.jpg","width":150,"height":150},"medium":{"url":"https:\/\/construcaocivil.siriusmarketingedesign.com.br\/wp-content\/uploads\/2025\/11\/unnamed-2-300x225.jpg","width":300,"height":225},"medium_large":{"url":"https:\/\/construcaocivil.siriusmarketingedesign.com.br\/wp-content\/uploads\/2025\/11\/unnamed-2-768x576.jpg","width":768,"height":576},"large":{"url":"https:\/\/construcaocivil.siriusmarketingedesign.com.br\/wp-content\/uploads\/2025\/11\/unnamed-2-1024x768.jpg","width":1024,"height":768},"full":{"url":"https:\/\/construcaocivil.siriusmarketingedesign.com.br\/wp-content\/uploads\/2025\/11\/unnamed-2.jpg","width":1200,"height":900}},"spectra_blocks_author_info":{"display_name":"Jornal da Constru\u00e7\u00e3o Civil","avatar_url":"https:\/\/secure.gravatar.com\/avatar\/973c9774fd44ddaceb026973c4962faa70fc512bc4c9da68e8ebb40fecee6540?s=96&d=mm&r=g","author_link":"https:\/\/construcaocivil.siriusmarketingedesign.com.br\/?author=1","description":"Desde de 2013, levando muitas informa\u00e7\u00f5es, lan\u00e7amentos e produtos de qualidade para toda cadeia produtiva da constru\u00e7\u00e3o. O Futuro da constru\u00e7\u00e3o passa por aqui,"},"uagb_featured_image_src":{"full":["https:\/\/construcaocivil.siriusmarketingedesign.com.br\/wp-content\/uploads\/2025\/11\/unnamed-2.jpg",1200,900,false],"thumbnail":["https:\/\/construcaocivil.siriusmarketingedesign.com.br\/wp-content\/uploads\/2025\/11\/unnamed-2-150x150.jpg",150,150,true],"medium":["https:\/\/construcaocivil.siriusmarketingedesign.com.br\/wp-content\/uploads\/2025\/11\/unnamed-2-300x225.jpg",300,225,true],"medium_large":["https:\/\/construcaocivil.siriusmarketingedesign.com.br\/wp-content\/uploads\/2025\/11\/unnamed-2-768x576.jpg",768,576,true],"large":["https:\/\/construcaocivil.siriusmarketingedesign.com.br\/wp-content\/uploads\/2025\/11\/unnamed-2-1024x768.jpg",1024,768,true],"1536x1536":["https:\/\/construcaocivil.siriusmarketingedesign.com.br\/wp-content\/uploads\/2025\/11\/unnamed-2.jpg",1200,900,false],"2048x2048":["https:\/\/construcaocivil.siriusmarketingedesign.com.br\/wp-content\/uploads\/2025\/11\/unnamed-2.jpg",1200,900,false]},"uagb_author_info":{"display_name":"Jornal da Constru\u00e7\u00e3o Civil","author_link":"https:\/\/construcaocivil.siriusmarketingedesign.com.br\/?author=1"},"uagb_comment_info":0,"uagb_excerpt":"Outubro, 2025 &#8211; O rastro de destrui\u00e7\u00e3o deixado pelo tornado em Rio Bonito do Igua\u00e7u, no Paran\u00e1, no \u00faltimo dia 7 de novembro, serve como um tr\u00e1gico e urgente lembrete da imprevisibilidade da natureza e dos riscos a que todos estamos sujeitos. Com ventos que chegaram a mais de 250 km\/h, o fen\u00f4meno, classificado como&hellip;","_links":{"self":[{"href":"https:\/\/construcaocivil.siriusmarketingedesign.com.br\/index.php?rest_route=\/wp\/v2\/posts\/26354","targetHints":{"allow":["GET"]}}],"collection":[{"href":"https:\/\/construcaocivil.siriusmarketingedesign.com.br\/index.php?rest_route=\/wp\/v2\/posts"}],"about":[{"href":"https:\/\/construcaocivil.siriusmarketingedesign.com.br\/index.php?rest_route=\/wp\/v2\/types\/post"}],"author":[{"embeddable":true,"href":"https:\/\/construcaocivil.siriusmarketingedesign.com.br\/index.php?rest_route=\/wp\/v2\/users\/1"}],"replies":[{"embeddable":true,"href":"https:\/\/construcaocivil.siriusmarketingedesign.com.br\/index.php?rest_route=%2Fwp%2Fv2%2Fcomments&post=26354"}],"version-history":[{"count":0,"href":"https:\/\/construcaocivil.siriusmarketingedesign.com.br\/index.php?rest_route=\/wp\/v2\/posts\/26354\/revisions"}],"wp:featuredmedia":[{"embeddable":true,"href":"https:\/\/construcaocivil.siriusmarketingedesign.com.br\/index.php?rest_route=\/wp\/v2\/media\/26355"}],"wp:attachment":[{"href":"https:\/\/construcaocivil.siriusmarketingedesign.com.br\/index.php?rest_route=%2Fwp%2Fv2%2Fmedia&parent=26354"}],"wp:term":[{"taxonomy":"category","embeddable":true,"href":"https:\/\/construcaocivil.siriusmarketingedesign.com.br\/index.php?rest_route=%2Fwp%2Fv2%2Fcategories&post=26354"},{"taxonomy":"post_tag","embeddable":true,"href":"https:\/\/construcaocivil.siriusmarketingedesign.com.br\/index.php?rest_route=%2Fwp%2Fv2%2Ftags&post=26354"}],"curies":[{"name":"wp","href":"https:\/\/api.w.org\/{rel}","templated":true}]}}