{"id":26376,"date":"2025-11-20T15:04:41","date_gmt":"2025-11-20T18:04:41","guid":{"rendered":"https:\/\/www.jornaldaconstrucaocivil.com.br\/?p=26376"},"modified":"2025-11-22T22:47:27","modified_gmt":"2025-11-23T01:47:27","slug":"rainha-da-construcao-advogada-e-administradora-e-a-primeira-mulher-negra-no-brasil-dona-de-uma-grande-construtora","status":"publish","type":"post","link":"https:\/\/construcaocivil.siriusmarketingedesign.com.br\/?p=26376","title":{"rendered":"Rainha da Constru\u00e7\u00e3o: advogada e administradora, \u00e9 a primeira mulher negra no Brasil, dona de uma grande construtora."},"content":{"rendered":"<p><span style=\"color: #993300;\"><em>Por Severian Rocha<\/em><\/span><\/p>\n<p style=\"text-align: justify;\">Novembro, 2025 &#8211; No dia da Consci\u00eancia Negra (20), que \u00e9 uma data especial dedicada \u00e0 reflex\u00e3o sobre a luta, a resist\u00eancia e as contribui\u00e7\u00f5es da popula\u00e7\u00e3o negra na constru\u00e7\u00e3o do Brasil, al\u00e9m de combater o racismo, o Jornal da Constru\u00e7\u00e3o Civil traz uma reportagem especial com a Dr\u00aa Helen Moraes, advogada com mais de 25\u00a0 de experiencia na \u00e1rea jur\u00eddica e com destaques na administra\u00e7\u00e3o de condom\u00ednios com obras, Regulariza\u00e7\u00e3o Fundi\u00e1ria, inicialmente Rural e depois na \u00e1rea urbana, desde de 2014, Helen Moraes se tornou a primeira mulher negra, a fundar uma incorporadora e construtora, a <span style=\"color: #0000ff;\"><strong><a href=\"https:\/\/www.habitareurb.com\/\">HB Brasil<\/a>, <\/strong><span style=\"color: #333333;\">com o prop\u00f3sito de promover moradia digna. <\/span><\/span><\/p>\n<p style=\"text-align: justify;\"><span style=\"color: #0000ff;\"><span style=\"color: #333333;\">De acordo com a CEO e Presidente da <strong><a href=\"https:\/\/www.habitareurb.com\/\">HB Brasil <\/a><\/strong>atua a empresa j\u00e1 atua 7 estados brasileiros e com potencial de expans\u00e3o enorme.\u00a0\u00a0<\/span><\/span><\/p>\n<p><strong><span style=\"color: #0000ff;\">Jornal da Constru\u00e7\u00e3o Civil<\/span> &#8211;<\/strong> Helen,\u00a0 como seu deu essa mudan\u00e7a do mundo jur\u00eddico para o ramo da constru\u00e7\u00e3o? Fale um pouco da sua hist\u00f3ria e da construtora?<\/p>\n<p><strong>\u00a0Helen Moraes<\/strong> \u2013 Sou advogada a 25 anos , inscrita na subse\u00e7\u00e3o de S\u00e3o Paulo e da Bahia, a mudan\u00e7a foi aos poucos inicialmente come\u00e7amos a fazer administra\u00e7\u00e3o de condom\u00ednio com obras, depois fizemos Regulariza\u00e7\u00e3o Fundi\u00e1ria, inicialmente Rural depois urbana por anos e logo em seguida via necessidade de trabalhar com melhoria habitacional, \u00a0mas os espa\u00e7os eram muito dif\u00edceis e aceitabilidade da sociedade e at\u00e9 do poder publico, a cultura era desfazer e reintegrar.<\/p>\n<p>Desta maneira a \u00fanica forma de trazer moradia digna era construindo moradias , em espa\u00e7os remanescentes em \u00e1reas , ent\u00e3o fizemos acontecer mudamos nossa empresa para incorporadora e construtora.<\/p>\n<p><strong><span style=\"color: #0000ff;\">Jornal da Constru\u00e7\u00e3o Civil<\/span> &#8211; <\/strong>Agora, nossa equipe quer parabenizar voc\u00ea, uma mulher negra e dona de uma construtora. Qual o tamanho dessa a\u00e7\u00e3o para voc\u00ea ?<\/p>\n<p><strong>Helen<\/strong> <strong>Moraes<\/strong> &#8211; \u00c9 de impacto de representatividade eu quero\u00a0 inspirar outras mulheres pretas serem protagonistas e acreditarem que elas podem ser e fazer o que quiser. Sabemos que termos que ser resilientes e persistentes e que o ramo da constru\u00e7\u00e3o que era primariamente branquista e machista, hoje tem mulheres e hoje tem uma mulher preta que esta abrindo portas para outras mulheres pretas, tomem a coragem de ocupar este mesmo espa\u00e7o.<\/p>\n<p>Quero deixar um legado desta representatividade e que muitas tomem coragem e se empoderam e venham comigo, pois ainda este caminho \u00e9 solit\u00e1rio.<\/p>\n<p><strong><span style=\"color: #0000ff;\">Jornal da Constru\u00e7\u00e3o Civil<\/span> \u2013 <\/strong>Conte um pouco dos projetos da construtora pelo Brasil ? Quantos funcion\u00e1rios a empresa possui ?<\/p>\n<p><strong>Helen<\/strong> <strong>Moraes<\/strong> &#8211; A Habita Reurb, hoje tem alguns projetos que ser\u00e3o lan\u00e7ados em 2026<\/p>\n<p>Sinop Smart City &#8211; 1800 , em parceria com madalenas empreendimentos<\/p>\n<p>Sorriso \u2013 1.000<\/p>\n<p>Boa Esperan\u00e7a \u2013 400<\/p>\n<p>Mutum 200<\/p>\n<p>Lucas do Rio verde \u2013 Loteamento em projeto n\u00e3o abemos a quantidade<\/p>\n<p>Alta Floresta &#8211;\u00a0 n\u00e3o sabemos a quantidade projeto, pois estamos desenvolvendo em 60 hectares<\/p>\n<p>Jacare\u00ed \u2013 40 casas j\u00e1 em constru\u00e7\u00e3o<\/p>\n<p>Mau\u00e1 \u2013 1200 aptos bree lan\u00e7amento<\/p>\n<p>Curvelo \u2013 Smart City \u2013 projeto em 30 hectares<\/p>\n<p>Alagoinhas &#8211; 198 casas<\/p>\n<p>Pelotas &#8211; 2000 unidades<\/p>\n<p>Cotia &#8211;\u00a0 360 unidades<\/p>\n<p>Jabaquara &#8211; unidades a desenvolver<\/p>\n<p>Estamos conversando com alguns pa\u00edses , para levarmos nosso modelo construtivo<\/p>\n<p>Temos 30 funcion\u00e1rios diretos e v\u00e1rios indiretos pois nossas constru\u00e7\u00f5es s\u00e3o de empreitada<\/p>\n<p style=\"text-align: justify;\"><span style=\"color: #0000ff;\"><strong>Jornal da Constru\u00e7\u00e3o Civil<\/strong> &#8211;<\/span> A Construtora foca s\u00f3 em habita\u00e7\u00e3o? Fale um pouco mais?<\/p>\n<p style=\"text-align: justify;\"><strong>Helen Moraes<\/strong> &#8211;\u00a0 A<a href=\"https:\/\/www.habitareurb.com\/\"><strong> Habita Reurb<\/strong><\/a> \u00e9 uma\u00a0 das grandes empresas de Regulariza\u00e7\u00e3o fundi\u00e1ria deste pa\u00eds, estamos em 7 estados e mais de 60 munic\u00edpios , dando consultoria aos munic\u00edpios e executando a regulariza\u00e7\u00e3o dos im\u00f3veis atrav\u00e9s da lei 13.465.2017 \u00a0e \u00a0\u00a0agora ap\u00f3s aprova\u00e7\u00e3o dos nossos projetos , \u00a0indo para incorpora\u00e7\u00e3o imobili\u00e1ria e constru\u00e7\u00e3o de casas, resid\u00eancias, escolas e hospitais.<\/p>\n<p style=\"text-align: justify;\"><strong><span style=\"color: #0000ff;\">Jornal da Constru\u00e7\u00e3o Civil<\/span> &#8211;\u00a0 <\/strong>Qual seu olhar sobre o setor da Constru\u00e7\u00e3o Civil?<\/p>\n<p style=\"text-align: justify;\"><strong>Helen<\/strong> <strong>Moraes<\/strong> &#8211; &#8211; Pujante, desafiador , acho que s\u00f3 atrav\u00e9s da constru\u00e7\u00e3o civil temos a oportunidade de trazer moradia digna , num ecossistema , pois atrav\u00e9s da constru\u00e7\u00e3o , constru\u00edmos , bairros , cidades<\/p>\n<p style=\"text-align: justify;\"><strong><span style=\"color: #0000ff;\">Jornal da Constru\u00e7\u00e3o Civil<\/span><\/strong> &#8211;\u00a0 Deixe uma mensagem para esse setor imenso que emprega muitas pessoas, transforma sonho em realidade e que \u00e9 o grande motor da economia ?<\/p>\n<p style=\"text-align: justify;\"><strong>Helen<\/strong> <strong>Moraes<\/strong> &#8211; A constru\u00e7\u00e3o civil \u00e9 hoje umas molas propulsoras da economia, mas n\u00e3o podemos deixar de pensar uma constru\u00e7\u00e3o sustent\u00e1vel, respeitando meio ambiente, utilizar t\u00e9cnicas que impactam menos e agridem menos nosso meio ambiente, que seja\u00a0 acess\u00edvel a todos, buscar uma constru\u00e7\u00e3o residencial digna, aonde todos possam se sentirem acolhidos quando chegarem em suas casas, em seus bairros no ambiente onde vivem , a constru\u00e7\u00e3o civil\u00a0 tem esse compromisso,\u00a0 por isso a miss\u00e3o da Habita Reurb, da Habita Moraes e todas empresas e incorporadora do grupo n\u00e3o \u00e9 entregar unidades construtivas , e sim entregar verdadeiros lares .<\/p>\n","protected":false},"excerpt":{"rendered":"<p>Por Severian Rocha Novembro, 2025 &#8211; No dia da Consci\u00eancia Negra (20), que \u00e9 uma data especial dedicada \u00e0 reflex\u00e3o sobre a luta, a resist\u00eancia e as contribui\u00e7\u00f5es da popula\u00e7\u00e3o negra na constru\u00e7\u00e3o do Brasil, al\u00e9m de combater o racismo, o Jornal da Constru\u00e7\u00e3o Civil traz uma reportagem especial com a Dr\u00aa Helen Moraes, advogada [&hellip;]<\/p>\n","protected":false},"author":1,"featured_media":26377,"comment_status":"open","ping_status":"open","sticky":false,"template":"","format":"standard","meta":{"_uag_custom_page_level_css":"","footnotes":""},"categories":[33],"tags":[15722,1165,2900,27942,27941,6451,7692,27940,7987,10152,27943],"class_list":["post-26376","post","type-post","status-publish","format-standard","has-post-thumbnail","hentry","category-mercado","tag-sp","tag-bahia","tag-construcao-sustentavel","tag-construtora-e-incorporadora","tag-helen-moraes-hb-brasil","tag-jacarei-sp","tag-minha-casa-minha-vida","tag-moradia-digna-habitacao","tag-mulheres-negras","tag-regularizacao-fundiaria","tag-sorriso"],"blocksy_meta":[],"spectra_blocks_featured_image_url":{"thumbnail":{"url":"https:\/\/construcaocivil.siriusmarketingedesign.com.br\/wp-content\/uploads\/2025\/11\/HELEN-150x150.jpg","width":150,"height":150},"medium":{"url":"https:\/\/construcaocivil.siriusmarketingedesign.com.br\/wp-content\/uploads\/2025\/11\/HELEN-300x274.jpg","width":300,"height":274},"medium_large":{"url":"https:\/\/construcaocivil.siriusmarketingedesign.com.br\/wp-content\/uploads\/2025\/11\/HELEN.jpg","width":393,"height":359},"large":{"url":"https:\/\/construcaocivil.siriusmarketingedesign.com.br\/wp-content\/uploads\/2025\/11\/HELEN.jpg","width":393,"height":359},"full":{"url":"https:\/\/construcaocivil.siriusmarketingedesign.com.br\/wp-content\/uploads\/2025\/11\/HELEN.jpg","width":393,"height":359}},"spectra_blocks_author_info":{"display_name":"Jornal da Constru\u00e7\u00e3o Civil","avatar_url":"https:\/\/secure.gravatar.com\/avatar\/973c9774fd44ddaceb026973c4962faa70fc512bc4c9da68e8ebb40fecee6540?s=96&d=mm&r=g","author_link":"https:\/\/construcaocivil.siriusmarketingedesign.com.br\/?author=1","description":"Desde de 2013, levando muitas informa\u00e7\u00f5es, lan\u00e7amentos e produtos de qualidade para toda cadeia produtiva da constru\u00e7\u00e3o. O Futuro da constru\u00e7\u00e3o passa por aqui,"},"uagb_featured_image_src":{"full":["https:\/\/construcaocivil.siriusmarketingedesign.com.br\/wp-content\/uploads\/2025\/11\/HELEN.jpg",393,359,false],"thumbnail":["https:\/\/construcaocivil.siriusmarketingedesign.com.br\/wp-content\/uploads\/2025\/11\/HELEN-150x150.jpg",150,150,true],"medium":["https:\/\/construcaocivil.siriusmarketingedesign.com.br\/wp-content\/uploads\/2025\/11\/HELEN-300x274.jpg",300,274,true],"medium_large":["https:\/\/construcaocivil.siriusmarketingedesign.com.br\/wp-content\/uploads\/2025\/11\/HELEN.jpg",393,359,false],"large":["https:\/\/construcaocivil.siriusmarketingedesign.com.br\/wp-content\/uploads\/2025\/11\/HELEN.jpg",393,359,false],"1536x1536":["https:\/\/construcaocivil.siriusmarketingedesign.com.br\/wp-content\/uploads\/2025\/11\/HELEN.jpg",393,359,false],"2048x2048":["https:\/\/construcaocivil.siriusmarketingedesign.com.br\/wp-content\/uploads\/2025\/11\/HELEN.jpg",393,359,false]},"uagb_author_info":{"display_name":"Jornal da Constru\u00e7\u00e3o Civil","author_link":"https:\/\/construcaocivil.siriusmarketingedesign.com.br\/?author=1"},"uagb_comment_info":0,"uagb_excerpt":"Por Severian Rocha Novembro, 2025 &#8211; No dia da Consci\u00eancia Negra (20), que \u00e9 uma data especial dedicada \u00e0 reflex\u00e3o sobre a luta, a resist\u00eancia e as contribui\u00e7\u00f5es da popula\u00e7\u00e3o negra na constru\u00e7\u00e3o do Brasil, al\u00e9m de combater o racismo, o Jornal da Constru\u00e7\u00e3o Civil traz uma reportagem especial com a Dr\u00aa Helen Moraes, advogada&hellip;","_links":{"self":[{"href":"https:\/\/construcaocivil.siriusmarketingedesign.com.br\/index.php?rest_route=\/wp\/v2\/posts\/26376","targetHints":{"allow":["GET"]}}],"collection":[{"href":"https:\/\/construcaocivil.siriusmarketingedesign.com.br\/index.php?rest_route=\/wp\/v2\/posts"}],"about":[{"href":"https:\/\/construcaocivil.siriusmarketingedesign.com.br\/index.php?rest_route=\/wp\/v2\/types\/post"}],"author":[{"embeddable":true,"href":"https:\/\/construcaocivil.siriusmarketingedesign.com.br\/index.php?rest_route=\/wp\/v2\/users\/1"}],"replies":[{"embeddable":true,"href":"https:\/\/construcaocivil.siriusmarketingedesign.com.br\/index.php?rest_route=%2Fwp%2Fv2%2Fcomments&post=26376"}],"version-history":[{"count":0,"href":"https:\/\/construcaocivil.siriusmarketingedesign.com.br\/index.php?rest_route=\/wp\/v2\/posts\/26376\/revisions"}],"wp:featuredmedia":[{"embeddable":true,"href":"https:\/\/construcaocivil.siriusmarketingedesign.com.br\/index.php?rest_route=\/wp\/v2\/media\/26377"}],"wp:attachment":[{"href":"https:\/\/construcaocivil.siriusmarketingedesign.com.br\/index.php?rest_route=%2Fwp%2Fv2%2Fmedia&parent=26376"}],"wp:term":[{"taxonomy":"category","embeddable":true,"href":"https:\/\/construcaocivil.siriusmarketingedesign.com.br\/index.php?rest_route=%2Fwp%2Fv2%2Fcategories&post=26376"},{"taxonomy":"post_tag","embeddable":true,"href":"https:\/\/construcaocivil.siriusmarketingedesign.com.br\/index.php?rest_route=%2Fwp%2Fv2%2Ftags&post=26376"}],"curies":[{"name":"wp","href":"https:\/\/api.w.org\/{rel}","templated":true}]}}