{"id":26395,"date":"2025-11-26T13:23:24","date_gmt":"2025-11-26T16:23:24","guid":{"rendered":"https:\/\/www.jornaldaconstrucaocivil.com.br\/?p=26395"},"modified":"2025-11-27T19:22:54","modified_gmt":"2025-11-27T22:22:54","slug":"mercado-imobiliario-em-festa-ademi-rj-premia-os-destaques-de-2025","status":"publish","type":"post","link":"https:\/\/construcaocivil.siriusmarketingedesign.com.br\/?p=26395","title":{"rendered":"Mercado imobili\u00e1rio em festa: Ademi-RJ premia os destaques de 2025"},"content":{"rendered":"<div class=\"gs\">\n<div class=\"\">\n<div id=\":oa\" class=\"ii gt\">\n<div id=\":o9\" class=\"a3s aiL\">\n<div id=\"avWBGd-16\">\n<div dir=\"auto\">\n<div dir=\"auto\" style=\"text-align: justify;\">Nomes foram revelados em festa no Vivo Rio nesta ter\u00e7a-feira, 25<\/div>\n<div dir=\"auto\" style=\"text-align: justify;\"><\/div>\n<div dir=\"auto\" style=\"text-align: justify;\">Novembro &#8211; Os vencedores do Destaque Ademi 2025 \u2014 mais importante premia\u00e7\u00e3o do mercado imobili\u00e1rio carioca \u2014 foram revelados nesta ter\u00e7a-feira, 25, em uma grande celebra\u00e7\u00e3o no Vivo Rio, no Aterro do Flamengo. Em uma noite marcada pelo entusiasmo e pela for\u00e7a do setor, o pr\u00eamio da Associa\u00e7\u00e3o dos Dirigentes de Empresas do Mercado Imobili\u00e1rio no Rio de Janeiro (Ademi-RJ) recebeu um n\u00famero recorde de 54 projetos inscritos e reconheceu 33 cases, distribu\u00eddos em 20 categorias, refor\u00e7ando o dinamismo e a diversidade do mercado. A 21\u00aa edi\u00e7\u00e3o do evento tamb\u00e9m trouxe como novidade a categoria \u201cConstru\u00e7\u00e3o com Sustentabilidade ou ESG\u201d, que passou a destacar pr\u00e1ticas ambientais, sociais e de governan\u00e7a adotadas pelas empresas.<\/div>\n<div dir=\"auto\">\n<figure id=\"attachment_26397\" aria-describedby=\"caption-attachment-26397\" style=\"width: 300px\" class=\"wp-caption alignleft\"><img loading=\"lazy\" decoding=\"async\" class=\"size-medium wp-image-26397\" src=\"https:\/\/www.jornaldaconstrucaocivil.com.br\/wp-content\/uploads\/2025\/11\/Eduardo-Paes-300x200.jpg\" alt=\"\" width=\"300\" height=\"200\" srcset=\"https:\/\/construcaocivil.siriusmarketingedesign.com.br\/wp-content\/uploads\/2025\/11\/Eduardo-Paes-300x200.jpg 300w, https:\/\/construcaocivil.siriusmarketingedesign.com.br\/wp-content\/uploads\/2025\/11\/Eduardo-Paes-1024x683.jpg 1024w, https:\/\/construcaocivil.siriusmarketingedesign.com.br\/wp-content\/uploads\/2025\/11\/Eduardo-Paes-768x512.jpg 768w, https:\/\/construcaocivil.siriusmarketingedesign.com.br\/wp-content\/uploads\/2025\/11\/Eduardo-Paes-200x133.jpg 200w, https:\/\/construcaocivil.siriusmarketingedesign.com.br\/wp-content\/uploads\/2025\/11\/Eduardo-Paes.jpg 1497w\" sizes=\"auto, (max-width: 300px) 100vw, 300px\" \/><figcaption id=\"caption-attachment-26397\" class=\"wp-caption-text\">Eduardo Paes<\/figcaption><\/figure>\n<\/div>\n<div dir=\"auto\" style=\"text-align: justify;\">Entre os momentos mais aguardados da noite estiveram os reconhecimentos especiais que celebram profissionais, empresas e iniciativas que se destacaram em 2025: Cury Construtora e Incorporadora S.A. (Empresa do Ano); os irm\u00e3os Ot\u00e1vio Grimberg e Shalom Grimberg (Empres\u00e1rio do Ano); Lopes Rio (Imobili\u00e1ria do Ano); Feu Arquitetura (Arquiteto do Ano); Melhim Namem Chalhub e Bernardo Buarque Schiller (Reconhecimento Imobili\u00e1rio); Rio Constru\u00e7\u00e3o Summit (F\u00f3rum de Sucesso); Cl\u00e1udio Martins Ribeiro de Jesus (Parceiro do Ano) e Luiza Meirelles (Destaque Universit\u00e1rio).<\/div>\n<div dir=\"auto\"><\/div>\n<div dir=\"auto\" style=\"text-align: justify;\">A cerim\u00f4nia aconteceu em um momento de aquecimento do mercado imobili\u00e1rio do Rio, que registrou alta de 7% no n\u00famero de lan\u00e7amentos nos nove primeiros meses de 2025 em compara\u00e7\u00e3o com o mesmo per\u00edodo do ano anterior. Diante desse cen\u00e1rio positivo, a Ademi-RJ reuniu mais de 900 convidados em uma festa que celebrou a relev\u00e2ncia do setor para a economia do estado e do pa\u00eds. A noite contou com shows de Fernanda Abreu, DJ Malboro e Monobloco e teve 100% das emiss\u00f5es de carbono neutralizadas.<\/div>\n<div dir=\"auto\">\n<figure id=\"attachment_26398\" aria-describedby=\"caption-attachment-26398\" style=\"width: 366px\" class=\"wp-caption alignright\"><img loading=\"lazy\" decoding=\"async\" class=\" wp-image-26398\" src=\"https:\/\/www.jornaldaconstrucaocivil.com.br\/wp-content\/uploads\/2025\/11\/MARCOS-300x200.jpg\" alt=\"\" width=\"366\" height=\"244\" srcset=\"https:\/\/construcaocivil.siriusmarketingedesign.com.br\/wp-content\/uploads\/2025\/11\/MARCOS-300x200.jpg 300w, https:\/\/construcaocivil.siriusmarketingedesign.com.br\/wp-content\/uploads\/2025\/11\/MARCOS-1024x683.jpg 1024w, https:\/\/construcaocivil.siriusmarketingedesign.com.br\/wp-content\/uploads\/2025\/11\/MARCOS-768x512.jpg 768w, https:\/\/construcaocivil.siriusmarketingedesign.com.br\/wp-content\/uploads\/2025\/11\/MARCOS-200x133.jpg 200w, https:\/\/construcaocivil.siriusmarketingedesign.com.br\/wp-content\/uploads\/2025\/11\/MARCOS.jpg 1497w\" sizes=\"auto, (max-width: 366px) 100vw, 366px\" \/><figcaption id=\"caption-attachment-26398\" class=\"wp-caption-text\">Divulga\u00e7\u00e3o<\/figcaption><\/figure>\n<\/div>\n<div dir=\"auto\" style=\"text-align: justify;\"><\/div>\n<div dir=\"auto\" style=\"text-align: justify;\">\u201cEsse resultado \u00e9 fruto de um ambiente favor\u00e1vel, constru\u00eddo a partir de legisla\u00e7\u00f5es recentes, de muito trabalho, di\u00e1logo constante e parcerias estrat\u00e9gicas\u201d, ressaltou Marcos Saceanu, presidente da Ademi-RJ.<\/div>\n<div dir=\"auto\"><\/div>\n<div dir=\"auto\" style=\"text-align: justify;\"><\/div>\n<div dir=\"auto\" style=\"text-align: justify;\">Confira os ganhadores do Destaque Ademi 2025:<\/div>\n<div dir=\"auto\" style=\"text-align: justify;\"><\/div>\n<div dir=\"auto\" style=\"text-align: justify;\">*Pr\u00e9dio Residencial \u2013 Pequeno Porte*<\/div>\n<div dir=\"auto\" style=\"text-align: justify;\"><\/div>\n<div dir=\"auto\" style=\"text-align: justify;\">Sig Engenharia<\/div>\n<div dir=\"auto\" style=\"text-align: justify;\">Rio Signature R\u00e9sidence &amp; Spa<\/div>\n<div dir=\"auto\" style=\"text-align: justify;\">Cit\u00e9 Arquitetura<\/div>\n<div dir=\"auto\" style=\"text-align: justify;\"><\/div>\n<div dir=\"auto\" style=\"text-align: justify;\">Newview Participa\u00e7\u00f5es Ltda.<\/div>\n<div dir=\"auto\" style=\"text-align: justify;\">Orla Ipanema Residencial<\/div>\n<div dir=\"auto\" style=\"text-align: justify;\">Feu Arquitetura e Flavio Bassan<\/div>\n<div dir=\"auto\" style=\"text-align: justify;\"><\/div>\n<div dir=\"auto\" style=\"text-align: justify;\">*Hotel, Apart-hotel, Residence Service, Condom\u00ednio Horizontal e Gerenciamento*<\/div>\n<div dir=\"auto\" style=\"text-align: justify;\"><\/div>\n<div dir=\"auto\" style=\"text-align: justify;\">Avan\u00e7o Realiza\u00e7\u00f5es<\/div>\n<div dir=\"auto\" style=\"text-align: justify;\">Barra Home Design by Feu<\/div>\n<div dir=\"auto\" style=\"text-align: justify;\">Feu Arquitetura<\/div>\n<div dir=\"auto\" style=\"text-align: justify;\"><\/div>\n<div dir=\"auto\" style=\"text-align: justify;\">*Empreendimento Residencial &#8211; Pequeno Porte*<\/div>\n<div dir=\"auto\" style=\"text-align: justify;\"><\/div>\n<div dir=\"auto\" style=\"text-align: justify;\">Tegra Incorporadora<\/div>\n<div dir=\"auto\" style=\"text-align: justify;\">Singular Private Residence<\/div>\n<div dir=\"auto\" style=\"text-align: justify;\">A+ Arquitetura<\/div>\n<div dir=\"auto\" style=\"text-align: justify;\"><\/div>\n<div dir=\"auto\" style=\"text-align: justify;\">*Empreendimento Residencial &#8211; M\u00e9dio Porte*<\/div>\n<div dir=\"auto\" style=\"text-align: justify;\"><\/div>\n<div dir=\"auto\" style=\"text-align: justify;\">RJZ Cyrela &#8211; On The Sea Arpoador &#8211;<\/div>\n<div dir=\"auto\" style=\"text-align: justify;\">CBR 085 Empreendimentos Imobili\u00e1rios Ltda.<\/div>\n<div dir=\"auto\" style=\"text-align: justify;\">On The Sea Arpoador<\/div>\n<div dir=\"auto\" style=\"text-align: justify;\">Cit\u00e9 Arquitetura<\/div>\n<div dir=\"auto\" style=\"text-align: justify;\"><\/div>\n<div dir=\"auto\" style=\"text-align: justify;\">TAO Empreendimentos<\/div>\n<div dir=\"auto\" style=\"text-align: justify;\">Casa Gabizo Residencial<\/div>\n<div dir=\"auto\" style=\"text-align: justify;\">Sergio Conde Caldas e SCC Arquitetura<\/div>\n<div dir=\"auto\" style=\"text-align: justify;\"><\/div>\n<div dir=\"auto\" style=\"text-align: justify;\">Empreendimento Residencial &#8211; Grande Porte<\/div>\n<div dir=\"auto\" style=\"text-align: justify;\"><\/div>\n<div dir=\"auto\" style=\"text-align: justify;\">Cury Construtora e Incorporadora S.A.<\/div>\n<div dir=\"auto\" style=\"text-align: justify;\">Living<\/div>\n<div dir=\"auto\" style=\"text-align: justify;\">Residencial Pixinguinha<\/div>\n<div dir=\"auto\" style=\"text-align: justify;\">Cury Construtora e Incorporadora S.A.<\/div>\n<div dir=\"auto\" style=\"text-align: justify;\"><\/div>\n<div dir=\"auto\" style=\"text-align: justify;\">RJZ Cyrela &#8211; Coup\u00e9 Tower<\/div>\n<div dir=\"auto\" style=\"text-align: justify;\">Sevilha Empreendimentos Imobili\u00e1rios Ltda.<\/div>\n<div dir=\"auto\" style=\"text-align: justify;\">Coup\u00e9 Tower Powered by Porsche Consulting<\/div>\n<div dir=\"auto\" style=\"text-align: justify;\">Arq &amp; Urb Projetos<\/div>\n<div dir=\"auto\" style=\"text-align: justify;\"><\/div>\n<div dir=\"auto\" style=\"text-align: justify;\">Retrofit<\/div>\n<div dir=\"auto\" style=\"text-align: justify;\"><\/div>\n<div dir=\"auto\" style=\"text-align: justify;\">Fator Realty Incorpora\u00e7\u00f5es<\/div>\n<div dir=\"auto\" style=\"text-align: justify;\">Grupo Prima<\/div>\n<div dir=\"auto\" style=\"text-align: justify;\">Brise Studios Design<\/div>\n<div dir=\"auto\" style=\"text-align: justify;\">Marco Antonio Barboza<\/div>\n<div dir=\"auto\" style=\"text-align: justify;\"><\/div>\n<div dir=\"auto\" style=\"text-align: justify;\">Azo Inc Neg\u00f3cios Imobili\u00e1rios Ltda.<\/div>\n<div dir=\"auto\" style=\"text-align: justify;\">A Noite Revela o Amanh\u00e3<\/div>\n<div dir=\"auto\" style=\"text-align: justify;\">Duda Porto e Andr\u00e9 Alvarenga<\/div>\n<div dir=\"auto\" style=\"text-align: justify;\"><\/div>\n<div dir=\"auto\" style=\"text-align: justify;\">*Projeto de Habita\u00e7\u00e3o de Interesse Social &#8211; Faixa 2*<\/div>\n<div dir=\"auto\" style=\"text-align: justify;\"><\/div>\n<div dir=\"auto\" style=\"text-align: justify;\">BRZ Empreendimentos &#8211;<\/div>\n<div dir=\"auto\" style=\"text-align: justify;\">Portal Jardim de Tauros Spe<\/div>\n<div dir=\"auto\" style=\"text-align: justify;\">Portal Jardim de Tauros<\/div>\n<div dir=\"auto\" style=\"text-align: justify;\">Roana Ferreira de Souza e Karla Cristina Quint\u00e3o Ribeiro<\/div>\n<div dir=\"auto\" style=\"text-align: justify;\"><\/div>\n<div dir=\"auto\" style=\"text-align: justify;\">Construtora Tenda S.A.<\/div>\n<div dir=\"auto\" style=\"text-align: justify;\">Elevato Bonsucesso<\/div>\n<div dir=\"auto\" style=\"text-align: justify;\">Adriana de Miranda Santos<\/div>\n<div dir=\"auto\" style=\"text-align: justify;\"><\/div>\n<div dir=\"auto\" style=\"text-align: justify;\">Projeto de Habita\u00e7\u00e3o de Interesse Social &#8211; Faixa 3<\/div>\n<div dir=\"auto\" style=\"text-align: justify;\"><\/div>\n<div dir=\"auto\" style=\"text-align: justify;\">Riooito Incorpora\u00e7\u00e3o e Empreendimentos Ltda.<\/div>\n<div dir=\"auto\" style=\"text-align: justify;\">Residencial Cen\u00e1rio da Montanha<\/div>\n<div dir=\"auto\" style=\"text-align: justify;\">Mariliza Fontes Pereira<\/div>\n<div dir=\"auto\" style=\"text-align: justify;\"><\/div>\n<div dir=\"auto\" style=\"text-align: justify;\">Direcional Engenharia S.A.<\/div>\n<div dir=\"auto\" style=\"text-align: justify;\">Direcional Soul Samba<\/div>\n<div dir=\"auto\" style=\"text-align: justify;\">Renato Correa Lobo<\/div>\n<div dir=\"auto\" style=\"text-align: justify;\"><\/div>\n<div dir=\"auto\" style=\"text-align: justify;\">Projeto de Pr\u00e9dio Comercial &#8211; Pequeno Porte<\/div>\n<div dir=\"auto\" style=\"text-align: justify;\"><\/div>\n<div dir=\"auto\" style=\"text-align: justify;\">Balassiano Engenharia<\/div>\n<div dir=\"auto\" style=\"text-align: justify;\">Safira II Empreendimentos Imobili\u00e1rios<\/div>\n<div dir=\"auto\" style=\"text-align: justify;\">Visconde Corporate Boutique<\/div>\n<div dir=\"auto\" style=\"text-align: justify;\">Cit\u00e9 Arquitetura<\/div>\n<div dir=\"auto\" style=\"text-align: justify;\"><\/div>\n<div dir=\"auto\" style=\"text-align: justify;\">Projeto de Pr\u00e9dio Residencial &#8211; M\u00e9dio Porte<\/div>\n<div dir=\"auto\" style=\"text-align: justify;\"><\/div>\n<div dir=\"auto\" style=\"text-align: justify;\">Tegra Incorporadora<\/div>\n<div dir=\"auto\" style=\"text-align: justify;\">Gran Thai Leisure Residence<\/div>\n<div dir=\"auto\" style=\"text-align: justify;\">Feu Arquitetura<\/div>\n<div dir=\"auto\" style=\"text-align: justify;\"><\/div>\n<div dir=\"auto\" style=\"text-align: justify;\">Projeto de Pr\u00e9dio Residencial &#8211; Grande Porte<\/div>\n<div dir=\"auto\" style=\"text-align: justify;\"><\/div>\n<div dir=\"auto\" style=\"text-align: justify;\">RJZ Cyrela &#8211; Endless Pen\u00ednsula by Edsa &#8211;<\/div>\n<div dir=\"auto\" style=\"text-align: justify;\">CBR 191 Empreendimentos Imobili\u00e1rios Ltda.<\/div>\n<div dir=\"auto\" style=\"text-align: justify;\">Endless Pen\u00ednsula by Edsa<\/div>\n<div dir=\"auto\" style=\"text-align: justify;\">Sergio Gatt\u00e1ss Arquitetos Associados<\/div>\n<div dir=\"auto\" style=\"text-align: justify;\"><\/div>\n<div dir=\"auto\" style=\"text-align: justify;\">Patrimar Engenharia S.A.<\/div>\n<div dir=\"auto\" style=\"text-align: justify;\">Epic Golf Residence<\/div>\n<div dir=\"auto\" style=\"text-align: justify;\">Feu Arquitetura<\/div>\n<div dir=\"auto\" style=\"text-align: justify;\"><\/div>\n<div dir=\"auto\" style=\"text-align: justify;\">*Marketing\/Comercializa\u00e7\u00e3o de Empreendimento &#8211; Pequeno Porte*<\/div>\n<div dir=\"auto\" style=\"text-align: justify;\"><\/div>\n<div dir=\"auto\" style=\"text-align: justify;\">Grupo CTV<\/div>\n<div dir=\"auto\" style=\"text-align: justify;\">\u00c1ureos Rio Residencial<\/div>\n<div dir=\"auto\" style=\"text-align: justify;\">Cit\u00e9 Arquitetura<\/div>\n<div dir=\"auto\" style=\"text-align: justify;\"><\/div>\n<div dir=\"auto\" style=\"text-align: justify;\">Piimo Empreendimentos Imobili\u00e1rios Ltda.<\/div>\n<div dir=\"auto\" style=\"text-align: justify;\">Euz\u00e9bio Flamengo Contempor\u00e2neo<\/div>\n<div dir=\"auto\" style=\"text-align: justify;\">Cit\u00e9 Arquitetura<\/div>\n<div dir=\"auto\" style=\"text-align: justify;\"><\/div>\n<div dir=\"auto\" style=\"text-align: justify;\">*Marketing\/Comercializa\u00e7\u00e3o de Empreendimento &#8211; M\u00e9dio Porte*<\/div>\n<div dir=\"auto\" style=\"text-align: justify;\"><\/div>\n<div dir=\"auto\" style=\"text-align: justify;\">Construtora Canopus<\/div>\n<div dir=\"auto\" style=\"text-align: justify;\">Arq Life Design Botafogo<\/div>\n<div dir=\"auto\" style=\"text-align: justify;\">Sergio Gatt\u00e1ss Arquitetos Associados<\/div>\n<div dir=\"auto\" style=\"text-align: justify;\"><\/div>\n<div dir=\"auto\" style=\"text-align: justify;\">Marketing\/Comercializa\u00e7\u00e3o de Empreendimento &#8211; Grande Porte<\/div>\n<div dir=\"auto\" style=\"text-align: justify;\"><\/div>\n<div dir=\"auto\" style=\"text-align: justify;\">RJZ Cyrela &#8211; Gate Santos Dumont All Studios by Yoo<\/div>\n<div dir=\"auto\" style=\"text-align: justify;\">CBR 049 Empreendimentos Imobili\u00e1rios Ltda.<\/div>\n<div dir=\"auto\" style=\"text-align: justify;\">Gate Santos Dumont All Studios by Yoo<\/div>\n<div dir=\"auto\" style=\"text-align: justify;\">Afonso Kuernerz Arquitetura e Planejamento Ltda.<\/div>\n<div dir=\"auto\" style=\"text-align: justify;\"><\/div>\n<div dir=\"auto\" style=\"text-align: justify;\">Opportunity Fundo de Investimento Imobili\u00e1rio<\/div>\n<div dir=\"auto\" style=\"text-align: justify;\">Green Park Barra<\/div>\n<div dir=\"auto\" style=\"text-align: justify;\">Cit\u00e9 Arquitetura<\/div>\n<div dir=\"auto\" style=\"text-align: justify;\"><\/div>\n<div dir=\"auto\" style=\"text-align: justify;\">Projeto Urban\u00edstico, Loteamento e Outros<\/div>\n<div dir=\"auto\" style=\"text-align: justify;\"><\/div>\n<div dir=\"auto\" style=\"text-align: justify;\">MRV Engenharia e Participa\u00e7\u00f5es S.A.<\/div>\n<div dir=\"auto\" style=\"text-align: justify;\">O\u00e1sis do Rio<\/div>\n<div dir=\"auto\" style=\"text-align: justify;\">Fl\u00e1vio Martins Viana<\/div>\n<div dir=\"auto\" style=\"text-align: justify;\"><\/div>\n<div dir=\"auto\" style=\"text-align: justify;\">Spe Casa B\u00fazios S.A.<\/div>\n<div dir=\"auto\" style=\"text-align: justify;\">Casa B\u00fazios Luxury Share<\/div>\n<div dir=\"auto\" style=\"text-align: justify;\">David Bastos e Stephan Candiago Ceravolo<\/div>\n<div dir=\"auto\" style=\"text-align: justify;\"><\/div>\n<div dir=\"auto\" style=\"text-align: justify;\">Concep\u00e7\u00e3o Arquitet\u00f4nica \u2013 Obras Conclu\u00eddas ou em Andamento<\/div>\n<div dir=\"auto\" style=\"text-align: justify;\"><\/div>\n<div dir=\"auto\" style=\"text-align: justify;\">Monza Incorpora\u00e7\u00f5es<\/div>\n<div dir=\"auto\" style=\"text-align: justify;\">Cole\u00e7\u00e3o Soul Rio<\/div>\n<div dir=\"auto\" style=\"text-align: justify;\">Cit\u00e9 Arquitetura<\/div>\n<div dir=\"auto\" style=\"text-align: justify;\"><\/div>\n<div dir=\"auto\" style=\"text-align: justify;\">Criatividade Imobili\u00e1ria<\/div>\n<div dir=\"auto\" style=\"text-align: justify;\"><\/div>\n<div dir=\"auto\" style=\"text-align: justify;\">BTG Pactual<\/div>\n<div dir=\"auto\" style=\"text-align: justify;\">Oro Ilha Pura by Ornare<\/div>\n<div dir=\"auto\" style=\"text-align: justify;\">Raiar Engenharia Ltda.<\/div>\n<div dir=\"auto\" style=\"text-align: justify;\"><\/div>\n<div dir=\"auto\" style=\"text-align: justify;\">Riva Incorporadora<\/div>\n<div dir=\"auto\" style=\"text-align: justify;\">Sky M\u00e1rio Guimar\u00e3es Riva<\/div>\n<div dir=\"auto\" style=\"text-align: justify;\">Feat Arquitetura<\/div>\n<div dir=\"auto\" style=\"text-align: justify;\"><\/div>\n<div dir=\"auto\" style=\"text-align: justify;\">Constru\u00e7\u00e3o com Sustentabilidade ou ESG<\/div>\n<div dir=\"auto\" style=\"text-align: justify;\"><\/div>\n<div dir=\"auto\" style=\"text-align: justify;\">RJZ Cyrela &#8211; Coup\u00e9 Tower &#8211;<\/div>\n<div dir=\"auto\" style=\"text-align: justify;\">Sevilha Empreendimentos Imobili\u00e1rios Ltda.<\/div>\n<div dir=\"auto\" style=\"text-align: justify;\">Coup\u00e9 Tower Powered by Porsche Consulting<\/div>\n<div dir=\"auto\" style=\"text-align: justify;\">Arq &amp; Urb Projetos<\/div>\n<div dir=\"auto\" style=\"text-align: justify;\"><\/div>\n<div dir=\"auto\" style=\"text-align: justify;\">Dimensional Engenharia<\/div>\n<div dir=\"auto\" style=\"text-align: justify;\">Ibi\u00fana Vista Botafogo<\/div>\n<div dir=\"auto\" style=\"text-align: justify;\">Cit\u00e9 Arquitetura<\/div>\n<div dir=\"auto\" style=\"text-align: justify;\"><\/div>\n<div dir=\"auto\" style=\"text-align: justify;\">Responsabilidade Social<\/div>\n<div dir=\"auto\" style=\"text-align: justify;\"><\/div>\n<div dir=\"auto\" style=\"text-align: justify;\">Instituto BRZ Dona Nen\u00e9m<\/div>\n<div dir=\"auto\" style=\"text-align: justify;\">Projeto Prover com apoio do Instituto BRZ Dona Nen\u00e9m<\/div>\n<div dir=\"auto\" style=\"text-align: justify;\">Projeto Prover<\/div>\n<div dir=\"auto\" style=\"text-align: justify;\"><\/div>\n<div dir=\"auto\" style=\"text-align: justify;\">Inova\u00e7\u00e3o Tecnol\u00f3gica*<\/div>\n<div dir=\"auto\" style=\"text-align: justify;\"><\/div>\n<div dir=\"auto\" style=\"text-align: justify;\">Visione Engenharia<\/div>\n<div dir=\"auto\" style=\"text-align: justify;\">Gmaisp Solu\u00e7\u00f5es<\/div>\n<div dir=\"auto\" style=\"text-align: justify;\">Inova\u00e7\u00e3o Tecnol\u00f3gica no Aumento de Produtividade de um Canteiro de Obra<\/div>\n<div dir=\"auto\" style=\"text-align: justify;\"><\/div>\n<div dir=\"auto\" style=\"text-align: justify;\">Multiplan Empreendimentos Imobili\u00e1rios S.A.<\/div>\n<div dir=\"auto\" style=\"text-align: justify;\">Entrada Expressa<\/div>\n<div dir=\"auto\" style=\"text-align: justify;\">Richard Svartman<\/div>\n<\/div>\n<div class=\"yj6qo\" style=\"text-align: justify;\"><\/div>\n<div class=\"adL\" style=\"text-align: justify;\"><\/div>\n<\/div>\n<\/div>\n<\/div>\n<div id=\"avWBGd-17\" class=\"WhmR8e\" style=\"text-align: justify;\" data-hash=\"0\"><\/div>\n<\/div>\n<\/div>\n","protected":false},"excerpt":{"rendered":"<p>Nomes foram revelados em festa no Vivo Rio nesta ter\u00e7a-feira, 25 Novembro &#8211; Os vencedores do Destaque Ademi 2025 \u2014 mais importante premia\u00e7\u00e3o do mercado imobili\u00e1rio carioca \u2014 foram revelados nesta ter\u00e7a-feira, 25, em uma grande celebra\u00e7\u00e3o no Vivo Rio, no Aterro do Flamengo. Em uma noite marcada pelo entusiasmo e pela for\u00e7a do setor, [&hellip;]<\/p>\n","protected":false},"author":1,"featured_media":26396,"comment_status":"open","ping_status":"open","sticky":false,"template":"","format":"standard","meta":{"_uag_custom_page_level_css":"","footnotes":""},"categories":[33],"tags":[18058,2826,27951,3961,27950],"class_list":["post-26395","post","type-post","status-publish","format-standard","has-post-thumbnail","hentry","category-mercado","tag-ademi-rio","tag-construcao-civil","tag-cury-engenharia","tag-eduardo-paes","tag-incorporadoras-e-construtoras"],"blocksy_meta":[],"spectra_blocks_featured_image_url":{"thumbnail":{"url":"https:\/\/construcaocivil.siriusmarketingedesign.com.br\/wp-content\/uploads\/2025\/11\/ADEMI-Rio-2025-150x150.jpg","width":150,"height":150},"medium":{"url":"https:\/\/construcaocivil.siriusmarketingedesign.com.br\/wp-content\/uploads\/2025\/11\/ADEMI-Rio-2025-300x186.jpg","width":300,"height":186},"medium_large":{"url":"https:\/\/construcaocivil.siriusmarketingedesign.com.br\/wp-content\/uploads\/2025\/11\/ADEMI-Rio-2025-768x477.jpg","width":768,"height":477},"large":{"url":"https:\/\/construcaocivil.siriusmarketingedesign.com.br\/wp-content\/uploads\/2025\/11\/ADEMI-Rio-2025-1024x636.jpg","width":1024,"height":636},"full":{"url":"https:\/\/construcaocivil.siriusmarketingedesign.com.br\/wp-content\/uploads\/2025\/11\/ADEMI-Rio-2025.jpg","width":2306,"height":1432}},"spectra_blocks_author_info":{"display_name":"Jornal da Constru\u00e7\u00e3o Civil","avatar_url":"https:\/\/secure.gravatar.com\/avatar\/973c9774fd44ddaceb026973c4962faa70fc512bc4c9da68e8ebb40fecee6540?s=96&d=mm&r=g","author_link":"https:\/\/construcaocivil.siriusmarketingedesign.com.br\/?author=1","description":"Desde de 2013, levando muitas informa\u00e7\u00f5es, lan\u00e7amentos e produtos de qualidade para toda cadeia produtiva da constru\u00e7\u00e3o. O Futuro da constru\u00e7\u00e3o passa por aqui,"},"uagb_featured_image_src":{"full":["https:\/\/construcaocivil.siriusmarketingedesign.com.br\/wp-content\/uploads\/2025\/11\/ADEMI-Rio-2025.jpg",2306,1432,false],"thumbnail":["https:\/\/construcaocivil.siriusmarketingedesign.com.br\/wp-content\/uploads\/2025\/11\/ADEMI-Rio-2025-150x150.jpg",150,150,true],"medium":["https:\/\/construcaocivil.siriusmarketingedesign.com.br\/wp-content\/uploads\/2025\/11\/ADEMI-Rio-2025-300x186.jpg",300,186,true],"medium_large":["https:\/\/construcaocivil.siriusmarketingedesign.com.br\/wp-content\/uploads\/2025\/11\/ADEMI-Rio-2025-768x477.jpg",768,477,true],"large":["https:\/\/construcaocivil.siriusmarketingedesign.com.br\/wp-content\/uploads\/2025\/11\/ADEMI-Rio-2025-1024x636.jpg",1024,636,true],"1536x1536":["https:\/\/construcaocivil.siriusmarketingedesign.com.br\/wp-content\/uploads\/2025\/11\/ADEMI-Rio-2025-1536x954.jpg",1536,954,true],"2048x2048":["https:\/\/construcaocivil.siriusmarketingedesign.com.br\/wp-content\/uploads\/2025\/11\/ADEMI-Rio-2025-2048x1272.jpg",2048,1272,true]},"uagb_author_info":{"display_name":"Jornal da Constru\u00e7\u00e3o Civil","author_link":"https:\/\/construcaocivil.siriusmarketingedesign.com.br\/?author=1"},"uagb_comment_info":0,"uagb_excerpt":"Nomes foram revelados em festa no Vivo Rio nesta ter\u00e7a-feira, 25 Novembro &#8211; Os vencedores do Destaque Ademi 2025 \u2014 mais importante premia\u00e7\u00e3o do mercado imobili\u00e1rio carioca \u2014 foram revelados nesta ter\u00e7a-feira, 25, em uma grande celebra\u00e7\u00e3o no Vivo Rio, no Aterro do Flamengo. Em uma noite marcada pelo entusiasmo e pela for\u00e7a do setor,&hellip;","_links":{"self":[{"href":"https:\/\/construcaocivil.siriusmarketingedesign.com.br\/index.php?rest_route=\/wp\/v2\/posts\/26395","targetHints":{"allow":["GET"]}}],"collection":[{"href":"https:\/\/construcaocivil.siriusmarketingedesign.com.br\/index.php?rest_route=\/wp\/v2\/posts"}],"about":[{"href":"https:\/\/construcaocivil.siriusmarketingedesign.com.br\/index.php?rest_route=\/wp\/v2\/types\/post"}],"author":[{"embeddable":true,"href":"https:\/\/construcaocivil.siriusmarketingedesign.com.br\/index.php?rest_route=\/wp\/v2\/users\/1"}],"replies":[{"embeddable":true,"href":"https:\/\/construcaocivil.siriusmarketingedesign.com.br\/index.php?rest_route=%2Fwp%2Fv2%2Fcomments&post=26395"}],"version-history":[{"count":0,"href":"https:\/\/construcaocivil.siriusmarketingedesign.com.br\/index.php?rest_route=\/wp\/v2\/posts\/26395\/revisions"}],"wp:featuredmedia":[{"embeddable":true,"href":"https:\/\/construcaocivil.siriusmarketingedesign.com.br\/index.php?rest_route=\/wp\/v2\/media\/26396"}],"wp:attachment":[{"href":"https:\/\/construcaocivil.siriusmarketingedesign.com.br\/index.php?rest_route=%2Fwp%2Fv2%2Fmedia&parent=26395"}],"wp:term":[{"taxonomy":"category","embeddable":true,"href":"https:\/\/construcaocivil.siriusmarketingedesign.com.br\/index.php?rest_route=%2Fwp%2Fv2%2Fcategories&post=26395"},{"taxonomy":"post_tag","embeddable":true,"href":"https:\/\/construcaocivil.siriusmarketingedesign.com.br\/index.php?rest_route=%2Fwp%2Fv2%2Ftags&post=26395"}],"curies":[{"name":"wp","href":"https:\/\/api.w.org\/{rel}","templated":true}]}}