{"id":26404,"date":"2025-11-28T10:15:58","date_gmt":"2025-11-28T13:15:58","guid":{"rendered":"https:\/\/www.jornaldaconstrucaocivil.com.br\/?p=26404"},"modified":"2025-11-28T10:15:58","modified_gmt":"2025-11-28T13:15:58","slug":"racismo-ambiental-e-direito-a-cidade-sao-pontos-de-discussao-para-arquitetos","status":"publish","type":"post","link":"https:\/\/construcaocivil.siriusmarketingedesign.com.br\/?p=26404","title":{"rendered":"Racismo ambiental e direito \u00e0 cidade s\u00e3o pontos de discuss\u00e3o para arquitetos"},"content":{"rendered":"<p style=\"text-align: justify;\"><em><strong>O espa\u00e7o urbano como palco de disputas hist\u00f3ricas e lutas sociais \u00e9 tema no CAU Podcast<\/strong><\/em><\/p>\n<p style=\"text-align: justify;\">Novembro, 2025 &#8211; O CAU Podcast, promovido pelo Conselho de Arquitetura e Urbanismo do Brasil (CAU\/\/BR) lan\u00e7ou o epis\u00f3dio &#8220;Na berlinda da metr\u00f3pole: racismo ambiental, gentrifica\u00e7\u00e3o e a luta pela moradia&#8221;, que reuniu arquitetos, urbanistas e pesquisadores negros para discutir como o racismo estrutural molda as cidades brasileiras e como a presen\u00e7a desses profissionais transforma o modo de pensar o territ\u00f3rio.\n<\/p>\n<p style=\"text-align: justify;\">Mediado pela arquiteta e urbanista Gizelle Rosa, o epis\u00f3dio destaca que o espa\u00e7o urbano \u00e9 palco de disputas hist\u00f3ricas, onde desigualdade, segrega\u00e7\u00e3o e especula\u00e7\u00e3o imobili\u00e1ria n\u00e3o s\u00e3o fen\u00f4menos espont\u00e2neos, mas consequ\u00eancias diretas de decis\u00f5es planejadas.\n<\/p>\n<p style=\"text-align: justify;\">A mestra em sociologia e pesquisadora das quest\u00f5es raciais Hainra Asabi refor\u00e7a esse ponto ao afirmar que &#8220;as cidades s\u00e3o planejadas, inclusive para fazer com que haja uma especula\u00e7\u00e3o imobili\u00e1ria no caminho para a periferia&#8221;. Segundo ela, basta percorrer o trajeto entre o centro e as bordas metropolitanas para perceber como o mercado se movimenta estrategicamente para deslocar popula\u00e7\u00f5es vulnerabilizadas.\n<\/p>\n<p style=\"text-align: justify;\">Hainra tamb\u00e9m provoca uma reflex\u00e3o sobre o imagin\u00e1rio social constru\u00eddo para crian\u00e7as negras e os limites que lhes s\u00e3o impostos: &#8220;o que uma jovem crian\u00e7a negra \u00e9 capaz de sonhar? Ela sonha com aquilo que \u00e9 apresentado a ela. Muitas vezes, ela consegue enxergar um professor ou assistente social, mas o arquiteto ainda n\u00e3o aparece nesse imagin\u00e1rio&#8221;. Essa aus\u00eancia simb\u00f3lica, segundo ela, \u00e9 parte da estrutura de exclus\u00e3o que afasta essas crian\u00e7as de ocupa\u00e7\u00f5es historicamente elitizadas.\n<\/p>\n<p style=\"text-align: justify;\">A ex-presidente do CAU\/BA Gilcin\u00e9a Barbosa observa, no entanto, uma mudan\u00e7a importante na forma\u00e7\u00e3o dos futuros profissionais, destacando que &#8220;hoje a gente percebe claramente a diferen\u00e7a do perfil do aluno arquiteto&#8221;. Para ela, o ingresso de estudantes de origem perif\u00e9rica come\u00e7a a transformar a arquitetura brasileira por dentro, o que traz novas perspectivas para projetos sociais, iniciativas de assist\u00eancia t\u00e9cnica e abordagens mais sens\u00edveis aos territ\u00f3rios.\n<\/p>\n<p style=\"text-align: justify;\">O debate tamb\u00e9m abordou a representatividade nos espa\u00e7os institucionais da profiss\u00e3o. Nadir Moreira, MBA em gest\u00e3o de impactos ambientais e com atua\u00e7\u00e3o no CAU\/SP e CAU\/RJ, lembrou de sua trajet\u00f3ria como pioneira ao afirmar: &#8220;eu fui a primeira mulher negra no Conselho de Arquitetura do Rio de Janeiro&#8221;. Para ela, a luta \u00e9 dupla: resistir e existir em um ambiente onde, como destaca, &#8220;n\u00f3s nos sentimos sub-representados, e realmente somos, mas precisamos lembrar da grande quantidade de profissionais negros que atuam no pa\u00eds e que s\u00e3o destaques na sociedade&#8221;.\n<\/p>\n<p style=\"text-align: justify;\">J\u00e1 o arquiteto Paulo Jos\u00e9, vice-presidente do CAU\/AP e fundador da Uni\u00e3o dos Negros do Amap\u00e1, refor\u00e7ou a necessidade de ocupar espa\u00e7os de decis\u00e3o e poder pol\u00edtico. &#8220;N\u00f3s temos que procurar os espa\u00e7os de poder sim, temos que ser deputados, senadores, vereadores&#8221;, afirmou. Ele lembrou que, mesmo em regi\u00f5es preservadas como a Amaz\u00f4nia, &#8220;o que temos por baixo da copa das \u00e1rvores \u00e9 problema social, problema econ\u00f4mico e problema de ra\u00e7a, de cor&#8221;, e destaca que o direito \u00e0 cidade e \u00e0 moradia digna tamb\u00e9m \u00e9 uma pauta racial.<\/p>\n","protected":false},"excerpt":{"rendered":"<p>O espa\u00e7o urbano como palco de disputas hist\u00f3ricas e lutas sociais \u00e9 tema no CAU Podcast Novembro, 2025 &#8211; O CAU Podcast, promovido pelo Conselho de Arquitetura e Urbanismo do Brasil (CAU\/\/BR) lan\u00e7ou o epis\u00f3dio &#8220;Na berlinda da metr\u00f3pole: racismo ambiental, gentrifica\u00e7\u00e3o e a luta pela moradia&#8221;, que reuniu arquitetos, urbanistas e pesquisadores negros para [&hellip;]<\/p>\n","protected":false},"author":1,"featured_media":26405,"comment_status":"open","ping_status":"open","sticky":false,"template":"","format":"standard","meta":{"_uag_custom_page_level_css":"","footnotes":""},"categories":[28],"tags":[1569,2015,5729,27952,26523],"class_list":["post-26404","post","type-post","status-publish","format-standard","has-post-thumbnail","hentry","category-arquitetura","tag-brasilia","tag-cau-br","tag-habitacao","tag-moradias-dignas","tag-racismo-ambiental"],"blocksy_meta":[],"spectra_blocks_featured_image_url":{"thumbnail":{"url":"https:\/\/construcaocivil.siriusmarketingedesign.com.br\/wp-content\/uploads\/2025\/11\/handler-3-1-150x150.png","width":150,"height":150},"medium":{"url":"https:\/\/construcaocivil.siriusmarketingedesign.com.br\/wp-content\/uploads\/2025\/11\/handler-3-1-300x169.png","width":300,"height":169},"medium_large":{"url":"https:\/\/construcaocivil.siriusmarketingedesign.com.br\/wp-content\/uploads\/2025\/11\/handler-3-1-768x432.png","width":768,"height":432},"large":{"url":"https:\/\/construcaocivil.siriusmarketingedesign.com.br\/wp-content\/uploads\/2025\/11\/handler-3-1-1024x576.png","width":1024,"height":576},"full":{"url":"https:\/\/construcaocivil.siriusmarketingedesign.com.br\/wp-content\/uploads\/2025\/11\/handler-3-1.png","width":1919,"height":1079}},"spectra_blocks_author_info":{"display_name":"Jornal da Constru\u00e7\u00e3o Civil","avatar_url":"https:\/\/secure.gravatar.com\/avatar\/973c9774fd44ddaceb026973c4962faa70fc512bc4c9da68e8ebb40fecee6540?s=96&d=mm&r=g","author_link":"https:\/\/construcaocivil.siriusmarketingedesign.com.br\/?author=1","description":"Desde de 2013, levando muitas informa\u00e7\u00f5es, lan\u00e7amentos e produtos de qualidade para toda cadeia produtiva da constru\u00e7\u00e3o. O Futuro da constru\u00e7\u00e3o passa por aqui,"},"uagb_featured_image_src":{"full":["https:\/\/construcaocivil.siriusmarketingedesign.com.br\/wp-content\/uploads\/2025\/11\/handler-3-1.png",1919,1079,false],"thumbnail":["https:\/\/construcaocivil.siriusmarketingedesign.com.br\/wp-content\/uploads\/2025\/11\/handler-3-1-150x150.png",150,150,true],"medium":["https:\/\/construcaocivil.siriusmarketingedesign.com.br\/wp-content\/uploads\/2025\/11\/handler-3-1-300x169.png",300,169,true],"medium_large":["https:\/\/construcaocivil.siriusmarketingedesign.com.br\/wp-content\/uploads\/2025\/11\/handler-3-1-768x432.png",768,432,true],"large":["https:\/\/construcaocivil.siriusmarketingedesign.com.br\/wp-content\/uploads\/2025\/11\/handler-3-1-1024x576.png",1024,576,true],"1536x1536":["https:\/\/construcaocivil.siriusmarketingedesign.com.br\/wp-content\/uploads\/2025\/11\/handler-3-1-1536x864.png",1536,864,true],"2048x2048":["https:\/\/construcaocivil.siriusmarketingedesign.com.br\/wp-content\/uploads\/2025\/11\/handler-3-1.png",1919,1079,false]},"uagb_author_info":{"display_name":"Jornal da Constru\u00e7\u00e3o Civil","author_link":"https:\/\/construcaocivil.siriusmarketingedesign.com.br\/?author=1"},"uagb_comment_info":0,"uagb_excerpt":"O espa\u00e7o urbano como palco de disputas hist\u00f3ricas e lutas sociais \u00e9 tema no CAU Podcast Novembro, 2025 &#8211; O CAU Podcast, promovido pelo Conselho de Arquitetura e Urbanismo do Brasil (CAU\/\/BR) lan\u00e7ou o epis\u00f3dio &#8220;Na berlinda da metr\u00f3pole: racismo ambiental, gentrifica\u00e7\u00e3o e a luta pela moradia&#8221;, que reuniu arquitetos, urbanistas e pesquisadores negros para&hellip;","_links":{"self":[{"href":"https:\/\/construcaocivil.siriusmarketingedesign.com.br\/index.php?rest_route=\/wp\/v2\/posts\/26404","targetHints":{"allow":["GET"]}}],"collection":[{"href":"https:\/\/construcaocivil.siriusmarketingedesign.com.br\/index.php?rest_route=\/wp\/v2\/posts"}],"about":[{"href":"https:\/\/construcaocivil.siriusmarketingedesign.com.br\/index.php?rest_route=\/wp\/v2\/types\/post"}],"author":[{"embeddable":true,"href":"https:\/\/construcaocivil.siriusmarketingedesign.com.br\/index.php?rest_route=\/wp\/v2\/users\/1"}],"replies":[{"embeddable":true,"href":"https:\/\/construcaocivil.siriusmarketingedesign.com.br\/index.php?rest_route=%2Fwp%2Fv2%2Fcomments&post=26404"}],"version-history":[{"count":0,"href":"https:\/\/construcaocivil.siriusmarketingedesign.com.br\/index.php?rest_route=\/wp\/v2\/posts\/26404\/revisions"}],"wp:featuredmedia":[{"embeddable":true,"href":"https:\/\/construcaocivil.siriusmarketingedesign.com.br\/index.php?rest_route=\/wp\/v2\/media\/26405"}],"wp:attachment":[{"href":"https:\/\/construcaocivil.siriusmarketingedesign.com.br\/index.php?rest_route=%2Fwp%2Fv2%2Fmedia&parent=26404"}],"wp:term":[{"taxonomy":"category","embeddable":true,"href":"https:\/\/construcaocivil.siriusmarketingedesign.com.br\/index.php?rest_route=%2Fwp%2Fv2%2Fcategories&post=26404"},{"taxonomy":"post_tag","embeddable":true,"href":"https:\/\/construcaocivil.siriusmarketingedesign.com.br\/index.php?rest_route=%2Fwp%2Fv2%2Ftags&post=26404"}],"curies":[{"name":"wp","href":"https:\/\/api.w.org\/{rel}","templated":true}]}}