{"id":26414,"date":"2025-12-04T00:15:15","date_gmt":"2025-12-04T03:15:15","guid":{"rendered":"https:\/\/www.jornaldaconstrucaocivil.com.br\/?p=26414"},"modified":"2025-12-04T00:17:39","modified_gmt":"2025-12-04T03:17:39","slug":"construtora-cresce-no-brasil-com-projetos-residenciais-de-alta-qualidade-focada-no-minha-casa-minha-vida-e-recebe-premios-por-destaque-no-ano-de-2025","status":"publish","type":"post","link":"https:\/\/construcaocivil.siriusmarketingedesign.com.br\/?p=26414","title":{"rendered":"Construtora cresce no Brasil com projetos residenciais de alta qualidade focada no Minha Casa, Minha Vida e recebe pr\u00eamios por destaque no ano de 2025"},"content":{"rendered":"<p><em>Por Severian Rocha<\/em><\/p>\n<p style=\"text-align: justify;\">Dezembro, 2025 &#8211; O Programa Minha Casa, Minha Vida ajudou em muito o setor da constru\u00e7\u00e3o civil nestes \u00faltimos anos e, segundo o Governo Federal mais de 1 milh\u00e3o de moradias foram constru\u00eddas pelo MCMV que beneficiou mais de 1,8 milh\u00e3o de fam\u00edlias. No final de 2024, o programa contratou mais de 1,25 milh\u00e3o de unidades e ainda possui cerca de 1,1 milh\u00e3o de moradias em constru\u00e7\u00e3o.<span class=\"uJ19be notranslate\" data-wiz-uids=\"nK78Q_b,nK78Q_c,nK78Q_d\"><span class=\"vKEkVd\" data-animation-atomic=\"\">\u00a0<\/span><\/span><\/p>\n<p style=\"text-align: justify;\">Em 2025, o Programa Habitacional segue firme com diversas obras pelo Brasil. Al\u00e9m de continuar atendendo os grupos de fam\u00edlias, das Faixa 1\u00a0 e 2, o Governo Federal ampliou o MCMV para atender a classe m\u00e9dia e, a cria\u00e7\u00e3o das Faixa 3 e 4 para financiamento imobili\u00e1rio de at\u00e9 at\u00e9 R$ 500 mil reais.<\/p>\n<p style=\"text-align: justify;\">Em destaque nacional focamos numa reportagem com a BRZ Empreendimentos, construtora referencia em constru\u00e7\u00f5es residenciais de alta qualidade do Minha Casa, Minha Vida, que segue em franca expans\u00e3o pelos principais centros urbanos do pa\u00eds, como: Rio de Janeiro, Minas Gerais e S\u00e3o Paulo.<\/p>\n<p style=\"text-align: justify;\">O Jornal da Constru\u00e7\u00e3o Civil\u00a0 aproveitou o encontro da ADEMI &#8211; Rio 2025, que\u00a0 premiou os melhores CASES habitacionais constru\u00eddos no estado do Rio de Janeiro e conversamos com a CEO da BRZ, Eduarda Tolentino, executiva que lidera desde de 2010 um time mais de 1.000 funcion\u00e1rios, com uma vis\u00e3o moderna, tecnol\u00f3gica e colaborativa no setor da constru\u00e7\u00e3o civil.<\/p>\n<div dir=\"auto\" style=\"text-align: justify;\">\n<div dir=\"auto\" style=\"text-align: justify;\"><\/div>\n<\/div>\n<div dir=\"auto\" style=\"text-align: justify;\"><strong>Severian Rocha<\/strong> &#8211;\u00a0 Eduarda, fale sobre a BRZ no mercado da constru\u00e7\u00e3o civil, e no mercado imobili\u00e1rio ?<\/div>\n<div dir=\"auto\" style=\"text-align: justify;\"><\/div>\n<div dir=\"auto\" style=\"text-align: justify;\"><span style=\"color: #0000ff;\"><strong>Eduarda<\/strong> <strong>Tolentino<\/strong><\/span>: Bom, primeiro eu quero agradecer a parceria que a gente tem com voc\u00eas. \u00c9 um prazer imenso estar representando a BRZ num pr\u00eamio de tanta magnitude no estado do Rio de Janeiro. E eu costumo dizer que a BRZ ela \u00e9 uma empresa ainda adolescente. A gente tem 15 anos de exist\u00eancia, mas j\u00e1 entregou empreendimentos em 33 cidades. S\u00e3o mais de 35 mil fam\u00edlias que j\u00e1 moram em seu bem, n\u00e9, em 33 cidades. E a gente veio com o intuito e com o objetivo de realmente trazer a experi\u00eancia de luxo no segmento econ\u00f4mico. Que esse \u00e9 realmente o nosso diferencial competitivo e est\u00e1 no nosso DNA. Ent\u00e3o, estar aqui hoje no pr\u00eamio ADEMI representando, n\u00e9, o melhor projeto habitacional de faixa dois do Minha Casa Minha Vida \u00e9 um reconhecimento muito gratificante para todos n\u00f3s. Que na hora que a gente fala em d\u00e9ficit habitacional, a gente t\u00e1 falando de quase 6 milh\u00f5es de fam\u00edlias no Brasil, \u00e9 um oceano azul de oportunidades. E dentro desse d\u00e9ficit habitacional, a gente tem um indicador de que 90% desse d\u00e9ficit est\u00e1 no faixa um e no faixa dois do programa. No cen\u00e1rio de p\u00f3s-pandemia, que a gente teve um aumento do custo de constru\u00e7\u00e3o, a conta come\u00e7ou a n\u00e3o fechar. E as construtoras come\u00e7aram a n\u00e3o ter tanta capacidade de construir para o p\u00fablico que mais precisa. Ent\u00e3o, eh a gente se esfor\u00e7a, a gente rebola, a gente tem que ter muita resili\u00eancia, principalmente num cen\u00e1rio de Selic a 15% e de alta de juros, n\u00e9? E a gente poder estar sendo reconhecido por um projeto de dessa magnitude na cidade de S\u00e3o Pedro da Aldeia, o quinto lan\u00e7amento da BRZ em apenas dois anos, realmente \u00e9 algo que d\u00e1 muita energia pra gente seguir em frente e continuar contribuindo com o d\u00e9ficit habitacional brasileiro e com o social, que s\u00e3o as fam\u00edlias que mais precisam.<\/div>\n<div dir=\"auto\" style=\"text-align: justify;\"><\/div>\n<div dir=\"auto\" style=\"text-align: justify;\"><strong>Severian Rocha:<\/strong> Eduarda, deixe uma mensagem para esse Brasil imenso ?<\/div>\n<div dir=\"auto\" style=\"text-align: justify;\"><\/div>\n<div dir=\"auto\" style=\"text-align: justify;\"><span style=\"color: #0000ff;\"><strong>Eduarda<\/strong> <strong>Tolentino<\/strong><\/span>: Eu quero agradecer a todos voc\u00eas e a todos os parceiros, todas as construtoras, incorporadoras que realmente t\u00eam o desejo e conseguem empreender nesse pa\u00eds. E, o nosso Brasil \u00e9 um oceano azul de oportunidades e eu costumo dizer que tem um prop\u00f3sito muito maior o nosso trabalho. Que a gente t\u00e1 lidando com a aquisi\u00e7\u00e3o do primeiro im\u00f3vel e com o sonho de dezenas de milhares e de milh\u00f5es de pessoas no nosso pa\u00eds. E na hora que existe esse prop\u00f3sito muito grande dentro do nosso modelo de neg\u00f3cio, faz com que a gente tenha muito mais for\u00e7a, n\u00e9, para chegar nos nossos objetivos e atingir, n\u00e9, a entrega de tantas unidades que tantas fam\u00edlias que realmente s\u00e3o as que necessitam.<\/div>\n<div dir=\"auto\" style=\"text-align: justify;\">\n<p style=\"text-align: justify;\"><span style=\"color: #993300;\">No Premio ADEMI-RIO 2025, a BRZ Empreendimentos foi vencedora em duas categorias:\u00a0<\/span><\/p>\n<div dir=\"auto\" style=\"text-align: justify;\"><strong>Responsabilidade Social<\/strong><\/div>\n<div dir=\"auto\" style=\"text-align: justify;\">Instituto BRZ Dona Nen\u00e9m<\/div>\n<div dir=\"auto\" style=\"text-align: justify;\">Projeto Prover com apoio do Instituto BRZ Dona Nen\u00e9m<\/div>\n<div dir=\"auto\" style=\"text-align: justify;\"><strong>Projeto de Habita\u00e7\u00e3o de Interesse Social &#8211; Faixa 2<\/strong><\/div>\n<div dir=\"auto\" style=\"text-align: justify;\">\n<div dir=\"auto\" style=\"text-align: justify;\">BRZ Empreendimentos &#8211;<\/div>\n<div dir=\"auto\" style=\"text-align: justify;\">Portal Jardim de Tauros Spe<\/div>\n<div dir=\"auto\" style=\"text-align: justify;\">Portal Jardim de Tauros<\/div>\n<div dir=\"auto\"><\/div>\n<\/div>\n<\/div>\n<p><iframe loading=\"lazy\" title=\"Destaques da Constru\u00e7\u00e3o 2025: BRZ Empreendimentos leva 02 pr\u00eamios na festa da ADEMI Rio\" width=\"1290\" height=\"726\" src=\"https:\/\/www.youtube.com\/embed\/e9azrcLFwj0?feature=oembed\" frameborder=\"0\" allow=\"accelerometer; autoplay; clipboard-write; encrypted-media; gyroscope; picture-in-picture; web-share\" referrerpolicy=\"strict-origin-when-cross-origin\" allowfullscreen><\/iframe><\/p>\n<p>&nbsp;<\/p>\n","protected":false},"excerpt":{"rendered":"<p>Por Severian Rocha Dezembro, 2025 &#8211; O Programa Minha Casa, Minha Vida ajudou em muito o setor da constru\u00e7\u00e3o civil nestes \u00faltimos anos e, segundo o Governo Federal mais de 1 milh\u00e3o de moradias foram constru\u00eddas pelo MCMV que beneficiou mais de 1,8 milh\u00e3o de fam\u00edlias. No final de 2024, o programa contratou mais de [&hellip;]<\/p>\n","protected":false},"author":1,"featured_media":26424,"comment_status":"open","ping_status":"open","sticky":false,"template":"","format":"standard","meta":{"_uag_custom_page_level_css":"","footnotes":""},"categories":[30,12594],"tags":[18058,23472,1771,7563,7692,20949],"class_list":["post-26414","post","type-post","status-publish","format-standard","has-post-thumbnail","hentry","category-imoveis","category-tv-da-construcao-civil","tag-ademi-rio","tag-brz-empreendimentos","tag-campinas-sp","tag-mercado-imobiliario","tag-minha-casa-minha-vida","tag-projetos-habitacionais"],"blocksy_meta":[],"spectra_blocks_featured_image_url":{"thumbnail":{"url":"https:\/\/construcaocivil.siriusmarketingedesign.com.br\/wp-content\/uploads\/2025\/12\/BRZ-BB-150x150.jpg","width":150,"height":150},"medium":{"url":"https:\/\/construcaocivil.siriusmarketingedesign.com.br\/wp-content\/uploads\/2025\/12\/BRZ-BB-238x300.jpg","width":238,"height":300},"medium_large":{"url":"https:\/\/construcaocivil.siriusmarketingedesign.com.br\/wp-content\/uploads\/2025\/12\/BRZ-BB.jpg","width":391,"height":493},"large":{"url":"https:\/\/construcaocivil.siriusmarketingedesign.com.br\/wp-content\/uploads\/2025\/12\/BRZ-BB.jpg","width":391,"height":493},"full":{"url":"https:\/\/construcaocivil.siriusmarketingedesign.com.br\/wp-content\/uploads\/2025\/12\/BRZ-BB.jpg","width":391,"height":493}},"spectra_blocks_author_info":{"display_name":"Jornal da Constru\u00e7\u00e3o Civil","avatar_url":"https:\/\/secure.gravatar.com\/avatar\/973c9774fd44ddaceb026973c4962faa70fc512bc4c9da68e8ebb40fecee6540?s=96&d=mm&r=g","author_link":"https:\/\/construcaocivil.siriusmarketingedesign.com.br\/?author=1","description":"Desde de 2013, levando muitas informa\u00e7\u00f5es, lan\u00e7amentos e produtos de qualidade para toda cadeia produtiva da constru\u00e7\u00e3o. O Futuro da constru\u00e7\u00e3o passa por aqui,"},"uagb_featured_image_src":{"full":["https:\/\/construcaocivil.siriusmarketingedesign.com.br\/wp-content\/uploads\/2025\/12\/BRZ-BB.jpg",391,493,false],"thumbnail":["https:\/\/construcaocivil.siriusmarketingedesign.com.br\/wp-content\/uploads\/2025\/12\/BRZ-BB-150x150.jpg",150,150,true],"medium":["https:\/\/construcaocivil.siriusmarketingedesign.com.br\/wp-content\/uploads\/2025\/12\/BRZ-BB-238x300.jpg",238,300,true],"medium_large":["https:\/\/construcaocivil.siriusmarketingedesign.com.br\/wp-content\/uploads\/2025\/12\/BRZ-BB.jpg",391,493,false],"large":["https:\/\/construcaocivil.siriusmarketingedesign.com.br\/wp-content\/uploads\/2025\/12\/BRZ-BB.jpg",391,493,false],"1536x1536":["https:\/\/construcaocivil.siriusmarketingedesign.com.br\/wp-content\/uploads\/2025\/12\/BRZ-BB.jpg",391,493,false],"2048x2048":["https:\/\/construcaocivil.siriusmarketingedesign.com.br\/wp-content\/uploads\/2025\/12\/BRZ-BB.jpg",391,493,false]},"uagb_author_info":{"display_name":"Jornal da Constru\u00e7\u00e3o Civil","author_link":"https:\/\/construcaocivil.siriusmarketingedesign.com.br\/?author=1"},"uagb_comment_info":0,"uagb_excerpt":"Por Severian Rocha Dezembro, 2025 &#8211; O Programa Minha Casa, Minha Vida ajudou em muito o setor da constru\u00e7\u00e3o civil nestes \u00faltimos anos e, segundo o Governo Federal mais de 1 milh\u00e3o de moradias foram constru\u00eddas pelo MCMV que beneficiou mais de 1,8 milh\u00e3o de fam\u00edlias. No final de 2024, o programa contratou mais de&hellip;","_links":{"self":[{"href":"https:\/\/construcaocivil.siriusmarketingedesign.com.br\/index.php?rest_route=\/wp\/v2\/posts\/26414","targetHints":{"allow":["GET"]}}],"collection":[{"href":"https:\/\/construcaocivil.siriusmarketingedesign.com.br\/index.php?rest_route=\/wp\/v2\/posts"}],"about":[{"href":"https:\/\/construcaocivil.siriusmarketingedesign.com.br\/index.php?rest_route=\/wp\/v2\/types\/post"}],"author":[{"embeddable":true,"href":"https:\/\/construcaocivil.siriusmarketingedesign.com.br\/index.php?rest_route=\/wp\/v2\/users\/1"}],"replies":[{"embeddable":true,"href":"https:\/\/construcaocivil.siriusmarketingedesign.com.br\/index.php?rest_route=%2Fwp%2Fv2%2Fcomments&post=26414"}],"version-history":[{"count":0,"href":"https:\/\/construcaocivil.siriusmarketingedesign.com.br\/index.php?rest_route=\/wp\/v2\/posts\/26414\/revisions"}],"wp:featuredmedia":[{"embeddable":true,"href":"https:\/\/construcaocivil.siriusmarketingedesign.com.br\/index.php?rest_route=\/wp\/v2\/media\/26424"}],"wp:attachment":[{"href":"https:\/\/construcaocivil.siriusmarketingedesign.com.br\/index.php?rest_route=%2Fwp%2Fv2%2Fmedia&parent=26414"}],"wp:term":[{"taxonomy":"category","embeddable":true,"href":"https:\/\/construcaocivil.siriusmarketingedesign.com.br\/index.php?rest_route=%2Fwp%2Fv2%2Fcategories&post=26414"},{"taxonomy":"post_tag","embeddable":true,"href":"https:\/\/construcaocivil.siriusmarketingedesign.com.br\/index.php?rest_route=%2Fwp%2Fv2%2Ftags&post=26414"}],"curies":[{"name":"wp","href":"https:\/\/api.w.org\/{rel}","templated":true}]}}