{"id":26441,"date":"2025-12-05T18:09:22","date_gmt":"2025-12-05T21:09:22","guid":{"rendered":"https:\/\/www.jornaldaconstrucaocivil.com.br\/?p=26441"},"modified":"2025-12-05T18:09:22","modified_gmt":"2025-12-05T21:09:22","slug":"tramontina-esta-entre-as-marcas-mais-prestigiadas-do-setor-de-construcao-civil","status":"publish","type":"post","link":"https:\/\/construcaocivil.siriusmarketingedesign.com.br\/?p=26441","title":{"rendered":"Tramontina est\u00e1 entre as marcas mais prestigiadas do setor de constru\u00e7\u00e3o civil"},"content":{"rendered":"<p style=\"text-align: justify;\"><em><strong>Reconhecida pelos lojistas em todo o Brasil, Tramontina \u00e9 destaque no 29\u00ba Pr\u00eamio Melhor Produto do Ano e amplia sua presen\u00e7a em solu\u00e7\u00f5es para o mercado da constru\u00e7\u00e3o<\/strong><\/em><\/p>\n<p style=\"text-align: justify;\">Dezembro, 2025 &#8211; A Tramontina encerra 2025 consolidando seu desempenho no mercado de materiais de constru\u00e7\u00e3o. A marca foi reconhecida no 29\u00ba Pr\u00eamio Melhor Produto do Ano, promovido pelo Grupo Revenda, com nove produtos entre os mais bem avaliados por lojistas de todo o pa\u00eds, que elegem os itens com melhor rentabilidade e desempenho no ponto de venda.<\/p>\n<p style=\"text-align: justify;\">Entre os premiados, a Tramontina conquistou 1\u00ba lugar com o Carrinho de M\u00e3o Extra Forte, o Conjunto de Ferramentas Met\u00e1licas para Jardim (3 pe\u00e7as), a Cuba de Embutir Dora 50 BL R6 em A\u00e7o Inox Escovado com V\u00e1lvula 50&#215;40 cm e a Mangueira Flex com 4 camadas. A marca tamb\u00e9m recebeu 2\u00ba lugar com os Minidisjuntores de 3KA, 4,5KA, 6KA e 10KA, o Conjunto Interruptor e Tomada Liz e Plugue Macho 2P, al\u00e9m do Adaptador Conversor 2P. J\u00e1 o Eletroduto Corrugado 3\/4 &#8211; DN 25 &#8211; 50 metros ficou em 3\u00ba lugar, e as Brocas para Concreto e A\u00e7o R\u00e1pido HSS em 4\u00ba lugar.<\/p>\n<p style=\"text-align: justify;\">A cerim\u00f4nia de entrega dos trof\u00e9us ocorreu em 3 de dezembro de 2025, no SECOVI\/SP, em S\u00e3o Paulo, reunindo ind\u00fastrias, distribuidores e lojistas de todo o pa\u00eds. O Pr\u00eamio Melhor Produto do Ano \u00e9 resultado da vota\u00e7\u00e3o dos participantes do Top Of Mind Revenda Constru\u00e7\u00e3o, que elegem os produtos de maior relev\u00e2ncia no ponto de venda. A pesquisa abrange as quatro principais regi\u00f5es do Brasil e identifica itens que geram valor tanto pelo desempenho comercial quanto pela for\u00e7a da marca.<\/p>\n<p style=\"text-align: justify;\">Em novembro, o desempenho da Tramontina tamb\u00e9m foi reconhecido no 34\u00ba Pr\u00eamio Anamaco, promovido pela Associa\u00e7\u00e3o Nacional dos Comerciantes de Material de Constru\u00e7\u00e3o. A marca foi destaque em cinco categorias e recebeu o Pr\u00eamio M\u00e1ster no quesito Interruptores, Plugues e Tomadas, refor\u00e7ando sua lideran\u00e7a no segmento e sua refer\u00eancia junto a revendedores e profissionais do setor.<\/p>\n<p style=\"text-align: justify;\">\u201cAgradecemos a confian\u00e7a dos lojistas em nossas solu\u00e7\u00f5es para constru\u00e7\u00e3o. Essa rela\u00e7\u00e3o, baseada em qualidade, disponibilidade e evolu\u00e7\u00e3o do portf\u00f3lio, impulsiona nossa atua\u00e7\u00e3o no varejo ao longo de d\u00e9cadas. O reconhecimento fortalece nosso compromisso em seguir investindo em tecnologia, desempenho e variedade para atender um mercado cada vez mais exigente\u201d declara Cesar Vieceli, Diretor Corporativo da Tramontina.<\/p>\n","protected":false},"excerpt":{"rendered":"<p>Reconhecida pelos lojistas em todo o Brasil, Tramontina \u00e9 destaque no 29\u00ba Pr\u00eamio Melhor Produto do Ano e amplia sua presen\u00e7a em solu\u00e7\u00f5es para o mercado da constru\u00e7\u00e3o Dezembro, 2025 &#8211; A Tramontina encerra 2025 consolidando seu desempenho no mercado de materiais de constru\u00e7\u00e3o. A marca foi reconhecida no 29\u00ba Pr\u00eamio Melhor Produto do Ano, [&hellip;]<\/p>\n","protected":false},"author":1,"featured_media":26442,"comment_status":"open","ping_status":"open","sticky":false,"template":"","format":"standard","meta":{"_uag_custom_page_level_css":"","footnotes":""},"categories":[12591],"tags":[1935,4974,7362,11868],"class_list":["post-26441","post","type-post","status-publish","format-standard","has-post-thumbnail","hentry","category-produtos","tag-casa-e-jardim","tag-ferramentas","tag-material-de-construcao","tag-tramontina"],"blocksy_meta":[],"spectra_blocks_featured_image_url":{"thumbnail":{"url":"https:\/\/construcaocivil.siriusmarketingedesign.com.br\/wp-content\/uploads\/2025\/12\/unnamed-3-150x150.jpg","width":150,"height":150},"medium":{"url":"https:\/\/construcaocivil.siriusmarketingedesign.com.br\/wp-content\/uploads\/2025\/12\/unnamed-3-300x228.jpg","width":300,"height":228},"medium_large":{"url":"https:\/\/construcaocivil.siriusmarketingedesign.com.br\/wp-content\/uploads\/2025\/12\/unnamed-3-768x584.jpg","width":768,"height":584},"large":{"url":"https:\/\/construcaocivil.siriusmarketingedesign.com.br\/wp-content\/uploads\/2025\/12\/unnamed-3-1024x779.jpg","width":1024,"height":779},"full":{"url":"https:\/\/construcaocivil.siriusmarketingedesign.com.br\/wp-content\/uploads\/2025\/12\/unnamed-3.jpg","width":1772,"height":1348}},"spectra_blocks_author_info":{"display_name":"Jornal da Constru\u00e7\u00e3o Civil","avatar_url":"https:\/\/secure.gravatar.com\/avatar\/973c9774fd44ddaceb026973c4962faa70fc512bc4c9da68e8ebb40fecee6540?s=96&d=mm&r=g","author_link":"https:\/\/construcaocivil.siriusmarketingedesign.com.br\/?author=1","description":"Desde de 2013, levando muitas informa\u00e7\u00f5es, lan\u00e7amentos e produtos de qualidade para toda cadeia produtiva da constru\u00e7\u00e3o. O Futuro da constru\u00e7\u00e3o passa por aqui,"},"uagb_featured_image_src":{"full":["https:\/\/construcaocivil.siriusmarketingedesign.com.br\/wp-content\/uploads\/2025\/12\/unnamed-3.jpg",1772,1348,false],"thumbnail":["https:\/\/construcaocivil.siriusmarketingedesign.com.br\/wp-content\/uploads\/2025\/12\/unnamed-3-150x150.jpg",150,150,true],"medium":["https:\/\/construcaocivil.siriusmarketingedesign.com.br\/wp-content\/uploads\/2025\/12\/unnamed-3-300x228.jpg",300,228,true],"medium_large":["https:\/\/construcaocivil.siriusmarketingedesign.com.br\/wp-content\/uploads\/2025\/12\/unnamed-3-768x584.jpg",768,584,true],"large":["https:\/\/construcaocivil.siriusmarketingedesign.com.br\/wp-content\/uploads\/2025\/12\/unnamed-3-1024x779.jpg",1024,779,true],"1536x1536":["https:\/\/construcaocivil.siriusmarketingedesign.com.br\/wp-content\/uploads\/2025\/12\/unnamed-3-1536x1168.jpg",1536,1168,true],"2048x2048":["https:\/\/construcaocivil.siriusmarketingedesign.com.br\/wp-content\/uploads\/2025\/12\/unnamed-3.jpg",1772,1348,false]},"uagb_author_info":{"display_name":"Jornal da Constru\u00e7\u00e3o Civil","author_link":"https:\/\/construcaocivil.siriusmarketingedesign.com.br\/?author=1"},"uagb_comment_info":0,"uagb_excerpt":"Reconhecida pelos lojistas em todo o Brasil, Tramontina \u00e9 destaque no 29\u00ba Pr\u00eamio Melhor Produto do Ano e amplia sua presen\u00e7a em solu\u00e7\u00f5es para o mercado da constru\u00e7\u00e3o Dezembro, 2025 &#8211; A Tramontina encerra 2025 consolidando seu desempenho no mercado de materiais de constru\u00e7\u00e3o. A marca foi reconhecida no 29\u00ba Pr\u00eamio Melhor Produto do Ano,&hellip;","_links":{"self":[{"href":"https:\/\/construcaocivil.siriusmarketingedesign.com.br\/index.php?rest_route=\/wp\/v2\/posts\/26441","targetHints":{"allow":["GET"]}}],"collection":[{"href":"https:\/\/construcaocivil.siriusmarketingedesign.com.br\/index.php?rest_route=\/wp\/v2\/posts"}],"about":[{"href":"https:\/\/construcaocivil.siriusmarketingedesign.com.br\/index.php?rest_route=\/wp\/v2\/types\/post"}],"author":[{"embeddable":true,"href":"https:\/\/construcaocivil.siriusmarketingedesign.com.br\/index.php?rest_route=\/wp\/v2\/users\/1"}],"replies":[{"embeddable":true,"href":"https:\/\/construcaocivil.siriusmarketingedesign.com.br\/index.php?rest_route=%2Fwp%2Fv2%2Fcomments&post=26441"}],"version-history":[{"count":0,"href":"https:\/\/construcaocivil.siriusmarketingedesign.com.br\/index.php?rest_route=\/wp\/v2\/posts\/26441\/revisions"}],"wp:featuredmedia":[{"embeddable":true,"href":"https:\/\/construcaocivil.siriusmarketingedesign.com.br\/index.php?rest_route=\/wp\/v2\/media\/26442"}],"wp:attachment":[{"href":"https:\/\/construcaocivil.siriusmarketingedesign.com.br\/index.php?rest_route=%2Fwp%2Fv2%2Fmedia&parent=26441"}],"wp:term":[{"taxonomy":"category","embeddable":true,"href":"https:\/\/construcaocivil.siriusmarketingedesign.com.br\/index.php?rest_route=%2Fwp%2Fv2%2Fcategories&post=26441"},{"taxonomy":"post_tag","embeddable":true,"href":"https:\/\/construcaocivil.siriusmarketingedesign.com.br\/index.php?rest_route=%2Fwp%2Fv2%2Ftags&post=26441"}],"curies":[{"name":"wp","href":"https:\/\/api.w.org\/{rel}","templated":true}]}}