{"id":26458,"date":"2025-12-11T18:56:09","date_gmt":"2025-12-11T21:56:09","guid":{"rendered":"https:\/\/www.jornaldaconstrucaocivil.com.br\/?p=26458"},"modified":"2025-12-11T18:56:09","modified_gmt":"2025-12-11T21:56:09","slug":"queda-de-arvores-carros-atingidos-e-geradores-parados-entenda-a-responsabilidade-dos-condominios","status":"publish","type":"post","link":"https:\/\/construcaocivil.siriusmarketingedesign.com.br\/?p=26458","title":{"rendered":"Queda de \u00e1rvores, carros atingidos e geradores parados: entenda a responsabilidade dos condom\u00ednios"},"content":{"rendered":"<p style=\"text-align: justify;\"><i>Advogada especialista em Direito Imobili\u00e1rio esclarece como condom\u00ednios devem agir diante de quedas de \u00e1rvores, danos a ve\u00edculos e falhas em geradores durante longos apag\u00f5es<\/i><\/p>\n<div>\n<p style=\"text-align: justify;\">Dezembro, 2025 &#8211; O aumento dos vendavais e tempestades nas \u00faltimas semanas trouxe \u00e0 tona d\u00favidas recorrentes entre moradores e s\u00edndicos:<strong>\u00a0quando uma \u00e1rvore do condom\u00ednio cai sobre ve\u00edculos, quem paga? O condom\u00ednio pode ser acionado judicialmente? E qual \u00e9 a responsabilidade sobre geradores durante apag\u00f5es prolongados?\u00a0<\/strong>Especialistas afirmam que a legisla\u00e7\u00e3o imp\u00f5e deveres claros aos condom\u00ednios, e falhas na manuten\u00e7\u00e3o podem gerar indeniza\u00e7\u00f5es.<\/p>\n<p style=\"text-align: justify;\">Os epis\u00f3dios recentes de fortes ventos e chuvas intensas t\u00eam causado estragos em condom\u00ednios residenciais e comerciais, gerando preju\u00edzos e conflitos entre moradores, s\u00edndicos e administradoras. As d\u00favidas mais comuns envolvem danos a ve\u00edculos, quedas de \u00e1rvores, falhas nas \u00e1reas comuns e interrup\u00e7\u00f5es prolongadas de energia que afetam diretamente a rotina dos cond\u00f4minos.<\/p>\n<p style=\"text-align: justify;\">De acordo com a advogada\u00a0<strong>Dra. <a href=\"https:\/\/www.instagram.com\/siglia.azevedo\/\">Siglia Azevedo<\/a><\/strong>, especialista em Direito Imobili\u00e1rio, o ponto principal est\u00e1 na\u00a0<strong>responsabilidade do condom\u00ednio pela manuten\u00e7\u00e3o de \u00e1reas comuns<\/strong>. \u201c<strong>Quando o condom\u00ednio n\u00e3o presta a devida manuten\u00e7\u00e3o preventiva, seja na poda de \u00e1rvores, na verifica\u00e7\u00e3o da estrutura ou na revis\u00e3o de equipamentos como geradores, ele pode ser responsabilizado pelos danos causados aos moradores<\/strong>\u201d, explica.<\/p>\n<p style=\"text-align: justify;\"><strong>Queda de \u00e1rvore do condom\u00ednio sobre carros: quem paga?<\/strong><\/p>\n<p style=\"text-align: justify;\">Se uma \u00e1rvore localizada dentro do condom\u00ednio cai e danifica ve\u00edculos estacionados, o condom\u00ednio pode ser obrigado a indenizar os cond\u00f4minos, desde que seja constatada falha de manuten\u00e7\u00e3o ou aus\u00eancia de poda.<br \/>\n\u201c<strong>A responsabilidade surge quando h\u00e1 neglig\u00eancia. Se existia recomenda\u00e7\u00e3o de poda, raiz comprometida, risco vis\u00edvel ou hist\u00f3rico de queixas ignoradas, o condom\u00ednio responde pelos danos materiais<\/strong>\u201d, destaca a <a href=\"https:\/\/www.instagram.com\/siglia.azevedo\/\">Dra. Siglia Azevedo<\/a>.<\/p>\n<p style=\"text-align: justify;\">Por outro lado, caso o evento seja totalmente imprevis\u00edvel e a manuten\u00e7\u00e3o esteja em dia, o condom\u00ednio pode n\u00e3o ser responsabilizado. Ainda assim, cabe ao s\u00edndico apresentar laudos e registros que comprovem as medidas preventivas adotadas.<\/p>\n<p style=\"text-align: justify;\"><strong>O condom\u00ednio pode ser acionado? Em quais situa\u00e7\u00f5es?<\/strong><\/p>\n<p style=\"text-align: justify;\">Sim. Moradores ou visitantes podem acionar o condom\u00ednio judicialmente quando houver ind\u00edcios de neglig\u00eancia estrutural ou falha na administra\u00e7\u00e3o.\u00a0<strong>Isso inclui:<\/strong><\/p>\n<ul style=\"text-align: justify;\">\n<li>\u00e1rvores sem manuten\u00e7\u00e3o;<\/li>\n<li>estruturas deterioradas;<\/li>\n<li>falta de inspe\u00e7\u00e3o preventiva;<\/li>\n<li>aus\u00eancia de respostas a solicita\u00e7\u00f5es anteriores dos moradores.<\/li>\n<\/ul>\n<p style=\"text-align: justify;\">\u201c<strong>O condom\u00ednio \u00e9 respons\u00e1vel por zelar pela seguran\u00e7a das \u00e1reas comuns. Sempre que houver omiss\u00e3o ou atraso injustificado em reparos essenciais, ele pode ser demandado judicialmente<\/strong>\u201d, afirma a especialista.<\/p>\n<p style=\"text-align: justify;\"><strong>Dever de manter geradores funcionando em apag\u00f5es prolongados<\/strong><\/p>\n<p style=\"text-align: justify;\">Com quedas de energia cada vez mais frequentes, geradores t\u00eam papel crucial em condom\u00ednios verticais, especialmente para garantir ilumina\u00e7\u00e3o, acessos, port\u00f5es, bombas d\u2019\u00e1gua e elevadores de emerg\u00eancia.<\/p>\n<p style=\"text-align: justify;\">\u201c<strong>Se o condom\u00ednio possui gerador, ele \u00e9 obrigado a manter o equipamento em pleno funcionamento. Falhas por falta de combust\u00edvel, revis\u00e3o ou testes peri\u00f3dicos configuram neglig\u00eancia e podem gerar responsabiliza\u00e7\u00e3o<\/strong>\u201d, alerta a Dra. Siglia Azevedo.<\/p>\n<p style=\"text-align: justify;\">A advogada refor\u00e7a que, caso o apag\u00e3o comprometa servi\u00e7os essenciais \u2014 como \u00e1gua, seguran\u00e7a, acessos ou circula\u00e7\u00e3o, moradores podem solicitar reparos imediatos, compensa\u00e7\u00f5es ou at\u00e9 acionar o s\u00edndico judicialmente dependendo da gravidade.<\/p>\n<p style=\"text-align: justify;\">Para evitar conflitos, a recomenda\u00e7\u00e3o \u00e9 que s\u00edndicos e administradoras mantenham rotinas rigorosas de manuten\u00e7\u00e3o e documentem todas as a\u00e7\u00f5es. Fotos, relat\u00f3rios, or\u00e7amentos e laudos t\u00e9cnicos s\u00e3o essenciais em situa\u00e7\u00f5es de vendavais ou acidentes.<\/p>\n<p style=\"text-align: justify;\">\u201c<strong>Epis\u00f3dios clim\u00e1ticos extremos s\u00e3o inevit\u00e1veis, mas cabe ao condom\u00ednio demonstrar que adotou todas as medidas preventivas. A informa\u00e7\u00e3o, a transpar\u00eancia e o cumprimento das obriga\u00e7\u00f5es evitam preju\u00edzos e disputas desnecess\u00e1rias<\/strong>\u201d, conclui a Dra. Siglia Azevedo.<\/p>\n<\/div>\n","protected":false},"excerpt":{"rendered":"<p>Advogada especialista em Direito Imobili\u00e1rio esclarece como condom\u00ednios devem agir diante de quedas de \u00e1rvores, danos a ve\u00edculos e falhas em geradores durante longos apag\u00f5es Dezembro, 2025 &#8211; O aumento dos vendavais e tempestades nas \u00faltimas semanas trouxe \u00e0 tona d\u00favidas recorrentes entre moradores e s\u00edndicos:\u00a0quando uma \u00e1rvore do condom\u00ednio cai sobre ve\u00edculos, quem paga? [&hellip;]<\/p>\n","protected":false},"author":1,"featured_media":26459,"comment_status":"open","ping_status":"open","sticky":false,"template":"","format":"standard","meta":{"_uag_custom_page_level_css":"","footnotes":""},"categories":[31],"tags":[15722,26210,4142,27975,27974],"class_list":["post-26458","post","type-post","status-publish","format-standard","has-post-thumbnail","hentry","category-infraestrutura","tag-sp","tag-direito-imobiliario","tag-empreendimentos-residenciais","tag-prejuizos-e-danos","tag-siglia-azevedo"],"blocksy_meta":[],"spectra_blocks_featured_image_url":{"thumbnail":{"url":"https:\/\/construcaocivil.siriusmarketingedesign.com.br\/wp-content\/uploads\/2025\/12\/101_25562-150x150.jpg","width":150,"height":150},"medium":{"url":"https:\/\/construcaocivil.siriusmarketingedesign.com.br\/wp-content\/uploads\/2025\/12\/101_25562-300x226.jpg","width":300,"height":226},"medium_large":{"url":"https:\/\/construcaocivil.siriusmarketingedesign.com.br\/wp-content\/uploads\/2025\/12\/101_25562-768x578.jpg","width":768,"height":578},"large":{"url":"https:\/\/construcaocivil.siriusmarketingedesign.com.br\/wp-content\/uploads\/2025\/12\/101_25562-1024x771.jpg","width":1024,"height":771},"full":{"url":"https:\/\/construcaocivil.siriusmarketingedesign.com.br\/wp-content\/uploads\/2025\/12\/101_25562-scaled.jpg","width":2560,"height":1927}},"spectra_blocks_author_info":{"display_name":"Jornal da Constru\u00e7\u00e3o Civil","avatar_url":"https:\/\/secure.gravatar.com\/avatar\/973c9774fd44ddaceb026973c4962faa70fc512bc4c9da68e8ebb40fecee6540?s=96&d=mm&r=g","author_link":"https:\/\/construcaocivil.siriusmarketingedesign.com.br\/?author=1","description":"Desde de 2013, levando muitas informa\u00e7\u00f5es, lan\u00e7amentos e produtos de qualidade para toda cadeia produtiva da constru\u00e7\u00e3o. O Futuro da constru\u00e7\u00e3o passa por aqui,"},"uagb_featured_image_src":{"full":["https:\/\/construcaocivil.siriusmarketingedesign.com.br\/wp-content\/uploads\/2025\/12\/101_25562-scaled.jpg",2560,1927,false],"thumbnail":["https:\/\/construcaocivil.siriusmarketingedesign.com.br\/wp-content\/uploads\/2025\/12\/101_25562-150x150.jpg",150,150,true],"medium":["https:\/\/construcaocivil.siriusmarketingedesign.com.br\/wp-content\/uploads\/2025\/12\/101_25562-300x226.jpg",300,226,true],"medium_large":["https:\/\/construcaocivil.siriusmarketingedesign.com.br\/wp-content\/uploads\/2025\/12\/101_25562-768x578.jpg",768,578,true],"large":["https:\/\/construcaocivil.siriusmarketingedesign.com.br\/wp-content\/uploads\/2025\/12\/101_25562-1024x771.jpg",1024,771,true],"1536x1536":["https:\/\/construcaocivil.siriusmarketingedesign.com.br\/wp-content\/uploads\/2025\/12\/101_25562-1536x1156.jpg",1536,1156,true],"2048x2048":["https:\/\/construcaocivil.siriusmarketingedesign.com.br\/wp-content\/uploads\/2025\/12\/101_25562-2048x1542.jpg",2048,1542,true]},"uagb_author_info":{"display_name":"Jornal da Constru\u00e7\u00e3o Civil","author_link":"https:\/\/construcaocivil.siriusmarketingedesign.com.br\/?author=1"},"uagb_comment_info":0,"uagb_excerpt":"Advogada especialista em Direito Imobili\u00e1rio esclarece como condom\u00ednios devem agir diante de quedas de \u00e1rvores, danos a ve\u00edculos e falhas em geradores durante longos apag\u00f5es Dezembro, 2025 &#8211; O aumento dos vendavais e tempestades nas \u00faltimas semanas trouxe \u00e0 tona d\u00favidas recorrentes entre moradores e s\u00edndicos:\u00a0quando uma \u00e1rvore do condom\u00ednio cai sobre ve\u00edculos, quem paga?&hellip;","_links":{"self":[{"href":"https:\/\/construcaocivil.siriusmarketingedesign.com.br\/index.php?rest_route=\/wp\/v2\/posts\/26458","targetHints":{"allow":["GET"]}}],"collection":[{"href":"https:\/\/construcaocivil.siriusmarketingedesign.com.br\/index.php?rest_route=\/wp\/v2\/posts"}],"about":[{"href":"https:\/\/construcaocivil.siriusmarketingedesign.com.br\/index.php?rest_route=\/wp\/v2\/types\/post"}],"author":[{"embeddable":true,"href":"https:\/\/construcaocivil.siriusmarketingedesign.com.br\/index.php?rest_route=\/wp\/v2\/users\/1"}],"replies":[{"embeddable":true,"href":"https:\/\/construcaocivil.siriusmarketingedesign.com.br\/index.php?rest_route=%2Fwp%2Fv2%2Fcomments&post=26458"}],"version-history":[{"count":0,"href":"https:\/\/construcaocivil.siriusmarketingedesign.com.br\/index.php?rest_route=\/wp\/v2\/posts\/26458\/revisions"}],"wp:featuredmedia":[{"embeddable":true,"href":"https:\/\/construcaocivil.siriusmarketingedesign.com.br\/index.php?rest_route=\/wp\/v2\/media\/26459"}],"wp:attachment":[{"href":"https:\/\/construcaocivil.siriusmarketingedesign.com.br\/index.php?rest_route=%2Fwp%2Fv2%2Fmedia&parent=26458"}],"wp:term":[{"taxonomy":"category","embeddable":true,"href":"https:\/\/construcaocivil.siriusmarketingedesign.com.br\/index.php?rest_route=%2Fwp%2Fv2%2Fcategories&post=26458"},{"taxonomy":"post_tag","embeddable":true,"href":"https:\/\/construcaocivil.siriusmarketingedesign.com.br\/index.php?rest_route=%2Fwp%2Fv2%2Ftags&post=26458"}],"curies":[{"name":"wp","href":"https:\/\/api.w.org\/{rel}","templated":true}]}}