{"id":2646,"date":"2016-07-18T19:09:32","date_gmt":"2016-07-18T19:09:32","guid":{"rendered":"http:\/\/www.jornaldaconstrucaocivil.com.br\/?p=2646"},"modified":"2016-07-18T19:09:32","modified_gmt":"2016-07-18T19:09:32","slug":"canteiro-escola-senai-petropolis-e-inaugurado-e-oferece-140-vagas-gratuitas-para-a-construcao-civil","status":"publish","type":"post","link":"https:\/\/construcaocivil.siriusmarketingedesign.com.br\/?p=2646","title":{"rendered":"Canteiro Escola SENAI Petr\u00f3polis \u00e9 inaugurado e oferece 140 vagas gratuitas para a Constru\u00e7\u00e3o Civil"},"content":{"rendered":"<p><span style=\"color: #000080;\"><strong>Novo espa\u00e7o para qualifica\u00e7\u00e3o da m\u00e3o de obra foi inaugurado na sexta-feira (15\/07) pelos presidentes da FIRJAN e do Sinduscon<\/strong><\/span><\/p>\n<p><span style=\"color: #800080;\">Petr\u00f3polis, 18 de julho de 2016.<\/span><\/p>\n<figure id=\"attachment_2647\" aria-describedby=\"caption-attachment-2647\" style=\"width: 257px\" class=\"wp-caption alignleft\"><a href=\"http:\/\/www.jornaldaconstrucaocivil.com.br\/wp-content\/uploads\/2016\/07\/Curso-Constru\u00e7\u00e3o-Civil-2.jpg\"><img loading=\"lazy\" decoding=\"async\" class=\"wp-image-2647\" src=\"http:\/\/www.jornaldaconstrucaocivil.com.br\/wp-content\/uploads\/2016\/07\/Curso-Constru\u00e7\u00e3o-Civil-2-683x1024.jpg\" alt=\"Curso Constru\u00e7\u00e3o Civil 2\" width=\"257\" height=\"386\" \/><\/a><figcaption id=\"caption-attachment-2647\" class=\"wp-caption-text\"><span style=\"color: #800080;\">Cursos que ser\u00e3o oferecidos no Canteiro Escola SENAI Petr\u00f3polis: pedreiro de alvenaria e aplicador de revestimentos cer\u00e2micos. Foto: Renata Mello<\/span><\/figcaption><\/figure>\n<p><span style=\"color: #000000;\">A ind\u00fastria da Constru\u00e7\u00e3o Civil ganhou um novo aliado para a forma\u00e7\u00e3o de profissionais. O Canteiro Escola SENAI Petr\u00f3polis tem o objetivo de preparar e aperfei\u00e7oar a m\u00e3o de obra do setor. O espa\u00e7o foi inaugurado na sexta-feira (15\/07) pelos presidentes do Sistema FIRJAN, Eduardo Eugenio Gouv\u00eaa Vieira, e do Sindicato da Ind\u00fastria da Constru\u00e7\u00e3o Civil de Petr\u00f3polis (Sinduscon), Ricardo Francisco.<\/span><\/p>\n<p><span style=\"color: #000000;\">O Canteiro Escola SENAI Petr\u00f3polis, instalado na unidade do SENAI no Bingen, vai ampliar a oferta de capacita\u00e7\u00e3o em Constru\u00e7\u00e3o Civil na regi\u00e3o. Os primeiros cursos programados j\u00e1 est\u00e3o com as inscri\u00e7\u00f5es abertas. Ao todo, ser\u00e3o 140 vagas para Aplicador de Revestimentos Cer\u00e2micos, Pedreiro de Alvenaria, Carpinteiro de Estruturas de Telhado, Eletricista de Obras e Montador de Pain\u00e9is El\u00e9tricos em turmas pela manh\u00e3 e \u00e0 noite. <\/span><\/p>\n<p><span style=\"color: #000000;\">O espa\u00e7o funcionar\u00e1 como um canteiro de obras real, onde os alunos colocar\u00e3o em pr\u00e1tica o que aprenderam em sala de aula. Eles poder\u00e3o vivenciar as diversas etapas da obra e utilizar m\u00e1quinas, ferramentas e equipamentos de ponta para ampliar as compet\u00eancias que depois ser\u00e3o utilizadas no ambiente de trabalho.<\/span><\/p>\n<p>&nbsp;<\/p>\n<figure id=\"attachment_2649\" aria-describedby=\"caption-attachment-2649\" style=\"width: 378px\" class=\"wp-caption alignright\"><a href=\"http:\/\/www.jornaldaconstrucaocivil.com.br\/wp-content\/uploads\/2016\/07\/Inaugura\u00e7\u00e3o-Canteiro-Escola-SENAI-Petr\u00f3polis-Foto-Renata-Mello-5313.jpg\"><img loading=\"lazy\" decoding=\"async\" class=\"wp-image-2649\" src=\"http:\/\/www.jornaldaconstrucaocivil.com.br\/wp-content\/uploads\/2016\/07\/Inaugura\u00e7\u00e3o-Canteiro-Escola-SENAI-Petr\u00f3polis-Foto-Renata-Mello-5313-1024x684.jpg\" alt=\"Inaugura\u00e7\u00e3o Canteiro Escola SENAI Petr\u00f3polis - Foto Renata Mello-5313\" width=\"378\" height=\"252\" \/><\/a><figcaption id=\"caption-attachment-2649\" class=\"wp-caption-text\"><span style=\"color: #800080;\">Presidente da Representa\u00e7\u00e3o da FIRJAN Serrana, Waltraud Keuper; Presidente da FIRJAN, Eduardo Eugenio Gouv\u00eaa Vieira; presidente do Sindicato da Ind\u00fastria da Constru\u00e7\u00e3o Civil (Sinduscon), Ricardo Francisco e diretor Executivo de Opera\u00e7\u00f5es, Alexandre dos Reis. Foto: Renata Mello.<\/span><\/figcaption><\/figure>\n<p><span style=\"color: #000000;\">Al\u00e9m de promover a forma\u00e7\u00e3o de profissionais, o Canteiro Escola tamb\u00e9m ir\u00e1 desenvolver compet\u00eancias que a\u00ad\u00ad\u00ad\u00adgre\u00ad\u00ad\u00ad\u00ad\u00ad\u00adguem valor \u00e0s construtoras, lembra o presidente do Sinduscon, Ricardo Francisco: \u201cAgora podemos expandir a nossa oferta de vagas para o setor. Os alunos ter\u00e3o contato com equipamentos modernos que visam o aumento da produtividade. O trabalhador sai do curso pronto, podendo trabalhar com mais velocidade, qualidade e efici\u00eancia\u201d.<\/span><\/p>\n<p><span style=\"color: #000000;\">As inscri\u00e7\u00f5es para os cursos de Constru\u00e7\u00e3o Civil, oferecidos pelo Sindicato da Constru\u00e7\u00e3o Civil e pelo SENAI Petr\u00f3polis, devem ser feitas diretamente na unidade do SENAI, na Rua Bingen 130, no Bingen.<\/span><\/p>\n<p><span style=\"color: #000000;\">Para participar o candidato deve ter mais de 16 anos e estar cursando ou j\u00e1 ter conclu\u00eddo o Ensino M\u00e9dio. \u00c9 necess\u00e1rio apresentar RG, CPF, comprovante de resid\u00eancia, duas fotos 3&#215;4 e, a autodeclarar\u00e3o de baixa renda. Em caso de menor de idade, a declara\u00e7\u00e3o dever\u00e1 ser assinada pelo respons\u00e1vel, anexando o CPF e RG.<\/span><\/p>\n<p><span style=\"color: #800000;\">Fonte:\u00a0Assessoria de Imprensa Regional\u00a0Serrana e Centro Sul-RJ<\/span><\/p>\n","protected":false},"excerpt":{"rendered":"<p>Novo espa\u00e7o para qualifica\u00e7\u00e3o da m\u00e3o de obra foi inaugurado na sexta-feira (15\/07) pelos presidentes da FIRJAN e do Sinduscon Petr\u00f3polis, 18 de julho de 2016. A ind\u00fastria da Constru\u00e7\u00e3o Civil ganhou um novo aliado para a forma\u00e7\u00e3o de profissionais. O Canteiro Escola SENAI Petr\u00f3polis tem o objetivo de preparar e aperfei\u00e7oar a m\u00e3o de [&hellip;]<\/p>\n","protected":false},"author":1,"featured_media":2651,"comment_status":"open","ping_status":"open","sticky":false,"template":"","format":"standard","meta":{"_uag_custom_page_level_css":"","footnotes":""},"categories":[27],"tags":[1815,1868,2826,4033,5096,8776,10118,10884,12181],"class_list":["post-2646","post","type-post","status-publish","format-standard","has-post-thumbnail","hentry","category-acontece","tag-canteiro-escola-senai","tag-carpinteiro-de-estruturas-de-telhado","tag-construcao-civil","tag-eletricista-de-obras-e-montador-de-paineis-eletricos","tag-firjan","tag-pedreiro-de-alvenaria","tag-regiao-serrana","tag-senai-petropolis","tag-vagas-gratuitas"],"blocksy_meta":[],"spectra_blocks_featured_image_url":[],"spectra_blocks_author_info":{"display_name":"Jornal da Constru\u00e7\u00e3o Civil","avatar_url":"https:\/\/secure.gravatar.com\/avatar\/973c9774fd44ddaceb026973c4962faa70fc512bc4c9da68e8ebb40fecee6540?s=96&d=mm&r=g","author_link":"https:\/\/construcaocivil.siriusmarketingedesign.com.br\/?author=1","description":"Desde de 2013, levando muitas informa\u00e7\u00f5es, lan\u00e7amentos e produtos de qualidade para toda cadeia produtiva da constru\u00e7\u00e3o. O Futuro da constru\u00e7\u00e3o passa por aqui,"},"uagb_featured_image_src":{"full":false,"thumbnail":false,"medium":false,"medium_large":false,"large":false,"1536x1536":false,"2048x2048":false},"uagb_author_info":{"display_name":"Jornal da Constru\u00e7\u00e3o Civil","author_link":"https:\/\/construcaocivil.siriusmarketingedesign.com.br\/?author=1"},"uagb_comment_info":0,"uagb_excerpt":"Novo espa\u00e7o para qualifica\u00e7\u00e3o da m\u00e3o de obra foi inaugurado na sexta-feira (15\/07) pelos presidentes da FIRJAN e do Sinduscon Petr\u00f3polis, 18 de julho de 2016. A ind\u00fastria da Constru\u00e7\u00e3o Civil ganhou um novo aliado para a forma\u00e7\u00e3o de profissionais. O Canteiro Escola SENAI Petr\u00f3polis tem o objetivo de preparar e aperfei\u00e7oar a m\u00e3o de&hellip;","_links":{"self":[{"href":"https:\/\/construcaocivil.siriusmarketingedesign.com.br\/index.php?rest_route=\/wp\/v2\/posts\/2646","targetHints":{"allow":["GET"]}}],"collection":[{"href":"https:\/\/construcaocivil.siriusmarketingedesign.com.br\/index.php?rest_route=\/wp\/v2\/posts"}],"about":[{"href":"https:\/\/construcaocivil.siriusmarketingedesign.com.br\/index.php?rest_route=\/wp\/v2\/types\/post"}],"author":[{"embeddable":true,"href":"https:\/\/construcaocivil.siriusmarketingedesign.com.br\/index.php?rest_route=\/wp\/v2\/users\/1"}],"replies":[{"embeddable":true,"href":"https:\/\/construcaocivil.siriusmarketingedesign.com.br\/index.php?rest_route=%2Fwp%2Fv2%2Fcomments&post=2646"}],"version-history":[{"count":0,"href":"https:\/\/construcaocivil.siriusmarketingedesign.com.br\/index.php?rest_route=\/wp\/v2\/posts\/2646\/revisions"}],"wp:attachment":[{"href":"https:\/\/construcaocivil.siriusmarketingedesign.com.br\/index.php?rest_route=%2Fwp%2Fv2%2Fmedia&parent=2646"}],"wp:term":[{"taxonomy":"category","embeddable":true,"href":"https:\/\/construcaocivil.siriusmarketingedesign.com.br\/index.php?rest_route=%2Fwp%2Fv2%2Fcategories&post=2646"},{"taxonomy":"post_tag","embeddable":true,"href":"https:\/\/construcaocivil.siriusmarketingedesign.com.br\/index.php?rest_route=%2Fwp%2Fv2%2Ftags&post=2646"}],"curies":[{"name":"wp","href":"https:\/\/api.w.org\/{rel}","templated":true}]}}