{"id":26471,"date":"2025-12-16T00:40:29","date_gmt":"2025-12-16T03:40:29","guid":{"rendered":"https:\/\/www.jornaldaconstrucaocivil.com.br\/?p=26471"},"modified":"2025-12-16T00:40:29","modified_gmt":"2025-12-16T03:40:29","slug":"zona-norte-de-niteroi-recebe-festival-de-cultura-preta-com-entrada-gratuita","status":"publish","type":"post","link":"https:\/\/construcaocivil.siriusmarketingedesign.com.br\/?p=26471","title":{"rendered":"Zona Norte de Niter\u00f3i recebe Festival de Cultura Preta com entrada gratuita"},"content":{"rendered":"<div>\n<div><b><i>Centro Cultural Cauby Peixoto recebe viv\u00eancias, shows, exposi\u00e7\u00f5es, baile charme e festival de cenas curtas nos dias 20 e 21\/12<\/i><\/b><\/div>\n<div><\/div>\n<p>A Zona Norte de Niter\u00f3i ser\u00e1 palco de um grande encontro cultural nos dias 20 (das 15h \u00e0s 21h) e 21\/12 (das 16h \u00e0s 21h), quando o Centro Cultural Cauby Peixoto, no Fonseca, receber o Festival Ajodun Artes Negras. O evento celebra e fortalece a express\u00e3o da cultura preta em suas m\u00faltiplas linguagens. A programa\u00e7\u00e3o, gratuita, re\u00fane viv\u00eancias, apresenta\u00e7\u00f5es art\u00edsticas, rodas de samba com o tradicional Samba Dandara; al\u00e9m de baile charme, grafite ao vivo, feira comunit\u00e1ria e uma s\u00e9rie de atividades.<\/p>\n<\/div>\n<div>\n<figure id=\"attachment_26473\" aria-describedby=\"caption-attachment-26473\" style=\"width: 300px\" class=\"wp-caption alignleft\"><img loading=\"lazy\" decoding=\"async\" class=\"size-medium wp-image-26473\" src=\"https:\/\/www.jornaldaconstrucaocivil.com.br\/wp-content\/uploads\/2025\/12\/Divulgacao-300x200.jpg\" alt=\"\" width=\"300\" height=\"200\" srcset=\"https:\/\/construcaocivil.siriusmarketingedesign.com.br\/wp-content\/uploads\/2025\/12\/Divulgacao-300x200.jpg 300w, https:\/\/construcaocivil.siriusmarketingedesign.com.br\/wp-content\/uploads\/2025\/12\/Divulgacao-1024x683.jpg 1024w, https:\/\/construcaocivil.siriusmarketingedesign.com.br\/wp-content\/uploads\/2025\/12\/Divulgacao-768x512.jpg 768w, https:\/\/construcaocivil.siriusmarketingedesign.com.br\/wp-content\/uploads\/2025\/12\/Divulgacao-1536x1024.jpg 1536w, https:\/\/construcaocivil.siriusmarketingedesign.com.br\/wp-content\/uploads\/2025\/12\/Divulgacao-2048x1365.jpg 2048w, https:\/\/construcaocivil.siriusmarketingedesign.com.br\/wp-content\/uploads\/2025\/12\/Divulgacao-200x133.jpg 200w\" sizes=\"auto, (max-width: 300px) 100vw, 300px\" \/><figcaption id=\"caption-attachment-26473\" class=\"wp-caption-text\">Festival Ajodun Artes Negras. Divulga\u00e7\u00e3o<\/figcaption><\/figure>\n<p>Inspirado no termo iorub\u00e1 Ajodun, que significa \u201ccelebra\u00e7\u00e3o\u201d ou \u201cfestival\u201d, o evento contar\u00e1 com a apresenta\u00e7\u00e3o da influenciadora digital Negrita, atriz, modelo e universit\u00e1ria. O encontro, que tem patroc\u00ednio da Secretaria das Culturas, prop\u00f5e uma imers\u00e3o nas artes negras, valorizando o legado afro-brasileiro e destacando a pot\u00eancia criativa de artistas locais. Sob uma curadoria que une tradi\u00e7\u00e3o e modernidade, o festival constr\u00f3i uma narrativa que atravessa o territ\u00f3rio, as mem\u00f3rias e as express\u00f5es urbanas que moldam o cotidiano das periferias.<\/p>\n<p>No dia 20\/12 ter\u00e1 Artes C\u00eanicas e as Artes de Terreiro, aprofundando o di\u00e1logo com a ancestralidade afro-diasp\u00f3rica. \u00c0s 16h, acontece o Festival de Cenas Curtas de Teatro, com cinco apresenta\u00e7\u00f5es: Coletivo Ag\u00f4 (Cena Ax\u00e9), Coletivo Cena Del\u00edrio (Cena Del\u00edrio), Cia Expressart (Ningu\u00e9m me Ensinou a Morrer) e Cia Pluma de Teatro (Tina N\u00e3o Mora Mais Aqui). O j\u00fari t\u00e9cnico ser\u00e1 composto por Tatiana Henrique, Denilson Graco e Marcela Treze.<\/p>\n<p>A programa\u00e7\u00e3o inclui ainda degusta\u00e7\u00e3o gastron\u00f4mica de comidas de terreiro, DJs, feira da comunidade e diversas performances art\u00edsticas, encerrando o primeiro dia de evento com o tradicional Samba Dandara e convidados.<\/p>\n<p>J\u00e1 dia 21\/12 o evento inicia com programa\u00e7\u00e3o para a crian\u00e7ada com palha\u00e7aria e pintura de rosto. O dia seguir\u00e1 com as Artes Urbanas, uma programa\u00e7\u00e3o que reverbera a est\u00e9tica e a identidade preta contempor\u00e2nea. O p\u00fablico poder\u00e1 conferir exposi\u00e7\u00f5es de artes pl\u00e1sticas, grafite ao vivo e Baile Charme; al\u00e9m da Feira da Comunidade que re\u00fane empreendedores e fazedores de cultura das regi\u00f5es pr\u00f3ximas.<\/p>\n<p>&#8220;Como idealizador do Festival AJODUN &#8211; Artes Negras, celebrar esta edi\u00e7\u00e3o \u00e9 muito simb\u00f3lico. Estamos\u00a0reocupando\u00a0um espa\u00e7o que ficou anos abandonado e que hoje, reconstru\u00eddo pela Secretaria das Culturas, se tornou o primeiro Centro Municipal da Zona Norte de Niter\u00f3i. Trazer um festival que celebra est\u00e9ticas negras para este territ\u00f3rio \u00e9 reviver e criar novas\u00a0mem\u00f3ria, devolver vida e representatividade ao lugar, uma tecnologia ancestral\u201d, afirmou Raphael Campello, idealizador ao lado de Bruna Andrade, diretora de produ\u00e7\u00e3o e tamb\u00e9m idealizadora do festival.<\/p>\n<div>O Ajodun Artes Negras acontece a partir das 15h, com entrada gratuita e classifica\u00e7\u00e3o livre, no Centro Cultural Cauby Peixoto, localizado na Alameda S\u00e3o Boaventura, n\u00ba 263, no\u00a0Fonseca em Niter\u00f3i.<\/div>\n<\/div>\n<div><\/div>\n","protected":false},"excerpt":{"rendered":"<p>Centro Cultural Cauby Peixoto recebe viv\u00eancias, shows, exposi\u00e7\u00f5es, baile charme e festival de cenas curtas nos dias 20 e 21\/12 A Zona Norte de Niter\u00f3i ser\u00e1 palco de um grande encontro cultural nos dias 20 (das 15h \u00e0s 21h) e 21\/12 (das 16h \u00e0s 21h), quando o Centro Cultural Cauby Peixoto, no Fonseca, receber o [&hellip;]<\/p>\n","protected":false},"author":1,"featured_media":26472,"comment_status":"open","ping_status":"open","sticky":false,"template":"","format":"standard","meta":{"_uag_custom_page_level_css":"","footnotes":""},"categories":[27],"tags":[27981,27982,8127],"class_list":["post-26471","post","type-post","status-publish","format-standard","has-post-thumbnail","hentry","category-acontece","tag-cultura-preta","tag-festival-ajodun-artes-negras","tag-niteroi"],"blocksy_meta":[],"spectra_blocks_featured_image_url":{"thumbnail":{"url":"https:\/\/construcaocivil.siriusmarketingedesign.com.br\/wp-content\/uploads\/2025\/12\/Divulgacao-74-150x150.jpeg","width":150,"height":150},"medium":{"url":"https:\/\/construcaocivil.siriusmarketingedesign.com.br\/wp-content\/uploads\/2025\/12\/Divulgacao-74-300x225.jpeg","width":300,"height":225},"medium_large":{"url":"https:\/\/construcaocivil.siriusmarketingedesign.com.br\/wp-content\/uploads\/2025\/12\/Divulgacao-74-768x576.jpeg","width":768,"height":576},"large":{"url":"https:\/\/construcaocivil.siriusmarketingedesign.com.br\/wp-content\/uploads\/2025\/12\/Divulgacao-74-1024x768.jpeg","width":1024,"height":768},"full":{"url":"https:\/\/construcaocivil.siriusmarketingedesign.com.br\/wp-content\/uploads\/2025\/12\/Divulgacao-74.jpeg","width":1080,"height":810}},"spectra_blocks_author_info":{"display_name":"Jornal da Constru\u00e7\u00e3o Civil","avatar_url":"https:\/\/secure.gravatar.com\/avatar\/973c9774fd44ddaceb026973c4962faa70fc512bc4c9da68e8ebb40fecee6540?s=96&d=mm&r=g","author_link":"https:\/\/construcaocivil.siriusmarketingedesign.com.br\/?author=1","description":"Desde de 2013, levando muitas informa\u00e7\u00f5es, lan\u00e7amentos e produtos de qualidade para toda cadeia produtiva da constru\u00e7\u00e3o. O Futuro da constru\u00e7\u00e3o passa por aqui,"},"uagb_featured_image_src":{"full":["https:\/\/construcaocivil.siriusmarketingedesign.com.br\/wp-content\/uploads\/2025\/12\/Divulgacao-74.jpeg",1080,810,false],"thumbnail":["https:\/\/construcaocivil.siriusmarketingedesign.com.br\/wp-content\/uploads\/2025\/12\/Divulgacao-74-150x150.jpeg",150,150,true],"medium":["https:\/\/construcaocivil.siriusmarketingedesign.com.br\/wp-content\/uploads\/2025\/12\/Divulgacao-74-300x225.jpeg",300,225,true],"medium_large":["https:\/\/construcaocivil.siriusmarketingedesign.com.br\/wp-content\/uploads\/2025\/12\/Divulgacao-74-768x576.jpeg",768,576,true],"large":["https:\/\/construcaocivil.siriusmarketingedesign.com.br\/wp-content\/uploads\/2025\/12\/Divulgacao-74-1024x768.jpeg",1024,768,true],"1536x1536":["https:\/\/construcaocivil.siriusmarketingedesign.com.br\/wp-content\/uploads\/2025\/12\/Divulgacao-74.jpeg",1080,810,false],"2048x2048":["https:\/\/construcaocivil.siriusmarketingedesign.com.br\/wp-content\/uploads\/2025\/12\/Divulgacao-74.jpeg",1080,810,false]},"uagb_author_info":{"display_name":"Jornal da Constru\u00e7\u00e3o Civil","author_link":"https:\/\/construcaocivil.siriusmarketingedesign.com.br\/?author=1"},"uagb_comment_info":0,"uagb_excerpt":"Centro Cultural Cauby Peixoto recebe viv\u00eancias, shows, exposi\u00e7\u00f5es, baile charme e festival de cenas curtas nos dias 20 e 21\/12 A Zona Norte de Niter\u00f3i ser\u00e1 palco de um grande encontro cultural nos dias 20 (das 15h \u00e0s 21h) e 21\/12 (das 16h \u00e0s 21h), quando o Centro Cultural Cauby Peixoto, no Fonseca, receber o&hellip;","_links":{"self":[{"href":"https:\/\/construcaocivil.siriusmarketingedesign.com.br\/index.php?rest_route=\/wp\/v2\/posts\/26471","targetHints":{"allow":["GET"]}}],"collection":[{"href":"https:\/\/construcaocivil.siriusmarketingedesign.com.br\/index.php?rest_route=\/wp\/v2\/posts"}],"about":[{"href":"https:\/\/construcaocivil.siriusmarketingedesign.com.br\/index.php?rest_route=\/wp\/v2\/types\/post"}],"author":[{"embeddable":true,"href":"https:\/\/construcaocivil.siriusmarketingedesign.com.br\/index.php?rest_route=\/wp\/v2\/users\/1"}],"replies":[{"embeddable":true,"href":"https:\/\/construcaocivil.siriusmarketingedesign.com.br\/index.php?rest_route=%2Fwp%2Fv2%2Fcomments&post=26471"}],"version-history":[{"count":0,"href":"https:\/\/construcaocivil.siriusmarketingedesign.com.br\/index.php?rest_route=\/wp\/v2\/posts\/26471\/revisions"}],"wp:featuredmedia":[{"embeddable":true,"href":"https:\/\/construcaocivil.siriusmarketingedesign.com.br\/index.php?rest_route=\/wp\/v2\/media\/26472"}],"wp:attachment":[{"href":"https:\/\/construcaocivil.siriusmarketingedesign.com.br\/index.php?rest_route=%2Fwp%2Fv2%2Fmedia&parent=26471"}],"wp:term":[{"taxonomy":"category","embeddable":true,"href":"https:\/\/construcaocivil.siriusmarketingedesign.com.br\/index.php?rest_route=%2Fwp%2Fv2%2Fcategories&post=26471"},{"taxonomy":"post_tag","embeddable":true,"href":"https:\/\/construcaocivil.siriusmarketingedesign.com.br\/index.php?rest_route=%2Fwp%2Fv2%2Ftags&post=26471"}],"curies":[{"name":"wp","href":"https:\/\/api.w.org\/{rel}","templated":true}]}}