{"id":26489,"date":"2025-12-18T00:16:26","date_gmt":"2025-12-18T03:16:26","guid":{"rendered":"https:\/\/www.jornaldaconstrucaocivil.com.br\/?p=26489"},"modified":"2025-12-18T00:16:26","modified_gmt":"2025-12-18T03:16:26","slug":"sem-luz-no-natal-deputados-de-sao-paulo-pedem-intervencao-federal-na-concessionaria-enel-fonte-agencia-camara-de-noticias","status":"publish","type":"post","link":"https:\/\/construcaocivil.siriusmarketingedesign.com.br\/?p=26489","title":{"rendered":"SEM LUZ No Natal: Deputados de S\u00e3o Paulo pedem interven\u00e7\u00e3o federal na concession\u00e1ria Enel  Fonte: Ag\u00eancia C\u00e2mara de Not\u00edcias"},"content":{"rendered":"<p style=\"text-align: justify;\"><em><strong>Cerca de 2,2 milh\u00f5es moradores ficaram sem luz na capital paulista, na semana passada<\/strong><\/em><\/p>\n<p style=\"text-align: justify;\">Dezembro, 2025 &#8211; A bancada paulista encaminhou um of\u00edcio ao presidente da C\u00e2mara, Hugo Motta (Republicanos-PB), pedindo a interven\u00e7\u00e3o federal na Enel \u2013 concession\u00e1ria respons\u00e1vel pela distribui\u00e7\u00e3o de energia el\u00e9trica na grande S\u00e3o Paulo.<\/p>\n<p style=\"text-align: justify;\">O documento foi organizado pelo deputado Baleia Rossi (MDB-SP), com apoio do coordenador da bancada, deputado Jonas Donizette (PSB-SP), e outros 23 parlamentares, de governo e oposi\u00e7\u00e3o.<\/p>\n<p style=\"text-align: justify;\">Em entrevista ao programa <em>Painel Eletr\u00f4nico<\/em>, da R\u00e1dio C\u00e2mara, nesta ter\u00e7a-feira (16), Baleia Rossi disse que os \u00faltimos epis\u00f3dios de apag\u00e3o em S\u00e3o Paulo mostram a incompet\u00eancia da Enel em gerir a distribui\u00e7\u00e3o el\u00e9trica em S\u00e3o Paulo, com in\u00fameros preju\u00edzos para a popula\u00e7\u00e3o e o com\u00e9rcio da cidade.<\/p>\n<p><iframe loading=\"lazy\" title=\"Deputado Baleia Rossi defende interven\u00e7\u00e3o federal na concession\u00e1ria Enel em SP - 16\/12\/25\" width=\"1290\" height=\"726\" src=\"https:\/\/www.youtube.com\/embed\/qHCYIbU6fts?start=12&amp;feature=oembed\" frameborder=\"0\" allow=\"accelerometer; autoplay; clipboard-write; encrypted-media; gyroscope; picture-in-picture; web-share\" referrerpolicy=\"strict-origin-when-cross-origin\" allowfullscreen><\/iframe><\/p>\n<p style=\"text-align: justify;\">O parlamentar lembrou que houve apag\u00f5es tamb\u00e9m em 2023 e 2024 e afirmou que as condi\u00e7\u00f5es clim\u00e1ticas extremas, como os fortes ventos registrados na capital paulista na \u00faltima semana, n\u00e3o justificam os cortes de energia por dias.<\/p>\n<p style=\"text-align: justify;\">\u201cA Enel n\u00e3o presta bons servi\u00e7os e n\u00e3o est\u00e1 se modernizando, n\u00e3o est\u00e1 investindo. N\u00f3s queremos resolver o problema\u201d, declarou.<\/p>\n<p style=\"text-align: justify;\">Baleia Rossi destacou que a cobran\u00e7a vem tamb\u00e9m do prefeito de S\u00e3o Paulo, Ricardo Nunes, e do governador do estado, Tarc\u00edsio de Freitas.<\/p>\n<p style=\"text-align: justify;\">\u201cN\u00f3s temos deputados de esquerda, que s\u00e3o da base do governo, n\u00f3s temos deputados do centro, n\u00f3s temos deputados de direita, todos se uniram fazendo esse apelo para que o governo federal n\u00e3o renove essa concess\u00e3o\u201d, afirmou.<\/p>\n<p style=\"text-align: justify;\">\u201cH\u00e1 muitos anos, o povo de S\u00e3o Paulo sofre cada vez que aparece uma nuvem no c\u00e9u. A popula\u00e7\u00e3o fica apavorada porque sabe que vai ter problema com a energia e vai ficar sem geladeira\u201d, acrescentou.<\/p>\n<p style=\"text-align: justify;\">Baleia Rossi disse ainda que, embora o vendaval tenha ocorrido na semana passada, milhares de resid\u00eancias e com\u00e9rcios continuam sem luz em S\u00e3o Paulo. \u201cUma empresa que se disp\u00f5e a fornecer energia para uma cidade que tem 12 milh\u00f5es de habitantes n\u00e3o pode agir dessa maneira\u201d, afirmou.<\/p>\n<p style=\"text-align: justify;\">Em nota divulgada no domingo (14), o Minist\u00e9rio de Minas e Energia informou que a distribuidora de energia perder\u00e1 a concess\u00e3o no estado se descumprir \u00edndices de qualidade e obriga\u00e7\u00f5es contratuais previstas na regula\u00e7\u00e3o do setor. A concess\u00e3o da Enel em S\u00e3o Paulo vai at\u00e9 2028.<\/p>\n<p style=\"text-align: justify;\">Por sua vez, a Enel disse que no domingo havia restabelecido a energia para 99% dos clientes afetados pela ventania.<\/p>\n<section class=\"secao-principal\">\n<div class=\"container container--inner-page\">\n<article id=\"content-noticia\" class=\"g-artigo artigo--noticia\">\n<div class=\"g-artigo__texto-principal\">\n<div class=\"js-article-read-more\">\n<p>&nbsp;<\/p>\n<\/div>\n<\/div>\n<\/article>\n<\/div>\n<\/section>\n<section class=\"comentarios-conteiner\">\n<div id=\"comentario\" class=\"container container--inner-page\">\n<p class=\"g-artigo__data-hora\">\n<\/div>\n<\/section>\n<p style=\"text-align: justify;\">Fonte: Ag\u00eancia C\u00e2mara de Not\u00edcias<\/p>\n<p style=\"text-align: justify;\">\n<p style=\"text-align: justify;\">\n","protected":false},"excerpt":{"rendered":"<p>Cerca de 2,2 milh\u00f5es moradores ficaram sem luz na capital paulista, na semana passada Dezembro, 2025 &#8211; A bancada paulista encaminhou um of\u00edcio ao presidente da C\u00e2mara, Hugo Motta (Republicanos-PB), pedindo a interven\u00e7\u00e3o federal na Enel \u2013 concession\u00e1ria respons\u00e1vel pela distribui\u00e7\u00e3o de energia el\u00e9trica na grande S\u00e3o Paulo. O documento foi organizado pelo deputado Baleia [&hellip;]<\/p>\n","protected":false},"author":1,"featured_media":26490,"comment_status":"open","ping_status":"open","sticky":false,"template":"","format":"standard","meta":{"_uag_custom_page_level_css":"","footnotes":""},"categories":[29],"tags":[27989,1569,21371,27988,8127,10095,22871,26957],"class_list":["post-26489","post","type-post","status-publish","format-standard","has-post-thumbnail","hentry","category-energia","tag-apagao-em-sp","tag-brasilia","tag-crise-energetica","tag-enel-energia","tag-niteroi","tag-regiao-dos-lagos","tag-servicos-de-energia","tag-sp-sem-luz"],"blocksy_meta":[],"spectra_blocks_featured_image_url":{"thumbnail":{"url":"https:\/\/construcaocivil.siriusmarketingedesign.com.br\/wp-content\/uploads\/2025\/12\/images-1-150x144.jpg","width":150,"height":144},"medium":{"url":"https:\/\/construcaocivil.siriusmarketingedesign.com.br\/wp-content\/uploads\/2025\/12\/images-1-300x123.jpg","width":300,"height":123},"medium_large":{"url":"https:\/\/construcaocivil.siriusmarketingedesign.com.br\/wp-content\/uploads\/2025\/12\/images-1.jpg","width":350,"height":144},"large":{"url":"https:\/\/construcaocivil.siriusmarketingedesign.com.br\/wp-content\/uploads\/2025\/12\/images-1.jpg","width":350,"height":144},"full":{"url":"https:\/\/construcaocivil.siriusmarketingedesign.com.br\/wp-content\/uploads\/2025\/12\/images-1.jpg","width":350,"height":144}},"spectra_blocks_author_info":{"display_name":"Jornal da Constru\u00e7\u00e3o Civil","avatar_url":"https:\/\/secure.gravatar.com\/avatar\/973c9774fd44ddaceb026973c4962faa70fc512bc4c9da68e8ebb40fecee6540?s=96&d=mm&r=g","author_link":"https:\/\/construcaocivil.siriusmarketingedesign.com.br\/?author=1","description":"Desde de 2013, levando muitas informa\u00e7\u00f5es, lan\u00e7amentos e produtos de qualidade para toda cadeia produtiva da constru\u00e7\u00e3o. O Futuro da constru\u00e7\u00e3o passa por aqui,"},"uagb_featured_image_src":{"full":["https:\/\/construcaocivil.siriusmarketingedesign.com.br\/wp-content\/uploads\/2025\/12\/images-1.jpg",350,144,false],"thumbnail":["https:\/\/construcaocivil.siriusmarketingedesign.com.br\/wp-content\/uploads\/2025\/12\/images-1-150x144.jpg",150,144,true],"medium":["https:\/\/construcaocivil.siriusmarketingedesign.com.br\/wp-content\/uploads\/2025\/12\/images-1-300x123.jpg",300,123,true],"medium_large":["https:\/\/construcaocivil.siriusmarketingedesign.com.br\/wp-content\/uploads\/2025\/12\/images-1.jpg",350,144,false],"large":["https:\/\/construcaocivil.siriusmarketingedesign.com.br\/wp-content\/uploads\/2025\/12\/images-1.jpg",350,144,false],"1536x1536":["https:\/\/construcaocivil.siriusmarketingedesign.com.br\/wp-content\/uploads\/2025\/12\/images-1.jpg",350,144,false],"2048x2048":["https:\/\/construcaocivil.siriusmarketingedesign.com.br\/wp-content\/uploads\/2025\/12\/images-1.jpg",350,144,false]},"uagb_author_info":{"display_name":"Jornal da Constru\u00e7\u00e3o Civil","author_link":"https:\/\/construcaocivil.siriusmarketingedesign.com.br\/?author=1"},"uagb_comment_info":0,"uagb_excerpt":"Cerca de 2,2 milh\u00f5es moradores ficaram sem luz na capital paulista, na semana passada Dezembro, 2025 &#8211; A bancada paulista encaminhou um of\u00edcio ao presidente da C\u00e2mara, Hugo Motta (Republicanos-PB), pedindo a interven\u00e7\u00e3o federal na Enel \u2013 concession\u00e1ria respons\u00e1vel pela distribui\u00e7\u00e3o de energia el\u00e9trica na grande S\u00e3o Paulo. O documento foi organizado pelo deputado Baleia&hellip;","_links":{"self":[{"href":"https:\/\/construcaocivil.siriusmarketingedesign.com.br\/index.php?rest_route=\/wp\/v2\/posts\/26489","targetHints":{"allow":["GET"]}}],"collection":[{"href":"https:\/\/construcaocivil.siriusmarketingedesign.com.br\/index.php?rest_route=\/wp\/v2\/posts"}],"about":[{"href":"https:\/\/construcaocivil.siriusmarketingedesign.com.br\/index.php?rest_route=\/wp\/v2\/types\/post"}],"author":[{"embeddable":true,"href":"https:\/\/construcaocivil.siriusmarketingedesign.com.br\/index.php?rest_route=\/wp\/v2\/users\/1"}],"replies":[{"embeddable":true,"href":"https:\/\/construcaocivil.siriusmarketingedesign.com.br\/index.php?rest_route=%2Fwp%2Fv2%2Fcomments&post=26489"}],"version-history":[{"count":0,"href":"https:\/\/construcaocivil.siriusmarketingedesign.com.br\/index.php?rest_route=\/wp\/v2\/posts\/26489\/revisions"}],"wp:featuredmedia":[{"embeddable":true,"href":"https:\/\/construcaocivil.siriusmarketingedesign.com.br\/index.php?rest_route=\/wp\/v2\/media\/26490"}],"wp:attachment":[{"href":"https:\/\/construcaocivil.siriusmarketingedesign.com.br\/index.php?rest_route=%2Fwp%2Fv2%2Fmedia&parent=26489"}],"wp:term":[{"taxonomy":"category","embeddable":true,"href":"https:\/\/construcaocivil.siriusmarketingedesign.com.br\/index.php?rest_route=%2Fwp%2Fv2%2Fcategories&post=26489"},{"taxonomy":"post_tag","embeddable":true,"href":"https:\/\/construcaocivil.siriusmarketingedesign.com.br\/index.php?rest_route=%2Fwp%2Fv2%2Ftags&post=26489"}],"curies":[{"name":"wp","href":"https:\/\/api.w.org\/{rel}","templated":true}]}}